{"id":58961,"date":"2025-11-15T20:15:50","date_gmt":"2025-11-15T20:15:50","guid":{"rendered":"https:\/\/influencias.do\/?p=58961"},"modified":"2025-11-15T20:15:50","modified_gmt":"2025-11-15T20:15:50","slug":"jce-realiza-con-exito-cuarto-simulacro-de-evacuacion-por-sismo-en-su-sede-central","status":"publish","type":"post","link":"https:\/\/influencias.do\/index.php\/2025\/11\/15\/jce-realiza-con-exito-cuarto-simulacro-de-evacuacion-por-sismo-en-su-sede-central\/","title":{"rendered":"JCE realiza con \u00e9xito cuarto simulacro de evacuaci\u00f3n por sismo en su sede central"},"content":{"rendered":"<p style=\"font-weight: 400; text-align: justify;\">\n<p style=\"font-weight: 400; text-align: justify;\">Santo Domingo. &#8211; La Junta Central Electoral (JCE) realiz\u00f3 con \u00e9xito su cuarto ejercicio del plan de evacuaci\u00f3n y simulacro de terremoto. Durante el desarrollo del mismo el personal y usuarios procedieron a salir de los cinco edificios de la sede central tras escuchar la alarma, acci\u00f3n que se ejecut\u00f3 en aproximadamente cinco minutos.<\/p>\n<p style=\"font-weight: 400; text-align: justify;\">Con este ejercicio, realizado la tarde del viernes, en el que intervinieron miembros del Cuerpo de Bomberos de Santo Domingo Oeste y del Sistema Nacional de Atenci\u00f3n a Emergencias y Seguridad (9-1-1), la instituci\u00f3n prob\u00f3 las medidas implementadas en el Plan de Evacuaci\u00f3n y Simulacro que garantizan la seguridad y bienestar de sus colaboradores y visitantes, en caso de ocurrir un desastre.<\/p>\n<p style=\"font-weight: 400; text-align: justify;\">Emilio Madera P\u00e9rez, encargado de Investigaci\u00f3n y en representaci\u00f3n de la Direcci\u00f3n de Seguridad Civil, destac\u00f3 la colaboraci\u00f3n del personal que condujo la ejecuci\u00f3n del ejercicio, as\u00ed como la acogida de los colaboradores de la instituci\u00f3n para responder a las indicaciones durante la evacuaci\u00f3n ante una cat\u00e1strofe simulada.<\/p>\n<p style=\"font-weight: 400; text-align: justify;\">Expres\u00f3 que durante el simulacro se moviliz\u00f3 el personal de la sede central, se activaron las alarmas contra incendios y el ejercicio forma parte de los requerimientos de la norma ISO 22301, de la Continuidad de Negocio.<\/p>\n<p style=\"font-weight: 400; text-align: justify;\">Agreg\u00f3 que la medida se inscribe dentro del Plan de Prevenci\u00f3n y Protecci\u00f3n que el \u00f3rgano electoral implementa de acuerdo con los lineamientos del Sistema de Gesti\u00f3n Integrado (SGI).<\/p>\n<p style=\"font-weight: 400; text-align: justify;\">Como parte del personal que condujo la ejecuci\u00f3n del ejercicio estuvieron C\u00e9sar Mer\u00e1n, subdirector de Seguridad; Kelvin Alexis Mar\u00eda, asistente del director; y Samuel Mambr\u00fa, subencargado de la Unidad Integral de Gesti\u00f3n de Riesgos.<\/p>\n<p style=\"font-weight: 400;\">\n","protected":false},"excerpt":{"rendered":"<p>Santo Domingo. &#8211; La Junta Central Electoral (JCE) realiz\u00f3 con \u00e9xito su cuarto ejercicio del plan de evacuaci\u00f3n y simulacro de terremoto. Durante el desarrollo del mismo el personal y usuarios procedieron a salir de los cinco edificios de la sede central tras escuchar la alarma, acci\u00f3n que se ejecut\u00f3 en aproximadamente cinco minutos. Con [&hellip;]<\/p>\n","protected":false},"author":1,"featured_media":58962,"comment_status":"open","ping_status":"open","sticky":false,"template":"","format":"standard","meta":{"_bbp_topic_count":0,"_bbp_reply_count":0,"_bbp_total_topic_count":0,"_bbp_total_reply_count":0,"_bbp_voice_count":0,"_bbp_anonymous_reply_count":0,"_bbp_topic_count_hidden":0,"_bbp_reply_count_hidden":0,"_bbp_forum_subforum_count":0,"content-type":"","iawp_total_views":0,"footnotes":""},"categories":[105],"tags":[],"class_list":{"0":"post-58961","1":"post","2":"type-post","3":"status-publish","4":"format-standard","5":"has-post-thumbnail","7":"category-nacionales"},"_links":{"self":[{"href":"https:\/\/influencias.do\/index.php\/wp-json\/wp\/v2\/posts\/58961","targetHints":{"allow":["GET"]}}],"collection":[{"href":"https:\/\/influencias.do\/index.php\/wp-json\/wp\/v2\/posts"}],"about":[{"href":"https:\/\/influencias.do\/index.php\/wp-json\/wp\/v2\/types\/post"}],"author":[{"embeddable":true,"href":"https:\/\/influencias.do\/index.php\/wp-json\/wp\/v2\/users\/1"}],"replies":[{"embeddable":true,"href":"https:\/\/influencias.do\/index.php\/wp-json\/wp\/v2\/comments?post=58961"}],"version-history":[{"count":1,"href":"https:\/\/influencias.do\/index.php\/wp-json\/wp\/v2\/posts\/58961\/revisions"}],"predecessor-version":[{"id":58963,"href":"https:\/\/influencias.do\/index.php\/wp-json\/wp\/v2\/posts\/58961\/revisions\/58963"}],"wp:featuredmedia":[{"embeddable":true,"href":"https:\/\/influencias.do\/index.php\/wp-json\/wp\/v2\/media\/58962"}],"wp:attachment":[{"href":"https:\/\/influencias.do\/index.php\/wp-json\/wp\/v2\/media?parent=58961"}],"wp:term":[{"taxonomy":"category","embeddable":true,"href":"https:\/\/influencias.do\/index.php\/wp-json\/wp\/v2\/categories?post=58961"},{"taxonomy":"post_tag","embeddable":true,"href":"https:\/\/influencias.do\/index.php\/wp-json\/wp\/v2\/tags?post=58961"}],"curies":[{"name":"wp","href":"https:\/\/api.w.org\/{rel}","templated":true}]}}