{"id":58242,"date":"2025-10-30T17:40:11","date_gmt":"2025-10-30T17:40:11","guid":{"rendered":"https:\/\/influencias.do\/?p=58242"},"modified":"2025-10-30T17:40:30","modified_gmt":"2025-10-30T17:40:30","slug":"caasd-restablece-en-tiempo-record-acueductos-afectados-por-tormenta-tropical-melissa","status":"publish","type":"post","link":"https:\/\/influencias.do\/index.php\/2025\/10\/30\/caasd-restablece-en-tiempo-record-acueductos-afectados-por-tormenta-tropical-melissa\/","title":{"rendered":"CAASD restablece en tiempo r\u00e9cord acueductos afectados por tormenta tropical Melissa"},"content":{"rendered":"<p style=\"text-align: justify;\"><span style=\"color: #0a0a0a; font-family: inherit, serif;\"><b><span dir=\"auto\" style=\"vertical-align: inherit;\"><span dir=\"auto\" style=\"vertical-align: inherit;\">Santo Domingo<\/span><\/span><\/b><span dir=\"auto\" style=\"vertical-align: inherit;\"><span dir=\"auto\" style=\"vertical-align: inherit;\"> ,- La Corporaci\u00f3n del Acueducto y Alcantarillado de Santo Domingo (CAASD) inform\u00f3 que logr\u00f3 restablecer en tiempo r\u00e9cord los sistemas de agua potable afectados por las lluvias provocadas por la tormenta tropical Melissa, que impact\u00f3 el territorio nacional en los \u00faltimos d\u00edas.\u00a0<\/span><\/span><\/span><\/p>\n<p style=\"text-align: justify;\"><span style=\"color: #0a0a0a; font-family: inherit, serif;\"><span dir=\"auto\" style=\"vertical-align: inherit;\"><span dir=\"auto\" style=\"vertical-align: inherit;\">El director general de la instituci\u00f3n, Felipe \u201cFellito\u201d Suberv\u00ed, explic\u00f3 que, como consecuencia del paso del fen\u00f3meno atmosf\u00e9rico, en las cuencas de los r\u00edos que sirven de fuente a los acueductos se registraron intensas precipitaciones que incrementaron de manera significativa la turbiedad del agua.<\/span><\/span><\/span><\/p>\n<p style=\"text-align: justify;\"><span style=\"color: #0a0a0a; font-family: inherit, serif;\"><span dir=\"auto\" style=\"vertical-align: inherit;\"><span dir=\"auto\" style=\"vertical-align: inherit;\">\u00a0\u201cProducto de esa situaci\u00f3n, los acueductos Isa Mana y Duey estuvieron fuera de servicio desde el d\u00eda 22 de octubre hasta la ma\u00f1ana del 26, cuando ambos entraron nuevamente en operaci\u00f3n\u201d, indic\u00f3 Suberv\u00ed.\u00a0<\/span><\/span><\/span><\/p>\n<p style=\"text-align: justify;\"><span style=\"color: #0a0a0a; font-family: inherit, serif;\"><span dir=\"auto\" style=\"vertical-align: inherit;\"><span dir=\"auto\" style=\"vertical-align: inherit;\">El funcionario agreg\u00f3 que la tormenta provoc\u00f3 diversas eventualidades electromec\u00e1nicas en sistemas de Santo Domingo Norte, Santo Domingo Este y el Distrito Nacional. &#8220;En Santo Domingo Este se nos quem\u00f3 un motor de 450 HP, pero estaba en reserva, por lo que no afect\u00f3 el servicio. Tambi\u00e9n se averi\u00f3 un motor de 150 HP en el campo de pozos La Joya y estamos trabajando para reponerlo&#8221;, explic\u00f3.\u00a0<\/span><\/span><\/span><\/p>\n<p><img loading=\"lazy\" loading=\"lazy\" decoding=\"async\" class=\" wp-image-58243 aligncenter\" src=\"https:\/\/influencias.do\/wp-content\/uploads\/2025\/10\/WhatsApp-Image-2025-10-30-at-09.44.09.jpeg\" alt=\"\" width=\"771\" height=\"434\" srcset=\"https:\/\/influencias.do\/wp-content\/uploads\/2025\/10\/WhatsApp-Image-2025-10-30-at-09.44.09.jpeg 1280w, https:\/\/influencias.do\/wp-content\/uploads\/2025\/10\/WhatsApp-Image-2025-10-30-at-09.44.09-300x169.jpeg 300w, https:\/\/influencias.do\/wp-content\/uploads\/2025\/10\/WhatsApp-Image-2025-10-30-at-09.44.09-1024x576.jpeg 1024w, https:\/\/influencias.do\/wp-content\/uploads\/2025\/10\/WhatsApp-Image-2025-10-30-at-09.44.09-768x432.jpeg 768w, https:\/\/influencias.do\/wp-content\/uploads\/2025\/10\/WhatsApp-Image-2025-10-30-at-09.44.09-860x484.jpeg 860w\" sizes=\"auto, (max-width: 771px) 100vw, 771px\" \/><\/p>\n<p style=\"text-align: justify;\"><span style=\"color: #0a0a0a; font-family: inherit, serif;\"><span dir=\"auto\" style=\"vertical-align: inherit;\"><span dir=\"auto\" style=\"vertical-align: inherit;\">En Santo Domingo Norte, se\u00f1al\u00f3 que 18 equipos de bombeo salieron de servicio, de los cuales 12 fueron reincorporados antes del domingo. \u201cEstamos trabajando para restablecer los seis restantes, ya que las aver\u00edas se deben principalmente a fallas relacionadas con la empresa distribuidora de energ\u00eda\u201d, precis\u00f3.\u00a0<\/span><\/span><\/span><\/p>\n<p style=\"text-align: justify;\"><span style=\"color: #0a0a0a; font-family: inherit, serif;\"><span dir=\"auto\" style=\"vertical-align: inherit;\"><span dir=\"auto\" style=\"vertical-align: inherit;\">Adem\u00e1s, inform\u00f3 que en la zona noroeste persisten problemas con un equipo en Rosa Duarte, por un banco de transformadores que se est\u00e1 verificando, as\u00ed como en Los Prados de Pantoja, donde el personal de Electromec\u00e1nica eval\u00faa la situaci\u00f3n. Tambi\u00e9n report\u00f3 un pozo en Lecher\u00eda con inconvenientes vinculados a la distribuidora de electricidad.\u00a0<\/span><\/span><\/span><\/p>\n<p style=\"text-align: justify;\"><span style=\"color: #0a0a0a; font-family: inherit, serif;\"><span dir=\"auto\" style=\"vertical-align: inherit;\"><span dir=\"auto\" style=\"vertical-align: inherit;\">El director de la CAASD destac\u00f3 que, pese a estos incidentes, los acueductos Valdesia, Isabela, Haina-Manoguayabo y Barrera de Salinidad continuaron operando con normalidad, aunque con un aumento en la dosificaci\u00f3n de sulfato de aluminio para garantizar la calidad del agua ante la alta turbidez.<\/span><\/span><\/span><\/p>\n<p style=\"text-align: justify;\"><span style=\"color: #0a0a0a; font-family: inherit, serif;\"><span dir=\"auto\" style=\"vertical-align: inherit;\"><span dir=\"auto\" style=\"vertical-align: inherit;\">\u00a0\u201cEn t\u00e9rminos generales, nuestros acueductos ya est\u00e1n operando en condiciones normales, con excepci\u00f3n de esas eventualidades electromec\u00e1nicas que nuestra brigada y las distribuidoras estamos resolviendo de manera conjunta\u201d, dijo.<\/span><\/span><\/span><\/p>\n","protected":false},"excerpt":{"rendered":"<p>Santo Domingo ,- La Corporaci\u00f3n del Acueducto y Alcantarillado de Santo Domingo (CAASD) inform\u00f3 que logr\u00f3 restablecer en tiempo r\u00e9cord los sistemas de agua potable afectados por las lluvias provocadas por la tormenta tropical Melissa, que impact\u00f3 el territorio nacional en los \u00faltimos d\u00edas.\u00a0 El director general de la instituci\u00f3n, Felipe \u201cFellito\u201d Suberv\u00ed, explic\u00f3 que, [&hellip;]<\/p>\n","protected":false},"author":1,"featured_media":58244,"comment_status":"open","ping_status":"open","sticky":false,"template":"","format":"standard","meta":{"_bbp_topic_count":0,"_bbp_reply_count":0,"_bbp_total_topic_count":0,"_bbp_total_reply_count":0,"_bbp_voice_count":0,"_bbp_anonymous_reply_count":0,"_bbp_topic_count_hidden":0,"_bbp_reply_count_hidden":0,"_bbp_forum_subforum_count":0,"content-type":"","iawp_total_views":0,"footnotes":""},"categories":[1],"tags":[874],"class_list":{"0":"post-58242","1":"post","2":"type-post","3":"status-publish","4":"format-standard","5":"has-post-thumbnail","7":"category-portada","8":"tag-caasd"},"_links":{"self":[{"href":"https:\/\/influencias.do\/index.php\/wp-json\/wp\/v2\/posts\/58242","targetHints":{"allow":["GET"]}}],"collection":[{"href":"https:\/\/influencias.do\/index.php\/wp-json\/wp\/v2\/posts"}],"about":[{"href":"https:\/\/influencias.do\/index.php\/wp-json\/wp\/v2\/types\/post"}],"author":[{"embeddable":true,"href":"https:\/\/influencias.do\/index.php\/wp-json\/wp\/v2\/users\/1"}],"replies":[{"embeddable":true,"href":"https:\/\/influencias.do\/index.php\/wp-json\/wp\/v2\/comments?post=58242"}],"version-history":[{"count":2,"href":"https:\/\/influencias.do\/index.php\/wp-json\/wp\/v2\/posts\/58242\/revisions"}],"predecessor-version":[{"id":58246,"href":"https:\/\/influencias.do\/index.php\/wp-json\/wp\/v2\/posts\/58242\/revisions\/58246"}],"wp:featuredmedia":[{"embeddable":true,"href":"https:\/\/influencias.do\/index.php\/wp-json\/wp\/v2\/media\/58244"}],"wp:attachment":[{"href":"https:\/\/influencias.do\/index.php\/wp-json\/wp\/v2\/media?parent=58242"}],"wp:term":[{"taxonomy":"category","embeddable":true,"href":"https:\/\/influencias.do\/index.php\/wp-json\/wp\/v2\/categories?post=58242"},{"taxonomy":"post_tag","embeddable":true,"href":"https:\/\/influencias.do\/index.php\/wp-json\/wp\/v2\/tags?post=58242"}],"curies":[{"name":"wp","href":"https:\/\/api.w.org\/{rel}","templated":true}]}}