{"id":58199,"date":"2025-10-29T20:15:30","date_gmt":"2025-10-29T20:15:30","guid":{"rendered":"https:\/\/influencias.do\/?p=58199"},"modified":"2025-10-29T20:18:44","modified_gmt":"2025-10-29T20:18:44","slug":"vecinos-cargan-decenas-de-cadaveres-del-letal-operativo-en-rio-de-janeiro","status":"publish","type":"post","link":"https:\/\/influencias.do\/index.php\/2025\/10\/29\/vecinos-cargan-decenas-de-cadaveres-del-letal-operativo-en-rio-de-janeiro\/","title":{"rendered":"Vecinos cargan decenas de cad\u00e1veres del letal operativo en R\u00edo de Janeiro"},"content":{"rendered":"\r\n<p style=\"text-align: justify;\">La plaza\u00a0de San Lucas empez\u00f3 a llenarse de cad\u00e1veres desde la madrugada de este mi\u00e9rcoles. Sin ropa, sin zapatos y dispuestos uno al lado del otro, cuerpos inertes fueron\u00a0trasladados por los vecinos del\u00a0Complejo de Penha, en la Zona Norte de R\u00edo de Janeiro.<\/p>\r\n<p style=\"text-align: justify;\">\r\n\r\n<\/p>\r\n<p style=\"text-align: justify;\">Los fallecidos, hallados entre matorrales, fueron dispuestos para que sus familiares y allegados pudieran identificarlos, mientras esperaban la llegada de los agentes de medicina legal. A algunos les dejaban a pecho descubierto con la idea de que los familiares identificaran un tatuaje, una marca, una se\u00f1a particular.<\/p>\r\n<p style=\"text-align: justify;\">\r\n\r\n<div class=\"wp-block-image\"><\/p>\r\n<figure class=\"aligncenter is-resized\" style=\"text-align: justify;\"><img loading=\"lazy\" loading=\"lazy\" decoding=\"async\" class=\"aligncenter\" src=\"https:\/\/mf.b37mrtl.ru\/actualidad\/public_images\/2025.10\/original\/6902493259bf5b138c52856c.jpg\" alt=\"\" width=\"713\" height=\"401\" \/>\r\n<figcaption class=\"wp-element-caption\">La gente est\u00e1 de pie junto a los cuerpos con un cartel que dice &#8220;Claudio Castro (gobernador de R\u00edo de Janeiro) asesino y terrorista&#8221;. 29 de octubre de 2025Silvia Izquierdo\u00a0\/ AP<\/figcaption>\r\n<\/figure>\r\n<p style=\"text-align: justify;\"><\/div>\r\n\r\n<\/p>\r\n<p style=\"text-align: justify;\">&#8220;En 36 a\u00f1os en la\u00a0favela, pasando por varias operaciones y matanzas, nunca he visto nada parecido a lo que estoy viendo hoy. Es algo nuevo.\u00a0<strong>Brutal y violento a un nivel desconocido<\/strong>&#8220;, dijo a\u00a0<a href=\"https:\/\/g1.globo.com\/rj\/rio-de-janeiro\/noticia\/2025\/10\/29\/corpos-sao-levados-por-moradores.ghtml\" target=\"_blank\" rel=\"noreferrer noopener\">G1<\/a>\u00a0el activista\u00a0Raull Santiago.<\/p>\r\n<p style=\"text-align: justify;\">\r\n\r\n<\/p>\r\n<p style=\"text-align: justify;\">Porque no es la primera vez que las favelas son\u00a0<a href=\"https:\/\/actualidad-rt.com\/actualidad\/570801-escenas-guerra-megaoperativo-policial-rio-janeiro\" target=\"_blank\" rel=\"noreferrer noopener\">escenario<\/a>\u00a0de enfrentamientos entre grupos criminales, como el Comando Vermelho, y la polic\u00eda militar. Sin embargo, la escena de hoy fue in\u00e9dita: decenas\u00a0de hombres asesinados que ni siquiera se tomaron en cuenta para el primer reporte oficial de bajas.<\/p>\r\n<p style=\"text-align: justify;\">\r\n\r\n<\/p>\r\n<p style=\"text-align: justify;\">Seg\u00fan\u00a0<a href=\"https:\/\/efe.com\/mundo\/2025-10-29\/operacion-crimen-organizado-favelas-rio-janeiro-cadaveres\/\" target=\"_blank\" rel=\"noreferrer noopener\">datos<\/a>\u00a0de EFE, las v\u00edctimas son 132, entre ellas, cuatro polic\u00edas. No obstante, el reporte que ofreci\u00f3 el\u00a0secretario de la Polic\u00eda Civil, Felipe Curi, asegura que solo hay\u00a0121. Ayer apenas contabilizaban 64.<\/p>\r\n<p style=\"text-align: justify;\">\r\n\r\n<div class=\"wp-block-image\"><\/p>\r\n<figure class=\"aligncenter is-resized\" style=\"text-align: justify;\"><img loading=\"lazy\" loading=\"lazy\" decoding=\"async\" class=\"aligncenter\" src=\"https:\/\/mf.b37mrtl.ru\/actualidad\/public_images\/2025.10\/original\/690249bbe9ff7101bc5d720d.jpg\" alt=\"\" width=\"678\" height=\"452\" \/>\r\n<figcaption class=\"wp-element-caption\">La gente est\u00e1 de pie junto a los cuerpos con un cartel que dice &#8220;Claudio Castro (gobernador de R\u00edo de Janeiro) asesino y terrorista&#8221;. 29 de octubre de 2025Silvia Izquierdo\u00a0\/ AP<\/figcaption>\r\n<\/figure>\r\n<p style=\"text-align: justify;\"><\/div>\r\n\r\n<\/p>\r\n<p style=\"text-align: justify;\">Las sospechas de que el brutal operativo hab\u00eda dejado m\u00e1s v\u00edctimas que las reportadas fueron inmediatas. El hallazgo de los cuerpos y su disposici\u00f3n en la plaza p\u00fablica convirtieron la desconfianza\u00a0en una certeza.<\/p>\r\n<p style=\"text-align: justify;\">\r\n\r\n<\/p>\r\n<h3 class=\"wp-block-heading\" style=\"text-align: justify;\">&#8220;Un \u00e9xito&#8221;<\/h3>\r\n<p style=\"text-align: justify;\">\r\n\r\n<\/p>\r\n<p style=\"text-align: justify;\">Antes de la batalla de cifras, el gobernador de R\u00edo de Janeiro, Brasil, Claudio Castro, defendi\u00f3 este mi\u00e9rcoles su megaoperativo policial, considerado\u00a0el<strong>\u00a0m\u00e1s letal de la historia<\/strong>\u00a0de esa ciudad.<\/p>\r\n<p style=\"text-align: justify;\">\r\n\r\n<\/p>\r\n<p style=\"text-align: justify;\">&#8220;No vamos a responder al ministro ni a la autoridad; no\u00a0<strong>queremos convertir este momento en una batalla pol\u00edtica<\/strong>. El mensaje es: \u00a1La lucha definitiva contra el crimen o nada! Tenemos la plena convicci\u00f3n de defender todo lo que hemos hecho&#8221;,\u00a0<a href=\"https:\/\/g1.globo.com\/rj\/rio-de-janeiro\/noticia\/2025\/10\/29\/governador-claudio-castro-ataca-criticos-ou-soma-ou-suma.ghtml\" target=\"_blank\" rel=\"noreferrer noopener\">expres\u00f3<\/a>\u00a0Castro en una conferencia de prensa.<\/p>\r\n<p style=\"text-align: justify;\">\r\n\r\n<\/p>\r\n<p style=\"text-align: justify;\">Durante el encuentro con los medios, Castro, quien milita en el Partido Liberal, el mismo espacio del expresidente Jair Bolsonaro, asegur\u00f3 que la cifra oficial no es de 64 muertos como se dijo el martes, sino de 58. Entre estos habr\u00eda, seg\u00fan \u00e9l,\u00a0<strong>&#8220;54 bandidos&#8221;<\/strong>. Para \u00e9l, solo los polic\u00edas eran &#8220;v\u00edctimas&#8221;.<\/p>\r\n<p style=\"text-align: justify;\">\r\n\r\n<\/p>\r\n<h3 class=\"wp-block-heading\" style=\"text-align: justify;\">&#8220;Extremadamente cruenta&#8221;<\/h3>\r\n<p style=\"text-align: justify;\">\r\n\r\n<\/p>\r\n<p style=\"text-align: justify;\">Por su parte, el ministro de Justicia de Brasil, Ricardo Lewandowski, se\u00f1al\u00f3 en Brasilia a la\u00a0<a href=\"https:\/\/www.metropoles.com\/brasil\/lewandowski-sobre-operacao-no-rj-1a-impressao-e-de-que-foi-violenta\" target=\"_blank\" rel=\"noreferrer noopener\">prensa<\/a>\u00a0local que la cuestionada operaci\u00f3n policial &#8220;fue extremadamente cruenta&#8221; y &#8220;<strong>especialmente violenta<\/strong>&#8220;. Adem\u00e1s, indic\u00f3 que har\u00e1n una investigaci\u00f3n para verificar si la acci\u00f3n &#8220;es compatible con el Estado democr\u00e1tico de derecho&#8221;.<\/p>\r\n<p style=\"text-align: justify;\">\r\n\r\n<\/p>\r\n<p style=\"text-align: justify;\">Antes de viajar a R\u00edo de Janeiro, Lewandowski indic\u00f3 que el presidente de Brasil, Luiz In\u00e1cio\u00a0<strong>Lula da Silva, qued\u00f3 &#8220;aterrado&#8221; por la cantidad de muertos y &#8220;sorprendido&#8221;<\/strong>\u00a0por que no le notificaron de la operaci\u00f3n las autoridades regionales de R\u00edo de Janeiro.<\/p>\r\n<p style=\"text-align: justify;\">\r\n\r\n<\/p>\r\n<p style=\"text-align: justify;\">Adem\u00e1s, el titular de Justicia coment\u00f3 que prev\u00e9 conversar con el gobernador Castro, para evaluar la situaci\u00f3n de seguridad y\u00a0<strong>estudiar c\u00f3mo el Gobierno Federal puede &#8220;apoyar&#8221;<\/strong>\u00a0a esa entidad, a los cuerpos de seguridad y, especialmente, a la poblaci\u00f3n, que fue la que result\u00f3 &#8220;duramente&#8221; impactada por estos hechos.<\/p>\r\n<p style=\"text-align: justify;\">\r\n\r\n<\/p>\r\n<p style=\"text-align: justify;\">Fuente RT<\/p>\r\n","protected":false},"excerpt":{"rendered":"<p>La plaza\u00a0de San Lucas empez\u00f3 a llenarse de cad\u00e1veres desde la madrugada de este mi\u00e9rcoles. Sin ropa, sin zapatos y dispuestos uno al lado del otro, cuerpos inertes fueron\u00a0trasladados por los vecinos del\u00a0Complejo de Penha, en la Zona Norte de R\u00edo de Janeiro. Los fallecidos, hallados entre matorrales, fueron dispuestos para que sus familiares y [&hellip;]<\/p>\n","protected":false},"author":1,"featured_media":58200,"comment_status":"open","ping_status":"open","sticky":false,"template":"","format":"standard","meta":{"_bbp_topic_count":0,"_bbp_reply_count":0,"_bbp_total_topic_count":0,"_bbp_total_reply_count":0,"_bbp_voice_count":0,"_bbp_anonymous_reply_count":0,"_bbp_topic_count_hidden":0,"_bbp_reply_count_hidden":0,"_bbp_forum_subforum_count":0,"content-type":"","iawp_total_views":0,"footnotes":""},"categories":[109],"tags":[],"class_list":{"0":"post-58199","1":"post","2":"type-post","3":"status-publish","4":"format-standard","5":"has-post-thumbnail","7":"category-internacionales"},"_links":{"self":[{"href":"https:\/\/influencias.do\/index.php\/wp-json\/wp\/v2\/posts\/58199","targetHints":{"allow":["GET"]}}],"collection":[{"href":"https:\/\/influencias.do\/index.php\/wp-json\/wp\/v2\/posts"}],"about":[{"href":"https:\/\/influencias.do\/index.php\/wp-json\/wp\/v2\/types\/post"}],"author":[{"embeddable":true,"href":"https:\/\/influencias.do\/index.php\/wp-json\/wp\/v2\/users\/1"}],"replies":[{"embeddable":true,"href":"https:\/\/influencias.do\/index.php\/wp-json\/wp\/v2\/comments?post=58199"}],"version-history":[{"count":2,"href":"https:\/\/influencias.do\/index.php\/wp-json\/wp\/v2\/posts\/58199\/revisions"}],"predecessor-version":[{"id":58202,"href":"https:\/\/influencias.do\/index.php\/wp-json\/wp\/v2\/posts\/58199\/revisions\/58202"}],"wp:featuredmedia":[{"embeddable":true,"href":"https:\/\/influencias.do\/index.php\/wp-json\/wp\/v2\/media\/58200"}],"wp:attachment":[{"href":"https:\/\/influencias.do\/index.php\/wp-json\/wp\/v2\/media?parent=58199"}],"wp:term":[{"taxonomy":"category","embeddable":true,"href":"https:\/\/influencias.do\/index.php\/wp-json\/wp\/v2\/categories?post=58199"},{"taxonomy":"post_tag","embeddable":true,"href":"https:\/\/influencias.do\/index.php\/wp-json\/wp\/v2\/tags?post=58199"}],"curies":[{"name":"wp","href":"https:\/\/api.w.org\/{rel}","templated":true}]}}