{"id":58195,"date":"2025-10-29T18:21:43","date_gmt":"2025-10-29T18:21:43","guid":{"rendered":"https:\/\/influencias.do\/?p=58195"},"modified":"2025-10-29T18:21:43","modified_gmt":"2025-10-29T18:21:43","slug":"la-onu-exige-por-abrumadora-mayoria-el-fin-del-bloqueo-de-ee-uu-a-cuba","status":"publish","type":"post","link":"https:\/\/influencias.do\/index.php\/2025\/10\/29\/la-onu-exige-por-abrumadora-mayoria-el-fin-del-bloqueo-de-ee-uu-a-cuba\/","title":{"rendered":"La ONU exige por abrumadora mayor\u00eda el fin del bloqueo de EE.UU. a Cuba"},"content":{"rendered":"<div class=\"ArticleView-title\">\n<h1 class=\"HeadLine-root HeadLine-type_2 \" style=\"text-align: justify;\"><\/h1>\n<\/div>\n<div>\n<div class=\"Text-root Text-type_5 ArticleView-text ViewText-root \">\n<p style=\"text-align: justify;\">Este mi\u00e9rcoles,\u00a0la Asamblea General\u00a0de la Organizaci\u00f3n de Naciones Unidas (ONU) conden\u00f3, por trig\u00e9sima\u00a0tercera oportunidad, el\u00a0embargo que mantiene EE.UU. contra Cuba desde hace m\u00e1s de seis d\u00e9cadas.<\/p>\n<p style=\"text-align: justify;\">Tras un debate que\u00a0<a href=\"https:\/\/actualidad.rt.com\/actualidad\/570607-debate-onu-fin-bloqueo-cuba\" target=\"_blank\" rel=\"noopener noreferrer\">comenz\u00f3<\/a>\u00a0el martes, la resoluci\u00f3n &#8220;Necesidad de poner fin al bloqueo econ\u00f3mico, comercial y financiero impuesto por los Estados Unidos de Am\u00e9rica contra Cuba&#8221;, presentada por La Habana,\u00a0<strong>recibi\u00f3\u00a0165\u00a0votos a favor, siete en contra\u00a0<\/strong>y 12 abstenciones<strong>.<\/strong><\/p>\n<p style=\"text-align: justify;\">Tradicionalmente EE.UU. e Israel votan en contra. En esta ocasi\u00f3n se sumaron cinco naciones m\u00e1s, entre ellas Argentina y Paraguay. Mientras que entre las abstencionistas aparecen Costa Rica y Ecuador.<\/p>\n<div class=\"EmbedBlock-root EmbedBlock-twitter\" style=\"text-align: justify;\">\n<div class=\"TwitterEmbed\">\n<div class=\"twitter-tweet twitter-tweet-rendered\"><iframe id=\"twitter-widget-0\" class=\"\" title=\"X Post\" src=\"https:\/\/platform.twitter.com\/embed\/Tweet.html?dnt=false&amp;embedId=twitter-widget-0&amp;features=eyJ0ZndfdGltZWxpbmVfbGlzdCI6eyJidWNrZXQiOltdLCJ2ZXJzaW9uIjpudWxsfSwidGZ3X2ZvbGxvd2VyX2NvdW50X3N1bnNldCI6eyJidWNrZXQiOnRydWUsInZlcnNpb24iOm51bGx9LCJ0ZndfdHdlZXRfZWRpdF9iYWNrZW5kIjp7ImJ1Y2tldCI6Im9uIiwidmVyc2lvbiI6bnVsbH0sInRmd19yZWZzcmNfc2Vzc2lvbiI6eyJidWNrZXQiOiJvbiIsInZlcnNpb24iOm51bGx9LCJ0ZndfZm9zbnJfc29mdF9pbnRlcnZlbnRpb25zX2VuYWJsZWQiOnsiYnVja2V0Ijoib24iLCJ2ZXJzaW9uIjpudWxsfSwidGZ3X21peGVkX21lZGlhXzE1ODk3Ijp7ImJ1Y2tldCI6InRyZWF0bWVudCIsInZlcnNpb24iOm51bGx9LCJ0ZndfZXhwZXJpbWVudHNfY29va2llX2V4cGlyYXRpb24iOnsiYnVja2V0IjoxMjA5NjAwLCJ2ZXJzaW9uIjpudWxsfSwidGZ3X3Nob3dfYmlyZHdhdGNoX3Bpdm90c19lbmFibGVkIjp7ImJ1Y2tldCI6Im9uIiwidmVyc2lvbiI6bnVsbH0sInRmd19kdXBsaWNhdGVfc2NyaWJlc190b19zZXR0aW5ncyI6eyJidWNrZXQiOiJvbiIsInZlcnNpb24iOm51bGx9LCJ0ZndfdXNlX3Byb2ZpbGVfaW1hZ2Vfc2hhcGVfZW5hYmxlZCI6eyJidWNrZXQiOiJvbiIsInZlcnNpb24iOm51bGx9LCJ0ZndfdmlkZW9faGxzX2R5bmFtaWNfbWFuaWZlc3RzXzE1MDgyIjp7ImJ1Y2tldCI6InRydWVfYml0cmF0ZSIsInZlcnNpb24iOm51bGx9LCJ0ZndfbGVnYWN5X3RpbWVsaW5lX3N1bnNldCI6eyJidWNrZXQiOnRydWUsInZlcnNpb24iOm51bGx9LCJ0ZndfdHdlZXRfZWRpdF9mcm9udGVuZCI6eyJidWNrZXQiOiJvbiIsInZlcnNpb24iOm51bGx9fQ%3D%3D&amp;frame=false&amp;hideCard=false&amp;hideThread=false&amp;id=1983560389146391038&amp;lang=es&amp;origin=https%3A%2F%2Factualidad.rt.com%2Factualidad%2F570777-onu-vuelve-condenar-bloqueo-eeuu-cuba&amp;sessionId=9e9c01caf15a1c4a5c63b7aaa2c6a593f518a869&amp;siteScreenName=ActualidadRT&amp;theme=light&amp;widgetsVersion=2615f7e52b7e0%3A1702314776716&amp;width=550px\" frameborder=\"0\" scrolling=\"no\" allowfullscreen=\"allowfullscreen\" data-tweet-id=\"1983560389146391038\" data-mce-fragment=\"1\"><\/iframe><\/div>\n<\/div>\n<\/div>\n<p style=\"text-align: justify;\">Inmediatamente el canciller cubano, Bruno Rodr\u00edguez,\u00a0<a href=\"https:\/\/x.com\/BrunoRguezP\/status\/1983559387957559428\" target=\"_blank\" rel=\"noopener noreferrer\">calific\u00f3<\/a>\u00a0en redes la votaci\u00f3n como una\u00a0<strong>&#8220;victoria de Cuba&#8221;<\/strong>, al tiempo que agradeci\u00f3 a los 165 Estados que votaron a favor. &#8220;Victoria de los pueblos. Victoria de la verdad frente a la mentira imperialista&#8221;, apunt\u00f3.<\/p>\n<p style=\"text-align: justify;\">Durante el debate,\u00a0Rodr\u00edguez manifest\u00f3 que &#8220;ninguna persona, familia o sector escapa a sus efectos cotidianos o devastadores&#8221; en la isla,\u00a0<strong>una violaci\u00f3n &#8220;flagrante&#8221; de los derechos humanos<\/strong>\u00a0de la sociedad antillana.<\/p>\n<p style=\"text-align: justify;\">Sostuvo que EE.UU. &#8220;priva de acceso&#8221; a Cuba a las fuentes de financiamiento, de remesas, de la producci\u00f3n de alimentos, entre otros aspectos, con el \u00fanico objetivo de\u00a0<strong>&#8220;provocar un estallido social que derive en un derrocamiento&#8221;<\/strong>\u00a0del Gobierno.<\/p>\n<figure class=\"RTImage-root\" style=\"text-align: justify;\">\n<div class=\"RTImage-image RTImage-original\"><picture class=\"Picture-root Picture-original\"><source srcset=\" \nhttps:\/\/mf.b37mrtl.ru\/actualidad\/public_images\/2025.10\/original\/6900fe2f59bf5b32d502438c.jpg 850w,\n                                    https:\/\/mf.b37mrtl.ru\/actualidad\/public_images\/2025.10\/article\/6900fe2f59bf5b32d502438c.jpg 1960w,            \" media=\"(-webkit-min-device-pixel-ratio: 2) and (min-resolution: 120dpi)\" sizes=\"912px\" data-srcset=\"\n                                            https:\/\/mf.b37mrtl.ru\/actualidad\/public_images\/2025.10\/original\/6900fe2f59bf5b32d502438c.jpg 850w,\n                                    https:\/\/mf.b37mrtl.ru\/actualidad\/public_images\/2025.10\/article\/6900fe2f59bf5b32d502438c.jpg 1960w,            \" \/><source srcset=\" \nhttps:\/\/mf.b37mrtl.ru\/actualidad\/public_images\/2025.10\/original\/6900fe2f59bf5b32d502438c.jpg 460w,\n                                  https:\/\/mf.b37mrtl.ru\/actualidad\/public_images\/2025.10\/article\/6900fe2f59bf5b32d502438c.jpg 980w,\n            \" sizes=\"912px\" data-srcset=\"\n                                            https:\/\/mf.b37mrtl.ru\/actualidad\/public_images\/2025.10\/original\/6900fe2f59bf5b32d502438c.jpg 460w,\n                                  https:\/\/mf.b37mrtl.ru\/actualidad\/public_images\/2025.10\/article\/6900fe2f59bf5b32d502438c.jpg 980w,\n            \" \/><img loading=\"lazy\" loading=\"lazy\" decoding=\"async\" class=\"Picture-root Picture-original lazyautosizes lazyloaded\" src=\"https:\/\/mf.b37mrtl.ru\/actualidad\/public_images\/2025.10\/original\/6900fe2f59bf5b32d502438c.jpg\" sizes=\"auto, 912px\" alt=\"\" width=\"589\" height=\"325\" data-sizes=\"auto\" data-src=\"https:\/\/mf.b37mrtl.ru\/actualidad\/public_images\/2025.10\/original\/6900fe2f59bf5b32d502438c.jpg\" \/><\/picture><\/div><figcaption class=\"RTImage-footer\"><span class=\"RTImage-caption\"><span class=\"RTImage-captionItem\">Bruno Rodr\u00edguez, canciller de Cuba<\/span><\/span><span class=\"RTImage-source\"><span class=\"RTImage-captionItem\">UN<\/span><\/span><\/figcaption><\/figure>\n<p style=\"text-align: justify;\">A\u00a0manera de ejemplo, mencion\u00f3 el caso del turismo, amenazada por las advertencias estadounidenses. &#8220;Hoy\u00a0<strong>se intimida a ciudadanos de m\u00e1s de 40 pa\u00edses<\/strong>\u00a0(\u2026) especialmente ciudadanos europeos&#8221;, para que no viajen a Cuba o habr\u00e1n sanciones, asegur\u00f3.<\/p>\n<p style=\"text-align: justify;\">Entre las medidas de EE.UU. contra la isla, reiter\u00f3 sus cr\u00edticas a su\u00a0<a href=\"https:\/\/esrt.space\/video\/550098-cuba-rechaza-inclusion-lista-eeuu\" target=\"_blank\" rel=\"noopener noreferrer\">inclusi\u00f3n<\/a>\u00a0en la &#8220;espuria&#8221; lista de pa\u00edses que patrocinan el terrorismo.\u00a0<strong>&#8220;Cuba\u00a0es un pa\u00eds de paz&#8221;<\/strong>, enfatiz\u00f3.<\/p>\n<p style=\"text-align: justify;\">&#8220;Injustificable presencia de Cuba en la lista unilateral y arbitraria que publica el Gobierno estadounidense de Estados que supuestamente patrocinan el terrorismo.\u00a0<strong>Cuba es un pa\u00eds v\u00edctima del terrorismo<\/strong>, as\u00ed lo hemos demostrado antes en esta asamblea. Durante a\u00f1os, y a\u00fan hoy, se organizan y financian contra el pa\u00eds actos terroristas desde el territorio de los EE.UU.&#8221;, dijo.<\/p>\n<h3 style=\"text-align: justify;\">El debate<\/h3>\n<p style=\"text-align: justify;\">Como ya es costumbre desde hace m\u00e1s de tres d\u00e9cadas, la mayor\u00eda de las delegaciones en la ONU, tanto en representaci\u00f3n de sus pa\u00edses como de organismos de integraci\u00f3n internacionales, expresaron su rechazo al embargo. Las misiones, adem\u00e1s de pedir el levantamiento del bloqueo, tambi\u00e9n exigieron\u00a0el\u00a0retiro de Cuba de la lista estadounidense de pa\u00edses que supuestamente\u00a0<a href=\"https:\/\/actualidad.rt.com\/actualidad\/549891-eeuu-cuba-pais-no-cooperante-respuesta\" target=\"_blank\" rel=\"noopener noreferrer\">patrocinan el terrorismo<\/a>.<\/p>\n<p style=\"text-align: justify;\">As\u00ed,\u00a0se pronunciaron en contra de la medida de Washington los representantes de la\u00a0Comunidad del Caribe (CARICOM), del\u00a0Grupo de los 77 y China,\u00a0del Grupo Africano, de la Asociaci\u00f3n de Naciones del Sudeste Asi\u00e1tico (ASEAN), del\u00a0Grupo de Amigos en Defensa de la Carta de las Naciones Unidas, entre otros.<\/p>\n<p style=\"text-align: justify;\">El representante permanente de Rusia ante Naciones Unidas, Vasili Nebenzia, dijo que la &#8220;guerra de sanciones&#8221; emprendida por EE.UU. contra Cuba, con el objetivo principal de\u00a0<strong>&#8220;derrocar a un gobierno que no les es favorable&#8221;<\/strong>, es &#8220;un ejemplo claro de injerencia traicionera en los asuntos internos de un Estado independiente&#8221;.<\/p>\n<figure class=\"RTImage-root\" style=\"text-align: justify;\">\n<div class=\"RTImage-image RTImage-original\"><picture class=\"Picture-root Picture-original\"><source srcset=\" \nhttps:\/\/mf.b37mrtl.ru\/actualidad\/public_images\/2025.10\/original\/6900fe2d59bf5b32d502438b.jpg 850w,\n                                    https:\/\/mf.b37mrtl.ru\/actualidad\/public_images\/2025.10\/article\/6900fe2d59bf5b32d502438b.jpg 1960w,            \" media=\"(-webkit-min-device-pixel-ratio: 2) and (min-resolution: 120dpi)\" sizes=\"912px\" data-srcset=\"\n                                            https:\/\/mf.b37mrtl.ru\/actualidad\/public_images\/2025.10\/original\/6900fe2d59bf5b32d502438b.jpg 850w,\n                                    https:\/\/mf.b37mrtl.ru\/actualidad\/public_images\/2025.10\/article\/6900fe2d59bf5b32d502438b.jpg 1960w,            \" \/><source srcset=\" \nhttps:\/\/mf.b37mrtl.ru\/actualidad\/public_images\/2025.10\/original\/6900fe2d59bf5b32d502438b.jpg 460w,\n                                  https:\/\/mf.b37mrtl.ru\/actualidad\/public_images\/2025.10\/article\/6900fe2d59bf5b32d502438b.jpg 980w,\n            \" sizes=\"912px\" data-srcset=\"\n                                            https:\/\/mf.b37mrtl.ru\/actualidad\/public_images\/2025.10\/original\/6900fe2d59bf5b32d502438b.jpg 460w,\n                                  https:\/\/mf.b37mrtl.ru\/actualidad\/public_images\/2025.10\/article\/6900fe2d59bf5b32d502438b.jpg 980w,\n            \" \/><img loading=\"lazy\" loading=\"lazy\" decoding=\"async\" class=\"Picture-root Picture-original lazyautosizes lazyloaded alignnone\" src=\"https:\/\/mf.b37mrtl.ru\/actualidad\/public_images\/2025.10\/original\/6900fe2d59bf5b32d502438b.jpg\" sizes=\"auto, 912px\" alt=\"\" width=\"628\" height=\"354\" data-sizes=\"auto\" data-src=\"https:\/\/mf.b37mrtl.ru\/actualidad\/public_images\/2025.10\/original\/6900fe2d59bf5b32d502438b.jpg\" \/><\/picture><\/div><figcaption class=\"RTImage-footer\"><span class=\"RTImage-caption\"><span class=\"RTImage-captionItem\">El representante permanente de Rusia ante Naciones Unidas, Vasili Nebenzia<\/span><\/span><span class=\"RTImage-source\"><span class=\"RTImage-captionItem\">Gettyimages.ru<\/span><\/span><\/figcaption><\/figure>\n<p style=\"text-align: justify;\">Asimismo, se\u00f1al\u00f3 que, desde el punto de vista humanitario, el embargo &#8220;es el principal obst\u00e1culo a la plena realizaci\u00f3n de los derechos humanos en Cuba, especialmente en los \u00e1mbitos de la salud, la educaci\u00f3n, la seguridad energ\u00e9tica y alimentaria&#8221;.<\/p>\n<p style=\"text-align: justify;\">Entretanto, el\u00a0representante permanente de Venezuela en la\u00a0ONU, Samuel Moncada,\u00a0destac\u00f3 la importancia de apoyar a La Habana. &#8220;Mientras Cuba acude con m\u00e9dicos, los EE.UU. pone las masacres (&#8230;) Mientras EE.UU. exporta guerra, Cuba exporta vida, y eso es lo que el imperio quiere que no veamos, el ejemplo de un pueblo que resiste con dignidad&#8221;, indic\u00f3, al tiempo que subray\u00f3 que &#8220;<strong>votar por Cuba es votar por la justicia, por la paz y por la vida<\/strong>&#8220;.<\/p>\n<p style=\"text-align: justify;\">En su intervenci\u00f3n, la representante de Colombia, Leonor Zalabata, expres\u00f3 que no hay duda de que las medidas de EE.UU. &#8220;afectan de manera directa al pueblo cubano, obstaculizan su desarrollo econ\u00f3mico y social, restringen el acceso a insumos esenciales y bienes humanitarios, limitan sus transacciones financieras y encarecen sus operaciones comerciales y log\u00edsticas&#8221;.<\/p>\n<div class=\"ReadMore-root Section-root Section-is1to3-xs_is1to1\" style=\"text-align: justify;\" data-widgets=\"ReadMore\">\n<div class=\"Section-container Section-isRow-isTop-isWrap\">\n<article class=\"Card-root Card-is1to1 Card-default \">\n<div class=\"Card-imageWrap\">\n<div class=\"Card-picture\"><picture class=\"Picture-root Picture-default\"><source srcset=\" \nhttps:\/\/mf.b37mrtl.ru\/actualidad\/public_images\/2025.10\/thumbnail\/68f941f3e9ff7120f924b2d8.jpg 850w,\n                                    https:\/\/mf.b37mrtl.ru\/actualidad\/public_images\/2025.10\/article\/68f941f3e9ff7120f924b2d7.jpg 1960w,            \" media=\"(-webkit-min-device-pixel-ratio: 2) and (min-resolution: 120dpi)\" sizes=\"280px\" data-srcset=\"\n                                            https:\/\/mf.b37mrtl.ru\/actualidad\/public_images\/2025.10\/thumbnail\/68f941f3e9ff7120f924b2d8.jpg 850w,\n                                    https:\/\/mf.b37mrtl.ru\/actualidad\/public_images\/2025.10\/article\/68f941f3e9ff7120f924b2d7.jpg 1960w,            \" \/><source srcset=\" \nhttps:\/\/mf.b37mrtl.ru\/actualidad\/public_images\/2025.10\/thumbnail\/68f941f3e9ff7120f924b2d8.jpg 460,\n                                  https:\/\/mf.b37mrtl.ru\/actualidad\/public_images\/2025.10\/article\/68f941f3e9ff7120f924b2d7.jpg 980w,\n            \" sizes=\"280px\" data-srcset=\"\n                                            https:\/\/mf.b37mrtl.ru\/actualidad\/public_images\/2025.10\/thumbnail\/68f941f3e9ff7120f924b2d8.jpg 460,\n                                  https:\/\/mf.b37mrtl.ru\/actualidad\/public_images\/2025.10\/article\/68f941f3e9ff7120f924b2d7.jpg 980w,\n            \" \/><img loading=\"lazy\" loading=\"lazy\" decoding=\"async\" class=\"Picture-root Picture-default lazyautosizes lazyloaded\" src=\"https:\/\/mf.b37mrtl.ru\/actualidad\/public_images\/2025.10\/thumbnail\/68f941f3e9ff7120f924b2d8.jpg\" sizes=\"auto, 280px\" alt=\"Cuba denuncia &quot;campa\u00f1a de presi\u00f3n&quot; de EE.UU. para que pa\u00edses voten a favor del bloqueo en la ONU\" width=\"596\" height=\"335\" data-sizes=\"auto\" data-src=\"https:\/\/mf.b37mrtl.ru\/actualidad\/public_images\/2025.10\/thumbnail\/68f941f3e9ff7120f924b2d8.jpg\" \/><\/picture><\/div>\n<\/div>\n<div class=\"Card-contentWrap\">\n<div class=\"Card-content\">\n<div class=\"Card-title\">\n<div class=\"HeaderNews-root HeaderNews-type_6 \"><a class=\"Link-root Link-isFullCard \" href=\"https:\/\/actualidad.rt.com\/actualidad\/569941-cuba-denuncia-presion-eeuu-bloqueo-onu\">Cuba denuncia &#8220;campa\u00f1a de presi\u00f3n&#8221; de EE.UU. para que pa\u00edses voten a favor del bloqueo en la ONU<\/a><\/div>\n<\/div>\n<\/div>\n<\/div>\n<\/article>\n<\/div>\n<\/div>\n<p style=\"text-align: justify;\">El\u00a0representante\u00a0permanente\u00a0de\u00a0Brasil, S\u00e9rgio Fran\u00e7a Danese, coment\u00f3, de igual forma, que el embargo contra Cuba &#8220;ha afectado gravemente el acceso del pa\u00eds a bienes esenciales, incluyendo medicamentos, tecnolog\u00edas, servicios y recursos financieros&#8221; y &#8220;ha limitado su capacidad para atraer la tan necesaria inversi\u00f3n extranjera&#8221;.<\/p>\n<p style=\"text-align: justify;\">Por su parte, el representante permanente de M\u00e9xico ante el organismo, H\u00e9ctor Vasconcelos, expres\u00f3 su rechazo al embargo\u00a0a Cuba, destacando que los Estados miembros de la ONU han votado &#8220;de manera abrumadora&#8221; en favor de levantar un bloqueo. Sin embargo, &#8220;hay un continuo desacato a esta voluntad mayoritaria de la comunidad internacional y de las resoluciones de esta Asamblea General&#8221;, apunt\u00f3.<\/p>\n<p style=\"text-align: justify;\">&#8220;Continuar la imposici\u00f3n, promover aplicar las ilegales medidas coercitivas unilaterales, econ\u00f3micas, pol\u00edticas o de cualquier \u00edndole, constituyen violaciones flagrantes del derecho internacional, el derecho humanitario y de la carta de Naciones Unidas&#8221;, manifest\u00f3\u00a0el representante de Nicaragua ante la ONU,\u00a0Jaime Hermida Castillo.<\/p>\n<h3 style=\"text-align: justify;\">Las p\u00e9rdidas<\/h3>\n<p style=\"text-align: justify;\">Seg\u00fan\u00a0el \u00faltimo\u00a0<a href=\"https:\/\/cubaminrex.cu\/es\/informe-de-cuba-sobre-la-resolucion-797-de-la-asamblea-general-de-las-naciones-unidas\" target=\"_blank\" rel=\"noopener noreferrer\">informe<\/a>\u00a0presentado por La Habana en septiembre pasado, el bloqueo ha representado p\u00e9rdidas a la isla por\u00a0<strong>7.556,1 millones de d\u00f3lares entre marzo de 2024 y febrero de 2025<\/strong>. &#8220;Representa un incremento del 49 % con respecto al per\u00edodo anterior&#8221;, cuando la afectaci\u00f3n fue de\u00a05.056,8 millones de d\u00f3lares.<\/p>\n<p style=\"text-align: justify;\">En el documento se detalla que todo ello representa una afectaci\u00f3n aproximada de m\u00e1s de 629 millones de d\u00f3lares mensuales, m\u00e1s de 20 millones d\u00f3lares diarios y m\u00e1s de\u00a0<strong>862.568 d\u00f3lares por &#8220;cada hora de bloqueo&#8221;<\/strong>.<\/p>\n<p style=\"text-align: justify;\">El Gobierno cubano indica, adem\u00e1s, que a precios corrientes los da\u00f1os acumulados durante m\u00e1s de seis d\u00e9cadas de aplicaci\u00f3n de esta pol\u00edtica ascienden a 170.677,2 millones de d\u00f3lares.<\/p>\n<p style=\"text-align: justify;\">&#8220;Tomando en cuenta el comportamiento del d\u00f3lar frente al valor del oro en el mercado internacional&#8221;, el bloqueo ha provocado perjuicios cuantificables por\u00a0<strong>m\u00e1s de 2,1 billones de d\u00f3lares<\/strong>\u00a0en las m\u00e1s de seis d\u00e9cadas, dice el informe.<\/p>\n<p style=\"text-align: justify;\">Fuente RT<\/p>\n<\/div>\n<\/div>\n","protected":false},"excerpt":{"rendered":"<p>Este mi\u00e9rcoles,\u00a0la Asamblea General\u00a0de la Organizaci\u00f3n de Naciones Unidas (ONU) conden\u00f3, por trig\u00e9sima\u00a0tercera oportunidad, el\u00a0embargo que mantiene EE.UU. contra Cuba desde hace m\u00e1s de seis d\u00e9cadas. Tras un debate que\u00a0comenz\u00f3\u00a0el martes, la resoluci\u00f3n &#8220;Necesidad de poner fin al bloqueo econ\u00f3mico, comercial y financiero impuesto por los Estados Unidos de Am\u00e9rica contra Cuba&#8221;, presentada por La [&hellip;]<\/p>\n","protected":false},"author":1,"featured_media":58196,"comment_status":"open","ping_status":"open","sticky":false,"template":"","format":"standard","meta":{"_bbp_topic_count":0,"_bbp_reply_count":0,"_bbp_total_topic_count":0,"_bbp_total_reply_count":0,"_bbp_voice_count":0,"_bbp_anonymous_reply_count":0,"_bbp_topic_count_hidden":0,"_bbp_reply_count_hidden":0,"_bbp_forum_subforum_count":0,"content-type":"","iawp_total_views":1,"footnotes":""},"categories":[1],"tags":[],"class_list":{"0":"post-58195","1":"post","2":"type-post","3":"status-publish","4":"format-standard","5":"has-post-thumbnail","7":"category-portada"},"_links":{"self":[{"href":"https:\/\/influencias.do\/index.php\/wp-json\/wp\/v2\/posts\/58195","targetHints":{"allow":["GET"]}}],"collection":[{"href":"https:\/\/influencias.do\/index.php\/wp-json\/wp\/v2\/posts"}],"about":[{"href":"https:\/\/influencias.do\/index.php\/wp-json\/wp\/v2\/types\/post"}],"author":[{"embeddable":true,"href":"https:\/\/influencias.do\/index.php\/wp-json\/wp\/v2\/users\/1"}],"replies":[{"embeddable":true,"href":"https:\/\/influencias.do\/index.php\/wp-json\/wp\/v2\/comments?post=58195"}],"version-history":[{"count":1,"href":"https:\/\/influencias.do\/index.php\/wp-json\/wp\/v2\/posts\/58195\/revisions"}],"predecessor-version":[{"id":58197,"href":"https:\/\/influencias.do\/index.php\/wp-json\/wp\/v2\/posts\/58195\/revisions\/58197"}],"wp:featuredmedia":[{"embeddable":true,"href":"https:\/\/influencias.do\/index.php\/wp-json\/wp\/v2\/media\/58196"}],"wp:attachment":[{"href":"https:\/\/influencias.do\/index.php\/wp-json\/wp\/v2\/media?parent=58195"}],"wp:term":[{"taxonomy":"category","embeddable":true,"href":"https:\/\/influencias.do\/index.php\/wp-json\/wp\/v2\/categories?post=58195"},{"taxonomy":"post_tag","embeddable":true,"href":"https:\/\/influencias.do\/index.php\/wp-json\/wp\/v2\/tags?post=58195"}],"curies":[{"name":"wp","href":"https:\/\/api.w.org\/{rel}","templated":true}]}}