{"id":58186,"date":"2025-10-29T13:44:59","date_gmt":"2025-10-29T13:44:59","guid":{"rendered":"https:\/\/influencias.do\/?p=58186"},"modified":"2025-10-29T13:44:59","modified_gmt":"2025-10-29T13:44:59","slug":"ministro-de-salud-asegura-que-no-hay-casos-de-colera-en-rd-se-refuerzan-medidas-preventivas","status":"publish","type":"post","link":"https:\/\/influencias.do\/index.php\/2025\/10\/29\/ministro-de-salud-asegura-que-no-hay-casos-de-colera-en-rd-se-refuerzan-medidas-preventivas\/","title":{"rendered":"Ministro de Salud asegura que no hay casos de c\u00f3lera en RD; se refuerzan medidas preventivas"},"content":{"rendered":"<p style=\"text-align: justify;\">\n<p style=\"text-align: justify;\"><strong>Santo Domingo.<\/strong> &#8211; El ministro de Salud, V\u00edctor Atallah, inform\u00f3 que en Rep\u00fablica Dominicana no se han registrado casos de c\u00f3lera y que se mantiene activado el protocolo de vigilancia y respuesta ante los casos reportados en Hait\u00ed, con el objetivo de reforzar las medidas preventivas y proteger a la poblaci\u00f3n, especialmente en las zonas fronterizas.<\/p>\n<p style=\"text-align: justify;\">Ante esto, se intensific\u00f3 la vigilancia epidemiol\u00f3gica en la zona fronteriza, en coordinaci\u00f3n con la Direcci\u00f3n General de Migraci\u00f3n, el Ministerio de Defensa y el Viceministerio de Gesti\u00f3n de Riesgo y Salud Ambiental.<\/p>\n<p style=\"text-align: justify;\">\u201cMandamos unas 86 personas a la zona, que est\u00e1n trabajando intensamente. Se realizan pruebas continuas de calidad del agua en diferentes puntos para detectar posibles contaminaciones, adem\u00e1s de distribuir materiales informativos en creol y espa\u00f1ol, y kits de higiene para promover el lavado de manos\u201d, indic\u00f3 Atallah.<\/p>\n<p style=\"text-align: justify;\">El ministro inform\u00f3 que, de manera preventiva, se dispuso el abastecimiento de medicamentos para estar preparados ante posibles casos sospechosos. Adem\u00e1s, se movilizaron equipos del Laboratorio Nacional de Referencia en Salud P\u00fablica Dr. Defill\u00f3, con el objetivo de garantizar la detecci\u00f3n oportuna y dar respuesta r\u00e1pida ante cualquier eventualidad.<\/p>\n<p style=\"text-align: justify;\">De igual manera, personal del Viceministerio de Gesti\u00f3n de Riesgo y Salud Ambiental recolecta muestras en diversos puntos del pa\u00eds, no solo en la frontera, sino tambi\u00e9n en otros afluentes, con el prop\u00f3sito de analizar la calidad del agua y detectar la presencia de organismos pat\u00f3genos que puedan provocar enfermedades diarreicas agudas.<\/p>\n<p style=\"text-align: justify;\">El Ministerio de Salud recomienda evitar el consumo de agua que no est\u00e9 debidamente procesada, ya sea para tomar o preparar alimentos. En caso de no contar con agua potable, se debe hervir o colocar cinco gotas de cloro por gal\u00f3n, antes de consumirla o usarla para cocinar. Asimismo, se exhorta a mantener una adecuada higiene de manos.<\/p>\n<p style=\"text-align: justify;\">Ante s\u00edntomas como diarrea o v\u00f3mito, se recomienda acudir de inmediato al centro de salud m\u00e1s cercano. Se recuerda que no toda diarrea o molestia estomacal es se\u00f1al de c\u00f3lera, ya que existen diversos pat\u00f3genos que causan enfermedades diarreicas agudas.<\/p>\n<p style=\"text-align: justify;\">Las autoridades de salud reiteran que en el pa\u00eds no se ha registrado ning\u00fan caso de c\u00f3lera y aseguran que se mantiene la vigilancia constante y el control sanitario permanente en los puntos fronterizos.<br \/>\n\u201cHasta el momento quiero reiterar que no hay ning\u00fan caso de c\u00f3lera activo en el pa\u00eds. Tenemos control total de la zona y nuestros equipos est\u00e1n trabajando de manera continua\u201d, enfatiz\u00f3 el ministro de Salud.<\/p>\n","protected":false},"excerpt":{"rendered":"<p>Santo Domingo. &#8211; El ministro de Salud, V\u00edctor Atallah, inform\u00f3 que en Rep\u00fablica Dominicana no se han registrado casos de c\u00f3lera y que se mantiene activado el protocolo de vigilancia y respuesta ante los casos reportados en Hait\u00ed, con el objetivo de reforzar las medidas preventivas y proteger a la poblaci\u00f3n, especialmente en las zonas [&hellip;]<\/p>\n","protected":false},"author":1,"featured_media":58187,"comment_status":"open","ping_status":"open","sticky":false,"template":"","format":"standard","meta":{"_bbp_topic_count":0,"_bbp_reply_count":0,"_bbp_total_topic_count":0,"_bbp_total_reply_count":0,"_bbp_voice_count":0,"_bbp_anonymous_reply_count":0,"_bbp_topic_count_hidden":0,"_bbp_reply_count_hidden":0,"_bbp_forum_subforum_count":0,"content-type":"","iawp_total_views":0,"footnotes":""},"categories":[2802],"tags":[],"class_list":{"0":"post-58186","1":"post","2":"type-post","3":"status-publish","4":"format-standard","5":"has-post-thumbnail","7":"category-salud"},"_links":{"self":[{"href":"https:\/\/influencias.do\/index.php\/wp-json\/wp\/v2\/posts\/58186","targetHints":{"allow":["GET"]}}],"collection":[{"href":"https:\/\/influencias.do\/index.php\/wp-json\/wp\/v2\/posts"}],"about":[{"href":"https:\/\/influencias.do\/index.php\/wp-json\/wp\/v2\/types\/post"}],"author":[{"embeddable":true,"href":"https:\/\/influencias.do\/index.php\/wp-json\/wp\/v2\/users\/1"}],"replies":[{"embeddable":true,"href":"https:\/\/influencias.do\/index.php\/wp-json\/wp\/v2\/comments?post=58186"}],"version-history":[{"count":1,"href":"https:\/\/influencias.do\/index.php\/wp-json\/wp\/v2\/posts\/58186\/revisions"}],"predecessor-version":[{"id":58188,"href":"https:\/\/influencias.do\/index.php\/wp-json\/wp\/v2\/posts\/58186\/revisions\/58188"}],"wp:featuredmedia":[{"embeddable":true,"href":"https:\/\/influencias.do\/index.php\/wp-json\/wp\/v2\/media\/58187"}],"wp:attachment":[{"href":"https:\/\/influencias.do\/index.php\/wp-json\/wp\/v2\/media?parent=58186"}],"wp:term":[{"taxonomy":"category","embeddable":true,"href":"https:\/\/influencias.do\/index.php\/wp-json\/wp\/v2\/categories?post=58186"},{"taxonomy":"post_tag","embeddable":true,"href":"https:\/\/influencias.do\/index.php\/wp-json\/wp\/v2\/tags?post=58186"}],"curies":[{"name":"wp","href":"https:\/\/api.w.org\/{rel}","templated":true}]}}