{"id":57186,"date":"2025-10-04T01:39:19","date_gmt":"2025-10-04T01:39:19","guid":{"rendered":"https:\/\/influencias.do\/?p=57186"},"modified":"2025-10-04T01:41:29","modified_gmt":"2025-10-04T01:41:29","slug":"gobierno-inaugura-nueva-extension-del-itla-en-sfm-para-impulsar-educacion-tecnologica-en-region-nordeste","status":"publish","type":"post","link":"https:\/\/influencias.do\/index.php\/2025\/10\/04\/gobierno-inaugura-nueva-extension-del-itla-en-sfm-para-impulsar-educacion-tecnologica-en-region-nordeste\/","title":{"rendered":"Gobierno inaugura nueva extensi\u00f3n del ITLA en SFM para impulsar educaci\u00f3n tecnol\u00f3gica en regi\u00f3n Nordeste"},"content":{"rendered":"<p>&nbsp;<\/p>\n<p style=\"text-align: justify;\">San Francisco de Macor\u00eds, R.D. \u2013 Como parte de la pol\u00edtica de expansi\u00f3n educativa y tecnol\u00f3gica del gobierno del presidente Luis Abinader, fue inaugurada este viernes la nueva extensi\u00f3n del Instituto Tecnol\u00f3gico de Las Am\u00e9ricas (ITLA) en San Francisco de Macor\u00eds, provincia Duarte, con una moderna infraestructura orientada a fortalecer el capital humano en \u00e1reas clave para el desarrollo productivo de la regi\u00f3n.<\/p>\n<p style=\"text-align: justify;\">El acto de apertura del nuevo recinto estuvo encabezado por el ministro de la Presidencia, Jos\u00e9 Ignacio Paliza, el rector del ITLA, Rafael F\u00e9liz Garc\u00eda y el presidente del INDOTEL, Guido G\u00f3mez Mazara, reafirmando el compromiso del gobierno dominicano con la democratizaci\u00f3n del acceso a la educaci\u00f3n tecnol\u00f3gica, como eje estrat\u00e9gico del desarrollo nacional.<\/p>\n<p style=\"text-align: justify;\">Esta sede permitir\u00e1 la formaci\u00f3n de m\u00e1s de 6,000 personas al a\u00f1o en carreras cortas, diplomados, talleres y microcredenciales altamente especializadas, alineadas con las necesidades del mercado laboral local y nacional.<\/p>\n<p style=\"text-align: justify;\">El nuevo centro acad\u00e9mico cuenta con cinco aulas tecnol\u00f3gicas, tres de ellas equipadas con pantallas inteligentes para clases interactivas y transmisiones en vivo; una biblioteca con estaciones de trabajo, y espacios adecuados para la investigaci\u00f3n y el estudio colaborativo. En total, la infraestructura tiene capacidad para acoger hasta 150 estudiantes de manera simult\u00e1nea.<\/p>\n<p style=\"text-align: justify;\">Durante el acto inaugural, el rector del ITLA, maestro Rafael F\u00e9liz Garc\u00eda, destac\u00f3 la visi\u00f3n del presidente Abinader de llevar la educaci\u00f3n tecnol\u00f3gica a cada rinc\u00f3n del pa\u00eds, y subray\u00f3 la importancia de esta nueva extensi\u00f3n en la transformaci\u00f3n productiva del Nordeste.<\/p>\n<p style=\"text-align: justify;\">\u201cEsta sede en San Francisco de Macor\u00eds representa un paso firme hacia una educaci\u00f3n inclusiva y orientada al futuro. Aqu\u00ed ofreceremos una oferta acad\u00e9mica adaptada a las din\u00e1micas productivas de la regi\u00f3n, con programas en inteligencia artificial, ciencia de datos, desarrollo de software, ciberseguridad, redes de informaci\u00f3n y multimedia, enfocados en sectores estrat\u00e9gicos como el agro, la manufactura, el turismo industrial y las PYMES exportadoras\u201d, expres\u00f3 F\u00e9liz Garc\u00eda.<\/p>\n<p style=\"text-align: justify;\">La oferta formativa de este nuevo centro incluye programas dise\u00f1ados para responder a las demandas tecnol\u00f3gicas del entorno, tales como ciencia de datos aplicada al agro y la industria, inteligencia artificial para mantenimiento predictivo y anal\u00edtica empresarial, desarrollo de software para peque\u00f1as empresas y gobiernos locales, ciberseguridad en entornos f\u00edsicos y en la nube, redes de informaci\u00f3n para sectores productivos y servicios p\u00fablicos, as\u00ed como multimedia orientada al marketing territorial, el dise\u00f1o gr\u00e1fico y la exportaci\u00f3n.<\/p>\n<p style=\"text-align: justify;\">Esta propuesta acad\u00e9mica adquiere especial relevancia por ser San Francisco de Macor\u00eds el tercer municipio del pa\u00eds con econom\u00eda de mayor dinamismo, marcado por el liderazgo agroindustrial, el comercio y la innovaci\u00f3n empresarial. Con esta nueva sede, el ITLA contribuye a fortalecer la competitividad regional, proyectando a la provincia como un referente en la adopci\u00f3n de tecnolog\u00edas aplicadas al desarrollo sostenible y a la transformaci\u00f3n de los sectores estrat\u00e9gicos que impulsan su crecimiento.<\/p>\n<p>La nueva instalaci\u00f3n fue desarrollada en alianza con el Instituto Dominicano de las Telecomunicaciones (INDOTEL), como parte de la visi\u00f3n del Gobierno de convertir a la Rep\u00fablica Dominicana en un referente regional en formaci\u00f3n t\u00e9cnica, innovaci\u00f3n y transformaci\u00f3n digital. El proyecto fue ejecutado mediante una inversi\u00f3n conjunta que asciende a 25 millones de pesos, que incluy\u00f3 un aporte de 12 millones por parte de INDOTEL, destinados al equipamiento tecnol\u00f3gico del centro, y 13 millones invertidos por el ITLA en la remodelaci\u00f3n, adecuaci\u00f3n y transformaci\u00f3n de la nave industrial que hoy alberga este espacio formativo.<\/p>\n<p style=\"text-align: justify;\">En la inauguraci\u00f3n estuvieron el ministro de Deportes, Kelvin Cruz, el senador de la provincia Duarte, Franklin Romero; el alcalde del municipio San Francisco de Macor\u00eds, Alex D\u00edaz; la gobernadora provincial, Ana Xiomara Cort\u00e9s; el director de la Corporaci\u00f3n del<\/p>\n<p>Acueducto y Alcantarillado de Santiago (CORAASAN), Andr\u00e9s Cuento; el miembro del Consejo Directivo del INDOTEL, Juan Taveras Hern\u00e1ndez, entre otros invitados especiales.<\/p>\n<p style=\"text-align: justify;\">La extensi\u00f3n del ITLA en San Francisco de Macor\u00eds se suma a las ya existentes en Santo Domingo Este, Santo Domingo Norte, Santiago, San Pedro de Macor\u00eds, Bonao, Moca, Monte Plata, Nagua y Pedernales, ampliando as\u00ed la cobertura educativa tecnol\u00f3gica a nivel nacional.<\/p>\n","protected":false},"excerpt":{"rendered":"<p>&nbsp; San Francisco de Macor\u00eds, R.D. \u2013 Como parte de la pol\u00edtica de expansi\u00f3n educativa y tecnol\u00f3gica del gobierno del presidente Luis Abinader, fue inaugurada este viernes la nueva extensi\u00f3n del Instituto Tecnol\u00f3gico de Las Am\u00e9ricas (ITLA) en San Francisco de Macor\u00eds, provincia Duarte, con una moderna infraestructura orientada a fortalecer el capital humano en [&hellip;]<\/p>\n","protected":false},"author":1,"featured_media":57187,"comment_status":"open","ping_status":"open","sticky":false,"template":"","format":"standard","meta":{"_bbp_topic_count":0,"_bbp_reply_count":0,"_bbp_total_topic_count":0,"_bbp_total_reply_count":0,"_bbp_voice_count":0,"_bbp_anonymous_reply_count":0,"_bbp_topic_count_hidden":0,"_bbp_reply_count_hidden":0,"_bbp_forum_subforum_count":0,"content-type":"","iawp_total_views":2,"footnotes":""},"categories":[105],"tags":[],"class_list":{"0":"post-57186","1":"post","2":"type-post","3":"status-publish","4":"format-standard","5":"has-post-thumbnail","7":"category-nacionales"},"_links":{"self":[{"href":"https:\/\/influencias.do\/index.php\/wp-json\/wp\/v2\/posts\/57186","targetHints":{"allow":["GET"]}}],"collection":[{"href":"https:\/\/influencias.do\/index.php\/wp-json\/wp\/v2\/posts"}],"about":[{"href":"https:\/\/influencias.do\/index.php\/wp-json\/wp\/v2\/types\/post"}],"author":[{"embeddable":true,"href":"https:\/\/influencias.do\/index.php\/wp-json\/wp\/v2\/users\/1"}],"replies":[{"embeddable":true,"href":"https:\/\/influencias.do\/index.php\/wp-json\/wp\/v2\/comments?post=57186"}],"version-history":[{"count":2,"href":"https:\/\/influencias.do\/index.php\/wp-json\/wp\/v2\/posts\/57186\/revisions"}],"predecessor-version":[{"id":57190,"href":"https:\/\/influencias.do\/index.php\/wp-json\/wp\/v2\/posts\/57186\/revisions\/57190"}],"wp:featuredmedia":[{"embeddable":true,"href":"https:\/\/influencias.do\/index.php\/wp-json\/wp\/v2\/media\/57187"}],"wp:attachment":[{"href":"https:\/\/influencias.do\/index.php\/wp-json\/wp\/v2\/media?parent=57186"}],"wp:term":[{"taxonomy":"category","embeddable":true,"href":"https:\/\/influencias.do\/index.php\/wp-json\/wp\/v2\/categories?post=57186"},{"taxonomy":"post_tag","embeddable":true,"href":"https:\/\/influencias.do\/index.php\/wp-json\/wp\/v2\/tags?post=57186"}],"curies":[{"name":"wp","href":"https:\/\/api.w.org\/{rel}","templated":true}]}}