{"id":57120,"date":"2025-10-03T01:12:06","date_gmt":"2025-10-03T01:12:06","guid":{"rendered":"https:\/\/influencias.do\/?p=57120"},"modified":"2025-10-03T01:12:06","modified_gmt":"2025-10-03T01:12:06","slug":"ministro-de-defensa-encabeza-jornada-de-trabajo-en-la-fuerza-aerea","status":"publish","type":"post","link":"https:\/\/influencias.do\/index.php\/2025\/10\/03\/ministro-de-defensa-encabeza-jornada-de-trabajo-en-la-fuerza-aerea\/","title":{"rendered":"Ministro de Defensa encabeza jornada de trabajo en la Fuerza A\u00e9rea"},"content":{"rendered":"<p>&nbsp;<\/p>\n<p style=\"text-align: justify;\">San Isidro, Santo Domingo Este. \u2013 El ministro de Defensa, teniente general Carlos Antonio Fern\u00e1ndez Onofre, ERD., encabez\u00f3 este jueves una jornada de trabajo en la Fuerza A\u00e9rea de Rep\u00fablica Dominicana (FARD), con el objetivo de conocer de primera mano los proyectos en ejecuci\u00f3n, fortalecer las capacidades operativas y dar seguimiento a los planes de modernizaci\u00f3n de esta instituci\u00f3n militar.<\/p>\n<p style=\"text-align: justify;\">A su llegada a la Base A\u00e9rea de San Isidro, el alto mando militar fue recibido con los honores correspondientes a su investidura. Posteriormente, dirigi\u00f3 un mensaje a las tropas en el que resalt\u00f3 la entrega, disciplina y compromiso de los hombres y mujeres del aire, subrayando la trascendencia de su labor en la defensa y seguridad del espacio a\u00e9reo nacional. En ese mismo escenario, anunci\u00f3 el inicio de obras de remozamiento orientadas a mejorar las condiciones de trabajo del personal que presta servicio en la base a\u00e9rea.<\/p>\n<p style=\"text-align: justify;\">Durante la jornada, el Estado Mayor General de la FARD present\u00f3 al ministro un informe detallado sobre los proyectos estrat\u00e9gicos en desarrollo, el estado actual de las aeronaves y las iniciativas dirigidas a fortalecer la capacidad de respuesta y la modernizaci\u00f3n tecnol\u00f3gica de esta rama castrense.<\/p>\n<p><img loading=\"lazy\" loading=\"lazy\" decoding=\"async\" class=\"size-full wp-image-57123 aligncenter\" src=\"https:\/\/influencias.do\/wp-content\/uploads\/2025\/10\/8c2a526a-b432-44a8-a56f-dbfa1ae57f87.jpeg\" alt=\"\" width=\"1040\" height=\"694\" srcset=\"https:\/\/influencias.do\/wp-content\/uploads\/2025\/10\/8c2a526a-b432-44a8-a56f-dbfa1ae57f87.jpeg 1040w, https:\/\/influencias.do\/wp-content\/uploads\/2025\/10\/8c2a526a-b432-44a8-a56f-dbfa1ae57f87-300x200.jpeg 300w, https:\/\/influencias.do\/wp-content\/uploads\/2025\/10\/8c2a526a-b432-44a8-a56f-dbfa1ae57f87-1024x683.jpeg 1024w, https:\/\/influencias.do\/wp-content\/uploads\/2025\/10\/8c2a526a-b432-44a8-a56f-dbfa1ae57f87-768x512.jpeg 768w, https:\/\/influencias.do\/wp-content\/uploads\/2025\/10\/8c2a526a-b432-44a8-a56f-dbfa1ae57f87-330x220.jpeg 330w, https:\/\/influencias.do\/wp-content\/uploads\/2025\/10\/8c2a526a-b432-44a8-a56f-dbfa1ae57f87-420x280.jpeg 420w, https:\/\/influencias.do\/wp-content\/uploads\/2025\/10\/8c2a526a-b432-44a8-a56f-dbfa1ae57f87-615x410.jpeg 615w, https:\/\/influencias.do\/wp-content\/uploads\/2025\/10\/8c2a526a-b432-44a8-a56f-dbfa1ae57f87-860x574.jpeg 860w\" sizes=\"auto, (max-width: 1040px) 100vw, 1040px\" \/><\/p>\n<p style=\"text-align: justify;\">La agenda incluy\u00f3 adem\u00e1s una exhibici\u00f3n de capacidades, en la que escuadrones de combate y de rescate realizaron maniobras a\u00e9reas, demostrando el alto nivel de preparaci\u00f3n, destreza y alistamiento de las unidades especializadas de la Fuerza A\u00e9rea.<\/p>\n<p style=\"text-align: justify;\">Durante la visita, el comandante general de la FARD, mayor general piloto Floreal Tarcicio Su\u00e1rez Mart\u00ednez, entreg\u00f3 al ministro Fern\u00e1ndez Onofre un reconocimiento en nombre de toda la instituci\u00f3n, como muestra de gratitud por el respaldo brindado al desarrollo, fortalecimiento y modernizaci\u00f3n de la Fuerza A\u00e9rea de Rep\u00fablica Dominicana.<\/p>\n","protected":false},"excerpt":{"rendered":"<p>&nbsp; San Isidro, Santo Domingo Este. \u2013 El ministro de Defensa, teniente general Carlos Antonio Fern\u00e1ndez Onofre, ERD., encabez\u00f3 este jueves una jornada de trabajo en la Fuerza A\u00e9rea de Rep\u00fablica Dominicana (FARD), con el objetivo de conocer de primera mano los proyectos en ejecuci\u00f3n, fortalecer las capacidades operativas y dar seguimiento a los planes [&hellip;]<\/p>\n","protected":false},"author":1,"featured_media":57122,"comment_status":"open","ping_status":"open","sticky":false,"template":"","format":"standard","meta":{"_bbp_topic_count":0,"_bbp_reply_count":0,"_bbp_total_topic_count":0,"_bbp_total_reply_count":0,"_bbp_voice_count":0,"_bbp_anonymous_reply_count":0,"_bbp_topic_count_hidden":0,"_bbp_reply_count_hidden":0,"_bbp_forum_subforum_count":0,"content-type":"","iawp_total_views":0,"footnotes":""},"categories":[105],"tags":[],"class_list":{"0":"post-57120","1":"post","2":"type-post","3":"status-publish","4":"format-standard","5":"has-post-thumbnail","7":"category-nacionales"},"_links":{"self":[{"href":"https:\/\/influencias.do\/index.php\/wp-json\/wp\/v2\/posts\/57120","targetHints":{"allow":["GET"]}}],"collection":[{"href":"https:\/\/influencias.do\/index.php\/wp-json\/wp\/v2\/posts"}],"about":[{"href":"https:\/\/influencias.do\/index.php\/wp-json\/wp\/v2\/types\/post"}],"author":[{"embeddable":true,"href":"https:\/\/influencias.do\/index.php\/wp-json\/wp\/v2\/users\/1"}],"replies":[{"embeddable":true,"href":"https:\/\/influencias.do\/index.php\/wp-json\/wp\/v2\/comments?post=57120"}],"version-history":[{"count":1,"href":"https:\/\/influencias.do\/index.php\/wp-json\/wp\/v2\/posts\/57120\/revisions"}],"predecessor-version":[{"id":57124,"href":"https:\/\/influencias.do\/index.php\/wp-json\/wp\/v2\/posts\/57120\/revisions\/57124"}],"wp:featuredmedia":[{"embeddable":true,"href":"https:\/\/influencias.do\/index.php\/wp-json\/wp\/v2\/media\/57122"}],"wp:attachment":[{"href":"https:\/\/influencias.do\/index.php\/wp-json\/wp\/v2\/media?parent=57120"}],"wp:term":[{"taxonomy":"category","embeddable":true,"href":"https:\/\/influencias.do\/index.php\/wp-json\/wp\/v2\/categories?post=57120"},{"taxonomy":"post_tag","embeddable":true,"href":"https:\/\/influencias.do\/index.php\/wp-json\/wp\/v2\/tags?post=57120"}],"curies":[{"name":"wp","href":"https:\/\/api.w.org\/{rel}","templated":true}]}}