{"id":57068,"date":"2025-10-01T20:24:54","date_gmt":"2025-10-01T20:24:54","guid":{"rendered":"https:\/\/influencias.do\/?p=57068"},"modified":"2025-10-01T20:24:54","modified_gmt":"2025-10-01T20:24:54","slug":"solicitan-prision-preventiva-contra-dos-hombres-por-homicidio-tentativa-de-homicidio-y-porte-ilegal-de-armas","status":"publish","type":"post","link":"https:\/\/influencias.do\/index.php\/2025\/10\/01\/solicitan-prision-preventiva-contra-dos-hombres-por-homicidio-tentativa-de-homicidio-y-porte-ilegal-de-armas\/","title":{"rendered":"Solicitan prisi\u00f3n preventiva contra dos hombres por homicidio, tentativa de homicidio y porte ilegal de armas"},"content":{"rendered":"\r\n<p style=\"text-align: justify;\">\r\n<strong>SANTO DOMINGO.<\/strong>&#8211; El Ministerio P\u00fablico solicit\u00f3 prisi\u00f3n preventiva, como medida de coerci\u00f3n, contra Andr\u00e9s de Jes\u00fas Espinal P\u00e9rez (Mazazo) y Joan Ad\u00f3n, imputados de cometer m\u00faltiples delitos entre 2024 y 2025.<\/p>\r\n<p style=\"text-align: justify;\"> <\/p>\r\n<p style=\"text-align: justify;\">De acuerdo con la solicitud presentada por el fiscal Jos\u00e9 Ram\u00f3n Mart\u00ednez Cordero, adscrito al Departamento de Cr\u00edmenes y Delitos contra la Persona (Homicidio) del Distrito Nacional, uno de los hechos ocurri\u00f3 el 14 de julio de 2025, alrededor de las 7:15 de la noche.<\/p>\r\n<p style=\"text-align: justify;\"> <\/p>\r\n<p style=\"text-align: justify;\">El documento establece que los imputados Andr\u00e9s de Jes\u00fas Espinal P\u00e9rez y Joan Ad\u00f3n interceptaron a la v\u00edctima Yeral Augusto F\u00e9liz en la ca\u00f1ada de Bonavide, entre los sectores Guachupita y 27 de Febrero. Ambos, portando armas de fuego, le realizaron m\u00faltiples disparos que le ocasionaron la muerte.<\/p>\r\n<p style=\"text-align: justify;\"> <\/p>\r\n<p style=\"text-align: justify;\">El informe m\u00e9dico legal determin\u00f3 que la v\u00edctima falleci\u00f3 a causa de herida por proyectil de arma de fuego en t\u00f3rax anterior, con choque hemorr\u00e1gico interno y laceraci\u00f3n de pulmones.<\/p>\r\n<p style=\"text-align: justify;\"> <\/p>\r\n<p style=\"text-align: justify;\"><strong>Otros hechos imputados<\/strong><\/p>\r\n<p style=\"text-align: justify;\"> <\/p>\r\n<p style=\"text-align: justify;\">El Ministerio P\u00fablico tambi\u00e9n le imputa a Andr\u00e9s de Jes\u00fas Espinal P\u00e9rez participar en otro hecho de sangre ocurrido el 8 de septiembre de 2024, a las 11:50 de la noche, en la calle San Mart\u00edn de Porres, sector Guachupita, del Distrito Nacional.<\/p>\r\n<p style=\"text-align: justify;\"> <\/p>\r\n<p style=\"text-align: justify;\">En esa ocasi\u00f3n, el procesado se asoci\u00f3 con otra persona a\u00fan no identificada y realiz\u00f3 m\u00faltiples disparos en el lugar, alcanzando a un adolescente de 17 a\u00f1os de edad, quien recibi\u00f3 una herida de arma de fuego con entrada y salida en el hombro izquierdo, lesi\u00f3n que fue certificada por el Instituto Nacional de Ciencias Forenses (Inacif) como curable en un per\u00edodo de 22 a 30 d\u00edas.<\/p>\r\n<p style=\"text-align: justify;\"> <\/p>\r\n<p style=\"text-align: justify;\">La investigaci\u00f3n de este hecho fue dirigida por la procuradora fiscal Vidalys Mora, del Departamento de Cr\u00edmenes y Delitos contra la Persona (Homicidio) del Distrito Nacional.<\/p>\r\n<p style=\"text-align: justify;\"> <\/p>\r\n<p style=\"text-align: justify;\">Asimismo, en fecha 28 de septiembre de 2025, durante la ejecuci\u00f3n de la Orden de Arresto No. 2024-AJ0018110, el imputado Andr\u00e9s de Jes\u00fas Espinal P\u00e9rez entreg\u00f3 a las autoridades un arma de fuego tipo pistola, marca HI-Point, calibre 9mm, con cargador y diez c\u00e1psulas, sin documentos que avalaran su porte legal.<\/p>\r\n<p style=\"text-align: justify;\"> <\/p>\r\n<p style=\"text-align: justify;\"><strong>Calificaci\u00f3n jur\u00eddica<\/strong><\/p>\r\n<p style=\"text-align: justify;\"> <\/p>\r\n<p style=\"text-align: justify;\">El Ministerio P\u00fablico calific\u00f3 estos hechos como violaci\u00f3n a los art\u00edculos 265, 266, 295 y 304-II del C\u00f3digo Penal Dominicano, relativos a la asociaci\u00f3n de malhechores y homicidio, as\u00ed como a los art\u00edculos 66 y 67 de la Ley 631-16 para el Control y Regulaci\u00f3n de Armas, Municiones y Materiales Relacionados.<\/p>\r\n<p style=\"text-align: justify;\"> <\/p>\r\n<p style=\"text-align: justify;\">En lo relativo al hecho de 2024, se calific\u00f3 como violaci\u00f3n a los art\u00edculos 2, 295, 304-II y 309 del C\u00f3digo Penal Dominicano, que sancionan la tentativa de homicidio y las lesiones, adem\u00e1s de los art\u00edculos 66 y 67 de la Ley 631-16, relativos al porte ilegal de armas de fuego.<\/p>\r\n<p style=\"text-align: justify;\"> <\/p>\r\n<p style=\"text-align: justify;\">En virtud de la gravedad de los hechos, el Ministerio P\u00fablico solicit\u00f3 al tribunal la imposici\u00f3n de prisi\u00f3n preventiva, como medida de coerci\u00f3n, contra los imputados, al considerar que representan un peligro para la sociedad y que existe un riesgo de fuga.<\/p>\r\n","protected":false},"excerpt":{"rendered":"<p>SANTO DOMINGO.&#8211; El Ministerio P\u00fablico solicit\u00f3 prisi\u00f3n preventiva, como medida de coerci\u00f3n, contra Andr\u00e9s de Jes\u00fas Espinal P\u00e9rez (Mazazo) y Joan Ad\u00f3n, imputados de cometer m\u00faltiples delitos entre 2024 y 2025. De acuerdo con la solicitud presentada por el fiscal Jos\u00e9 Ram\u00f3n Mart\u00ednez Cordero, adscrito al Departamento de Cr\u00edmenes y Delitos contra la Persona (Homicidio) [&hellip;]<\/p>\n","protected":false},"author":4,"featured_media":57069,"comment_status":"open","ping_status":"open","sticky":false,"template":"","format":"standard","meta":{"_bbp_topic_count":0,"_bbp_reply_count":0,"_bbp_total_topic_count":0,"_bbp_total_reply_count":0,"_bbp_voice_count":0,"_bbp_anonymous_reply_count":0,"_bbp_topic_count_hidden":0,"_bbp_reply_count_hidden":0,"_bbp_forum_subforum_count":0,"content-type":"","iawp_total_views":0,"footnotes":""},"categories":[105],"tags":[],"class_list":{"0":"post-57068","1":"post","2":"type-post","3":"status-publish","4":"format-standard","5":"has-post-thumbnail","7":"category-nacionales"},"_links":{"self":[{"href":"https:\/\/influencias.do\/index.php\/wp-json\/wp\/v2\/posts\/57068","targetHints":{"allow":["GET"]}}],"collection":[{"href":"https:\/\/influencias.do\/index.php\/wp-json\/wp\/v2\/posts"}],"about":[{"href":"https:\/\/influencias.do\/index.php\/wp-json\/wp\/v2\/types\/post"}],"author":[{"embeddable":true,"href":"https:\/\/influencias.do\/index.php\/wp-json\/wp\/v2\/users\/4"}],"replies":[{"embeddable":true,"href":"https:\/\/influencias.do\/index.php\/wp-json\/wp\/v2\/comments?post=57068"}],"version-history":[{"count":1,"href":"https:\/\/influencias.do\/index.php\/wp-json\/wp\/v2\/posts\/57068\/revisions"}],"predecessor-version":[{"id":57070,"href":"https:\/\/influencias.do\/index.php\/wp-json\/wp\/v2\/posts\/57068\/revisions\/57070"}],"wp:featuredmedia":[{"embeddable":true,"href":"https:\/\/influencias.do\/index.php\/wp-json\/wp\/v2\/media\/57069"}],"wp:attachment":[{"href":"https:\/\/influencias.do\/index.php\/wp-json\/wp\/v2\/media?parent=57068"}],"wp:term":[{"taxonomy":"category","embeddable":true,"href":"https:\/\/influencias.do\/index.php\/wp-json\/wp\/v2\/categories?post=57068"},{"taxonomy":"post_tag","embeddable":true,"href":"https:\/\/influencias.do\/index.php\/wp-json\/wp\/v2\/tags?post=57068"}],"curies":[{"name":"wp","href":"https:\/\/api.w.org\/{rel}","templated":true}]}}