{"id":56947,"date":"2025-09-30T13:09:00","date_gmt":"2025-09-30T13:09:00","guid":{"rendered":"https:\/\/influencias.do\/?p=56947"},"modified":"2025-09-30T13:09:00","modified_gmt":"2025-09-30T13:09:00","slug":"autoridades-intensificaran-acciones-para-el-retiro-de-armas-ilegales","status":"publish","type":"post","link":"https:\/\/influencias.do\/index.php\/2025\/09\/30\/autoridades-intensificaran-acciones-para-el-retiro-de-armas-ilegales\/","title":{"rendered":"Autoridades intensificar\u00e1n acciones para el retiro de armas ilegales"},"content":{"rendered":"\r\n<p style=\"text-align: justify;\"><strong>Santo Domingo.<\/strong> La Fuerza de Tarea Conjunta anunci\u00f3 que a partir de octubre, un plan de acci\u00f3n para sacar de circulaci\u00f3n armas en manos de civiles que incumplen con la Ley 631-16 sobre Control y Regulaci\u00f3n de Armas. Partiendo del Decreto No. 212-21, que establece el Plan Nacional de Desarme por la Paz, las acciones priorizar\u00e1n las localidades donde las armas de fuego tienen mayor peso de homicidios y conflictos sociales.<\/p>\r\n<p style=\"text-align: justify;\"> <\/p>\r\n<p style=\"text-align: justify;\">Estas medidas estar\u00e1n acompa\u00f1adas de un periodo de gracia especial, dispuesto por el Ministerio de Interior y Polic\u00eda mediante la resoluci\u00f3n MIP-RR-0008-2025, que se aplicar\u00e1 entre octubre y diciembre. Esta medida permitir\u00e1 a los ciudadanos con licencias vencidas renovarlas bajo condiciones econ\u00f3micas m\u00e1s favorables.<\/p>\r\n<p style=\"text-align: justify;\"> <\/p>\r\n<p style=\"text-align: justify;\">La informaci\u00f3n fue ofrecida por la ministra de Interior y Polic\u00eda, Faride Raful, al concluir la reuni\u00f3n n\u00famero 109 de seguimiento de la Fuerza de Tarea, encabezada por la vicepresidenta de la Rep\u00fablica, Raquel Pe\u00f1a. Raful destac\u00f3 que la medida se enmarca en la aplicaci\u00f3n de la Ley 631-16, que busca prevenir el uso indebido, desv\u00edo y tr\u00e1fico de armas de fuego.<\/p>\r\n<p style=\"text-align: justify;\"> <\/p>\r\n<p style=\"text-align: justify;\">\u201cEstas armas tienen que ser sacadas de nuestras calles y entregadas al Ministerio de Interior y Polic\u00eda, donde ser\u00e1n fiscalizadas para determinar su trazabilidad y origen\u201d, puntualiz\u00f3 la ministra.<\/p>\r\n<p style=\"text-align: justify;\"> <\/p>\r\n<p style=\"text-align: justify;\">De acuerdo con estad\u00edsticas de la Polic\u00eda Nacional, en lo que va de 2025 se han recuperado 5,700 armas de fuego, de las cuales 3,958 eran ilegales, 364 ten\u00edan licencias vencidas y 1,228 estaban vinculadas a investigaciones judiciales.<\/p>\r\n<p style=\"text-align: justify;\"> <div class=\"wp-block-image\"><\/p>\r\n\r\n<figure class=\"aligncenter\" style=\"text-align: justify;\"><img loading=\"lazy\" loading=\"lazy\" decoding=\"async\" class=\"wp-image-15572 aligncenter\" src=\"http:\/\/mip.gob.do\/wp-content\/uploads\/2025\/09\/WhatsApp-Image-2025-09-29-at-2.44.15-PM-4-1024x682.jpeg\" alt=\"\" width=\"692\" height=\"461\" \/><\/figure>\r\n<p style=\"text-align: justify;\"><\/div> <\/p>\r\n<p style=\"text-align: justify;\"><strong>Homicidios y Heridos<\/strong><\/p>\r\n<p style=\"text-align: justify;\"> <\/p>\r\n<p style=\"text-align: justify;\">La ministra inform\u00f3 que la tasa acumulada de homicidios al 26 de septiembre de 2025 es de 8.1 por cada 100 mil habitantes, con 25 demarcaciones en un solo d\u00edgito y 9 en dos d\u00edgitos. Entre estas \u00faltimas, Dajab\u00f3n y Azua se mantienen en nivel amarillo con tasas de 10.7 y 10.8 respectivamente.<\/p>\r\n<p style=\"text-align: justify;\"> <\/p>\r\n<p style=\"text-align: justify;\"><strong><em>Avances legislativos<\/em><\/strong><\/p>\r\n<p style=\"text-align: justify;\"> <\/p>\r\n<p style=\"text-align: justify;\">Raful record\u00f3 que en el nuevo C\u00f3digo Penal se contempla la creaci\u00f3n de un registro de agresores sexuales, bajo responsabilidad del Ministerio P\u00fablico, el cual ser\u00e1 presentado pr\u00f3ximamente en el marco de los trabajos de la Fuerza de Tarea.<\/p>\r\n<p style=\"text-align: justify;\"> <\/p>\r\n<p style=\"text-align: justify;\">Con este plan de acci\u00f3n, el Gobierno reafirma su compromiso con el fortalecimiento de la seguridad ciudadana, mediante el control de armas y la reducci\u00f3n de la violencia en las comunidades m\u00e1s vulnerables.<\/p>\r\n","protected":false},"excerpt":{"rendered":"<p>Santo Domingo. La Fuerza de Tarea Conjunta anunci\u00f3 que a partir de octubre, un plan de acci\u00f3n para sacar de circulaci\u00f3n armas en manos de civiles que incumplen con la Ley 631-16 sobre Control y Regulaci\u00f3n de Armas. Partiendo del Decreto No. 212-21, que establece el Plan Nacional de Desarme por la Paz, las acciones [&hellip;]<\/p>\n","protected":false},"author":4,"featured_media":56948,"comment_status":"open","ping_status":"open","sticky":false,"template":"","format":"standard","meta":{"_bbp_topic_count":0,"_bbp_reply_count":0,"_bbp_total_topic_count":0,"_bbp_total_reply_count":0,"_bbp_voice_count":0,"_bbp_anonymous_reply_count":0,"_bbp_topic_count_hidden":0,"_bbp_reply_count_hidden":0,"_bbp_forum_subforum_count":0,"content-type":"","iawp_total_views":0,"footnotes":""},"categories":[1],"tags":[],"class_list":{"0":"post-56947","1":"post","2":"type-post","3":"status-publish","4":"format-standard","5":"has-post-thumbnail","7":"category-portada"},"_links":{"self":[{"href":"https:\/\/influencias.do\/index.php\/wp-json\/wp\/v2\/posts\/56947","targetHints":{"allow":["GET"]}}],"collection":[{"href":"https:\/\/influencias.do\/index.php\/wp-json\/wp\/v2\/posts"}],"about":[{"href":"https:\/\/influencias.do\/index.php\/wp-json\/wp\/v2\/types\/post"}],"author":[{"embeddable":true,"href":"https:\/\/influencias.do\/index.php\/wp-json\/wp\/v2\/users\/4"}],"replies":[{"embeddable":true,"href":"https:\/\/influencias.do\/index.php\/wp-json\/wp\/v2\/comments?post=56947"}],"version-history":[{"count":1,"href":"https:\/\/influencias.do\/index.php\/wp-json\/wp\/v2\/posts\/56947\/revisions"}],"predecessor-version":[{"id":56949,"href":"https:\/\/influencias.do\/index.php\/wp-json\/wp\/v2\/posts\/56947\/revisions\/56949"}],"wp:featuredmedia":[{"embeddable":true,"href":"https:\/\/influencias.do\/index.php\/wp-json\/wp\/v2\/media\/56948"}],"wp:attachment":[{"href":"https:\/\/influencias.do\/index.php\/wp-json\/wp\/v2\/media?parent=56947"}],"wp:term":[{"taxonomy":"category","embeddable":true,"href":"https:\/\/influencias.do\/index.php\/wp-json\/wp\/v2\/categories?post=56947"},{"taxonomy":"post_tag","embeddable":true,"href":"https:\/\/influencias.do\/index.php\/wp-json\/wp\/v2\/tags?post=56947"}],"curies":[{"name":"wp","href":"https:\/\/api.w.org\/{rel}","templated":true}]}}