{"id":56720,"date":"2025-09-23T20:21:31","date_gmt":"2025-09-23T20:21:31","guid":{"rendered":"https:\/\/influencias.do\/?p=56720"},"modified":"2025-09-23T20:21:31","modified_gmt":"2025-09-23T20:21:31","slug":"fernando-tatis-la-meta-es-la-serie-del-caribe","status":"publish","type":"post","link":"https:\/\/influencias.do\/index.php\/2025\/09\/23\/fernando-tatis-la-meta-es-la-serie-del-caribe\/","title":{"rendered":"Fernando Tatis: \u201cLa meta es la Serie del Caribe\u201d"},"content":{"rendered":"<header id=\"siteHeader\" class=\"site-header\">\n<div class=\"extra-holder flex-container align-center justify-between\"><\/div>\n<\/header>\n<p><main><\/p>\n<article id=\"mainArticle\">\n<div class=\"desktop-inner-container\">\n<div class=\"desktop-article-extra-holder\">\n<section class=\"nota-top-part\">\n<h1 class=\"font-700\" style=\"text-align: justify;\"><\/h1>\n<\/section>\n<div class=\"article-body\">\n<p style=\"text-align: justify;\"><strong>SAN PEDRO DE MACOR\u00cdS\u00a0<\/strong>\u00a0(@EOBaseballClub).- La meta en la carrera de las Estrellas tras el \u00e9xito no est\u00e1 en Rep\u00fablica Dominicana, donde ser\u00e1 la salida, el 15 de octubre pr\u00f3ximo, cuando comience el torneo en la Liga de B\u00e9isbol Profesional de la Rep\u00fablica Dominicana.<\/p>\n<p style=\"text-align: justify;\">Por lo menos, no para el m\u00e1nager Fernando Tatis.<\/p>\n<p style=\"text-align: justify;\">Esa meta est\u00e1 en Venezuela, donde se celebrar\u00e1 la Serie del Caribe 2025, el festival de campeones del b\u00e9isbol de mayor nivel en Latinoam\u00e9rica, y donde Tatis aspira que est\u00e9 su equipo, como campe\u00f3n de la Rep\u00fablica Dominicana.<\/p>\n<p style=\"text-align: justify;\">\u201cLa meta es la Serie del Caribe\u201d, manifest\u00f3 Tatis sin titubeos, este lunes, en el primer d\u00eda de entrenamientos de escuadra completa de las Estrellas, y despu\u00e9s de una semana de preparaci\u00f3n opcional para todos los jugadores.<\/p>\n<p style=\"text-align: justify;\">\u201cEsta temporada vamos para la Serie del Caribe\u201d, enfatiz\u00f3 Tatis, en claro vaticinio que su equipo ser\u00e1 el campe\u00f3n del torneo 2025-2026, en la Liga de B\u00e9isbol Profesional de la Rep\u00fablica Dominicana, el cual est\u00e1 dedicado al ex lanzador Juan Marichal, inmortal del deporte dominicano y miembro del Sal\u00f3n de la Fama de Cooperstown.<\/p>\n<p><img loading=\"lazy\" loading=\"lazy\" decoding=\"async\" class=\" wp-image-56721 aligncenter\" src=\"https:\/\/influencias.do\/wp-content\/uploads\/2025\/09\/Las-Estrellas.jpg\" alt=\"\" width=\"584\" height=\"388\" srcset=\"https:\/\/influencias.do\/wp-content\/uploads\/2025\/09\/Las-Estrellas.jpg 2048w, https:\/\/influencias.do\/wp-content\/uploads\/2025\/09\/Las-Estrellas-300x200.jpg 300w, https:\/\/influencias.do\/wp-content\/uploads\/2025\/09\/Las-Estrellas-1024x681.jpg 1024w, https:\/\/influencias.do\/wp-content\/uploads\/2025\/09\/Las-Estrellas-768x511.jpg 768w, https:\/\/influencias.do\/wp-content\/uploads\/2025\/09\/Las-Estrellas-1536x1022.jpg 1536w, https:\/\/influencias.do\/wp-content\/uploads\/2025\/09\/Las-Estrellas-330x220.jpg 330w, https:\/\/influencias.do\/wp-content\/uploads\/2025\/09\/Las-Estrellas-420x280.jpg 420w, https:\/\/influencias.do\/wp-content\/uploads\/2025\/09\/Las-Estrellas-615x410.jpg 615w, https:\/\/influencias.do\/wp-content\/uploads\/2025\/09\/Las-Estrellas-860x572.jpg 860w\" sizes=\"auto, (max-width: 584px) 100vw, 584px\" \/><\/p>\n<p style=\"text-align: justify;\">\u00bfDe d\u00f3nde nace tanta confianza de Tatis sobre el \u00e9xito de su club?<\/p>\n<p style=\"text-align: justify;\">\u201cTenemos todas las herramientas para ser campeones y hoy dimos una gran se\u00f1al: est\u00e1n muchos de nuestros mejores muchachos en los entrenamientos desde el primer d\u00eda\u201d, explic\u00f3 este lunes el capataz del combinado de la ense\u00f1a verde.<\/p>\n<p style=\"text-align: justify;\">\u201cHoy enviamos un claro mensaje: este equipo se est\u00e1 preparando para algo grande\u201d, se\u00f1al\u00f3 Tatis con mucho optimismo, al ver a gran parte del n\u00facleo principal de sus jugadores entrenar en el primer d\u00eda de pr\u00e1cticas de escuadra completa, en el Estadio Tetelo Vargas.<\/p>\n<div class=\"related-news\" style=\"text-align: justify;\">\n<p class=\"font-700\">\n<article>\n<h3>Rogers afirma tendr\u00e1n cuerpo de lanzadores de lujo<\/h3>\n<p><img loading=\"lazy\" loading=\"lazy\" decoding=\"async\" class=\"i-amphtml-fill-content i-amphtml-replaced-content aligncenter\" title=\"Rogers afirma tendr\u00e1n cuerpo de lanzadores de lujo\" src=\"https:\/\/lidom.com\/media\/uploads\/2025\/09\/Esmil-Rogers-240x135.webp\" alt=\"Rogers afirma tendr\u00e1n cuerpo de lanzadores de lujo\" width=\"373\" height=\"210\" \/><\/article>\n<\/div>\n<p style=\"text-align: justify;\">\u201cLa gente no se imagina lo importante que es para un equipo ser campe\u00f3n el prepararse con tiempo, y con el entusiamo que hemos visto aqu\u00ed\u201d, sostuvo Tatis, quien desde hace una semana, en un mini campamento que han llamado \u201cEarly Camp\u201d \u2013Campamento Temprano, en espa\u00f1ol- ha constatado c\u00f3mo se encuentran lanzadores abridores tales como Enny Romero, Esmil Rogers y Oscar de la Cruz; as\u00ed como relevistas de la talla del cerrador Neftal\u00ed F\u00e9liz, m\u00e1s los intermedios Pedro Strop, Jhan Mar\u00ed\u00f1ez, Ger\u00f3nimo Franzu\u00e1 y el lanzador de situaci\u00f3n por excelencia del club, Rom\u00e1n M\u00e9ndez.<\/p>\n<p style=\"text-align: justify;\">Este lunes se uni\u00f3 a los entrenamientos el lanzador abridor norteamericano Sean Nolin.<\/p>\n<p style=\"text-align: justify;\">Tatis tambi\u00e9n ha visto entrenar en el transcurso de la \u00faltima semana a jugadores de ofensiva como Miguel San\u00f3 (1B\/3B\/DH) y los debutantes este lunes: el centrocampista Magneuris Sierra, m\u00e1s los receptores Francisco Pe\u00f1a y Carlos Mart\u00ednez.<\/p>\n<p style=\"text-align: justify;\">\u201cEs muy importante la comunicaci\u00f3n entre receptores y lanzadores\u201d, observ\u00f3 Tatis, sobre las integraciones a pr\u00e1cticas de los receptores Pe\u00f1a y Mart\u00ednez, importado colombiano.<\/p>\n<p style=\"text-align: justify;\">\u201cEs muy importante que un lanzador se sienta c\u00f3modo con un catcher; y que el catcher se sienta bien con un picher\u201d, recalc\u00f3 Tatis, sobre la importancia de tener en pr\u00e1cticas, a poco m\u00e1s de tres semanas antes del inicio del torneo, a los receptores Pe\u00f1a y Mart\u00ednez.<\/p>\n<p style=\"text-align: justify;\">\u201cY todav\u00eda nos faltan por integrarse muchachos como Eguy Rosario, Vidal Bruj\u00e1n y otros\u201d, dijo a manera de gui\u00f1o el m\u00e1nager de las Estrellas, equipo que gan\u00f3 la Serie Regular del torneo pasado (2024-2025), con r\u00e9cord de 30-20, despu\u00e9s de tres temporadas seguidas llegando a la Serie Final, en infructuosa b\u00fasqueda del cetro de campe\u00f3n.<\/p>\n<p style=\"text-align: justify;\">\u201cAqu\u00ed ya est\u00e1 casi todo, para ser campeones\u201d, enfatiz\u00f3 Tatis, sobre la carrera que \u00e9l espera termine en Venezuela, con el cetro de la Serie del Caribe.<\/p>\n<\/div>\n<\/div>\n<\/div>\n<\/article>\n<p><\/main><\/p>\n","protected":false},"excerpt":{"rendered":"<p>SAN PEDRO DE MACOR\u00cdS\u00a0\u00a0(@EOBaseballClub).- La meta en la carrera de las Estrellas tras el \u00e9xito no est\u00e1 en Rep\u00fablica Dominicana, donde ser\u00e1 la salida, el 15 de octubre pr\u00f3ximo, cuando comience el torneo en la Liga de B\u00e9isbol Profesional de la Rep\u00fablica Dominicana. Por lo menos, no para el m\u00e1nager Fernando Tatis. Esa meta est\u00e1 [&hellip;]<\/p>\n","protected":false},"author":1,"featured_media":56722,"comment_status":"open","ping_status":"open","sticky":false,"template":"","format":"standard","meta":{"_bbp_topic_count":0,"_bbp_reply_count":0,"_bbp_total_topic_count":0,"_bbp_total_reply_count":0,"_bbp_voice_count":0,"_bbp_anonymous_reply_count":0,"_bbp_topic_count_hidden":0,"_bbp_reply_count_hidden":0,"_bbp_forum_subforum_count":0,"content-type":"","iawp_total_views":0,"footnotes":""},"categories":[123],"tags":[],"class_list":{"0":"post-56720","1":"post","2":"type-post","3":"status-publish","4":"format-standard","5":"has-post-thumbnail","7":"category-deportes"},"_links":{"self":[{"href":"https:\/\/influencias.do\/index.php\/wp-json\/wp\/v2\/posts\/56720","targetHints":{"allow":["GET"]}}],"collection":[{"href":"https:\/\/influencias.do\/index.php\/wp-json\/wp\/v2\/posts"}],"about":[{"href":"https:\/\/influencias.do\/index.php\/wp-json\/wp\/v2\/types\/post"}],"author":[{"embeddable":true,"href":"https:\/\/influencias.do\/index.php\/wp-json\/wp\/v2\/users\/1"}],"replies":[{"embeddable":true,"href":"https:\/\/influencias.do\/index.php\/wp-json\/wp\/v2\/comments?post=56720"}],"version-history":[{"count":1,"href":"https:\/\/influencias.do\/index.php\/wp-json\/wp\/v2\/posts\/56720\/revisions"}],"predecessor-version":[{"id":56723,"href":"https:\/\/influencias.do\/index.php\/wp-json\/wp\/v2\/posts\/56720\/revisions\/56723"}],"wp:featuredmedia":[{"embeddable":true,"href":"https:\/\/influencias.do\/index.php\/wp-json\/wp\/v2\/media\/56722"}],"wp:attachment":[{"href":"https:\/\/influencias.do\/index.php\/wp-json\/wp\/v2\/media?parent=56720"}],"wp:term":[{"taxonomy":"category","embeddable":true,"href":"https:\/\/influencias.do\/index.php\/wp-json\/wp\/v2\/categories?post=56720"},{"taxonomy":"post_tag","embeddable":true,"href":"https:\/\/influencias.do\/index.php\/wp-json\/wp\/v2\/tags?post=56720"}],"curies":[{"name":"wp","href":"https:\/\/api.w.org\/{rel}","templated":true}]}}