{"id":56698,"date":"2025-09-23T19:09:40","date_gmt":"2025-09-23T19:09:40","guid":{"rendered":"https:\/\/influencias.do\/?p=56698"},"modified":"2025-09-23T19:09:52","modified_gmt":"2025-09-23T19:09:52","slug":"presidente-abinader-se-reune-con-el-rey-de-jordania-abdala-ii-bin-al-hussein","status":"publish","type":"post","link":"https:\/\/influencias.do\/index.php\/2025\/09\/23\/presidente-abinader-se-reune-con-el-rey-de-jordania-abdala-ii-bin-al-hussein\/","title":{"rendered":"Presidente Abinader se re\u00fane con el Rey de Jordania Abdal\u00e1 II bin Al-Hussein"},"content":{"rendered":"<p style=\"text-align: justify;\">Nueva York.\u2014 El presidente Luis Abinader se reuni\u00f3 este martes con Su Majestad el Rey de Jordania, Abdal\u00e1 II bin Al-Hussein, con quien abord\u00f3 temas de inter\u00e9s com\u00fan para fortalecer los lazos de cooperaci\u00f3n y las relaciones bilaterales en el marco del 80\u00ba per\u00edodo de sesiones de la Asamblea General de las Naciones Unidas.<\/p>\n<p style=\"text-align: justify;\">Ambos destacaron la importancia de mantener espacios de di\u00e1logo y coincidieron en la necesidad de seguir fortaleciendo las relaciones entre sus pa\u00edses en un clima de respeto y cooperaci\u00f3n.<\/p>\n<p style=\"text-align: justify;\">El encuentro form\u00f3 parte de la agenda de contactos bilaterales que desarrolla el jefe de Estado dominicano con diversos l\u00edderes internacionales durante su participaci\u00f3n en la Asamblea de la ONU.<\/p>\n","protected":false},"excerpt":{"rendered":"<p>Nueva York.\u2014 El presidente Luis Abinader se reuni\u00f3 este martes con Su Majestad el Rey de Jordania, Abdal\u00e1 II bin Al-Hussein, con quien abord\u00f3 temas de inter\u00e9s com\u00fan para fortalecer los lazos de cooperaci\u00f3n y las relaciones bilaterales en el marco del 80\u00ba per\u00edodo de sesiones de la Asamblea General de las Naciones Unidas. Ambos [&hellip;]<\/p>\n","protected":false},"author":4,"featured_media":56699,"comment_status":"open","ping_status":"open","sticky":false,"template":"","format":"standard","meta":{"_bbp_topic_count":0,"_bbp_reply_count":0,"_bbp_total_topic_count":0,"_bbp_total_reply_count":0,"_bbp_voice_count":0,"_bbp_anonymous_reply_count":0,"_bbp_topic_count_hidden":0,"_bbp_reply_count_hidden":0,"_bbp_forum_subforum_count":0,"content-type":"","iawp_total_views":0,"footnotes":""},"categories":[105],"tags":[],"class_list":{"0":"post-56698","1":"post","2":"type-post","3":"status-publish","4":"format-standard","5":"has-post-thumbnail","7":"category-nacionales"},"_links":{"self":[{"href":"https:\/\/influencias.do\/index.php\/wp-json\/wp\/v2\/posts\/56698","targetHints":{"allow":["GET"]}}],"collection":[{"href":"https:\/\/influencias.do\/index.php\/wp-json\/wp\/v2\/posts"}],"about":[{"href":"https:\/\/influencias.do\/index.php\/wp-json\/wp\/v2\/types\/post"}],"author":[{"embeddable":true,"href":"https:\/\/influencias.do\/index.php\/wp-json\/wp\/v2\/users\/4"}],"replies":[{"embeddable":true,"href":"https:\/\/influencias.do\/index.php\/wp-json\/wp\/v2\/comments?post=56698"}],"version-history":[{"count":1,"href":"https:\/\/influencias.do\/index.php\/wp-json\/wp\/v2\/posts\/56698\/revisions"}],"predecessor-version":[{"id":56700,"href":"https:\/\/influencias.do\/index.php\/wp-json\/wp\/v2\/posts\/56698\/revisions\/56700"}],"wp:featuredmedia":[{"embeddable":true,"href":"https:\/\/influencias.do\/index.php\/wp-json\/wp\/v2\/media\/56699"}],"wp:attachment":[{"href":"https:\/\/influencias.do\/index.php\/wp-json\/wp\/v2\/media?parent=56698"}],"wp:term":[{"taxonomy":"category","embeddable":true,"href":"https:\/\/influencias.do\/index.php\/wp-json\/wp\/v2\/categories?post=56698"},{"taxonomy":"post_tag","embeddable":true,"href":"https:\/\/influencias.do\/index.php\/wp-json\/wp\/v2\/tags?post=56698"}],"curies":[{"name":"wp","href":"https:\/\/api.w.org\/{rel}","templated":true}]}}