{"id":56695,"date":"2025-09-23T17:44:42","date_gmt":"2025-09-23T17:44:42","guid":{"rendered":"https:\/\/influencias.do\/?p=56695"},"modified":"2025-09-23T17:44:42","modified_gmt":"2025-09-23T17:44:42","slug":"consejo-de-ministros-aprueba-proyecto-de-ley-de-presupuesto-general-del-estado-2026","status":"publish","type":"post","link":"https:\/\/influencias.do\/index.php\/2025\/09\/23\/consejo-de-ministros-aprueba-proyecto-de-ley-de-presupuesto-general-del-estado-2026\/","title":{"rendered":"Consejo de Ministros aprueba proyecto de ley de Presupuesto General del Estado 2026"},"content":{"rendered":"<p>Santo Domingo.\u2013 El Gobierno dominicano celebr\u00f3 este martes el quincuag\u00e9simo segundo Consejo de Ministros, encabezado por la vicepresidenta de la Rep\u00fablica, Raquel Pe\u00f1a Rodr\u00edguez, donde se conoci\u00f3 y aprob\u00f3 el proyecto de ley del Presupuesto General del Estado para el a\u00f1o 2026, que ser\u00e1 remitido al Congreso Nacional antes del 1 de octubre, conforme lo establece la Constituci\u00f3n.<\/p>\n<p>Las informaciones fueron dadas a la prensa nacional por el ministro de la Presidencia, Jos\u00e9 Ignacio Paliza, en su calidad de secretario t\u00e9cnico del Consejo y el director general de Presupuesto, Jos\u00e9 Rijo Presbot.<\/p>\n<p>Paliza inform\u00f3 que el Presupuesto 2026 asciende a RD$1 bill\u00f3n 744 mil millones, equivalente al 20.1% del PIB. Uno de los ejes centrales de la propuesta es el impulso de la inversi\u00f3n p\u00fablica, que alcanzar\u00e1 un 2.5% del PIB. En este sentido, el gasto de capital proyectado para 2026 ser\u00eda RD$7,354.6 millones superior al presupuesto reformulado 2025, y RD$39,000 millones m\u00e1s en relaci\u00f3n al presupuesto inicial 2025.<\/p>\n<p>Dichos recursos estar\u00e1n dirigidos a proyectos de alto impacto en sectores estrat\u00e9gicos como transporte, vivienda, agua potable y saneamiento, contribuyendo a dinamizar la econom\u00eda y mejorar la calidad de vida de la poblaci\u00f3n.<\/p>\n<p>La asignaci\u00f3n para 2026 tambi\u00e9n contempla la profundizaci\u00f3n de medidas de eficiencia en el uso de los recursos p\u00fablicos, como lo demuestra la reciente fusi\u00f3n del Ministerio de Hacienda y Econom\u00eda. Asimismo, se proyecta que los servicios sociales representen aproximadamente el 46% del gasto total, reafirmando la prioridad del Gobierno en mejorar el bienestar de la ciudadan\u00eda. Entre estos compromisos destacan la garant\u00eda del 4% del PIB para educaci\u00f3n, incrementos en salud, seguridad social y la asignaci\u00f3n de mayores recursos a deportes, en ocasi\u00f3n de la celebraci\u00f3n de los XXV Juegos Centroamericanos y del Caribe en el pa\u00eds.<\/p>\n<p>\u201cEl Presupuesto 2026 reafirma el compromiso del Gobierno del presidente Luis Abinader con la gente. Es un instrumento que prioriza la inversi\u00f3n en \u00e1reas sociales, garantiza la sostenibilidad de las finanzas p\u00fablicas y sienta las bases para continuar transformando nuestro pa\u00eds con eficiencia y transparencia\u201d, expres\u00f3 el ministro Paliza.<\/p>\n<p>El director general de Presupuesto, Jos\u00e9 Rijo Presbot, present\u00f3 los lineamientos de la pieza, fundamentados en un marco macroecon\u00f3mico que proyecta un crecimiento del PIB real de 4.5% y una inflaci\u00f3n promedio de 4%.<\/p>\n<p>Durante el encuentro, tambi\u00e9n se conocieron los avances en la Evaluaci\u00f3n de Desempe\u00f1o Institucional (EDI), expuestos por el ministro de Administraci\u00f3n P\u00fablica, Sigmund Freund, as\u00ed como el seguimiento a 10 metas priorizadas de la gesti\u00f3n de Gobierno en \u00e1reas como agricultura, energ\u00eda y minas, e industria y comercio. En este punto intervinieron los ministros Limber Cruz, Joel Santos y el viceministro Johannes Kelner.<\/p>\n<p>Asimismo, se present\u00f3 la Priorizaci\u00f3n de Programas del Gobierno 2026, a cargo del viceministro Luis Madera Sued, como parte del esfuerzo de planificaci\u00f3n, monitoreo y rendici\u00f3n de cuentas de las pol\u00edticas p\u00fablicas.<\/p>\n<p>El Consejo concluy\u00f3 con las palabras de cierre de la vicepresidenta Raquel Pe\u00f1a, quien reafirm\u00f3 el compromiso del Gobierno con la eficiencia, la transparencia y la sostenibilidad en la gesti\u00f3n de los recursos p\u00fablicos.<\/p>\n","protected":false},"excerpt":{"rendered":"<p>Santo Domingo.\u2013 El Gobierno dominicano celebr\u00f3 este martes el quincuag\u00e9simo segundo Consejo de Ministros, encabezado por la vicepresidenta de la Rep\u00fablica, Raquel Pe\u00f1a Rodr\u00edguez, donde se conoci\u00f3 y aprob\u00f3 el proyecto de ley del Presupuesto General del Estado para el a\u00f1o 2026, que ser\u00e1 remitido al Congreso Nacional antes del 1 de octubre, conforme lo [&hellip;]<\/p>\n","protected":false},"author":1,"featured_media":56696,"comment_status":"open","ping_status":"open","sticky":false,"template":"","format":"standard","meta":{"_bbp_topic_count":0,"_bbp_reply_count":0,"_bbp_total_topic_count":0,"_bbp_total_reply_count":0,"_bbp_voice_count":0,"_bbp_anonymous_reply_count":0,"_bbp_topic_count_hidden":0,"_bbp_reply_count_hidden":0,"_bbp_forum_subforum_count":0,"content-type":"","iawp_total_views":1,"footnotes":""},"categories":[107,1],"tags":[3643],"class_list":{"0":"post-56695","1":"post","2":"type-post","3":"status-publish","4":"format-standard","5":"has-post-thumbnail","7":"category-economia","8":"category-portada","9":"tag-presupuesto-general"},"_links":{"self":[{"href":"https:\/\/influencias.do\/index.php\/wp-json\/wp\/v2\/posts\/56695","targetHints":{"allow":["GET"]}}],"collection":[{"href":"https:\/\/influencias.do\/index.php\/wp-json\/wp\/v2\/posts"}],"about":[{"href":"https:\/\/influencias.do\/index.php\/wp-json\/wp\/v2\/types\/post"}],"author":[{"embeddable":true,"href":"https:\/\/influencias.do\/index.php\/wp-json\/wp\/v2\/users\/1"}],"replies":[{"embeddable":true,"href":"https:\/\/influencias.do\/index.php\/wp-json\/wp\/v2\/comments?post=56695"}],"version-history":[{"count":1,"href":"https:\/\/influencias.do\/index.php\/wp-json\/wp\/v2\/posts\/56695\/revisions"}],"predecessor-version":[{"id":56697,"href":"https:\/\/influencias.do\/index.php\/wp-json\/wp\/v2\/posts\/56695\/revisions\/56697"}],"wp:featuredmedia":[{"embeddable":true,"href":"https:\/\/influencias.do\/index.php\/wp-json\/wp\/v2\/media\/56696"}],"wp:attachment":[{"href":"https:\/\/influencias.do\/index.php\/wp-json\/wp\/v2\/media?parent=56695"}],"wp:term":[{"taxonomy":"category","embeddable":true,"href":"https:\/\/influencias.do\/index.php\/wp-json\/wp\/v2\/categories?post=56695"},{"taxonomy":"post_tag","embeddable":true,"href":"https:\/\/influencias.do\/index.php\/wp-json\/wp\/v2\/tags?post=56695"}],"curies":[{"name":"wp","href":"https:\/\/api.w.org\/{rel}","templated":true}]}}