{"id":56621,"date":"2025-09-22T13:40:02","date_gmt":"2025-09-22T13:40:02","guid":{"rendered":"https:\/\/influencias.do\/?p=56621"},"modified":"2025-09-22T13:40:35","modified_gmt":"2025-09-22T13:40:35","slug":"angelina-jolie-amo-a-mi-pais-pero-en-este-momento-no-lo-reconozco","status":"publish","type":"post","link":"https:\/\/influencias.do\/index.php\/2025\/09\/22\/angelina-jolie-amo-a-mi-pais-pero-en-este-momento-no-lo-reconozco\/","title":{"rendered":"Angelina Jolie: &#8220;Amo a mi pa\u00eds, pero en este momento no lo reconozco&#8221;"},"content":{"rendered":"<p style=\"text-align: justify;\">La actriz estadounidense Angelina Jolie\u00a0<a href=\"https:\/\/www.theguardian.com\/film\/2025\/sep\/22\/angelina-jolie-freedom-of-speech-usa-kimmel-response-says-dont-recognise-my-country\" target=\"_blank\" rel=\"noopener noreferrer\">coment\u00f3<\/a>\u00a0este domingo la delicada situaci\u00f3n en la que se encuentra\u00a0EE.UU. en torno a la libertad de expresi\u00f3n y la censura. &#8220;Amo a mi pa\u00eds, pero en este momento no lo reconozco&#8221;, afirm\u00f3 la ganadora de un premio Oscar.<\/p>\n<p style=\"text-align: justify;\">Las declaraciones fueron emitidas en una rueda de prensa en el marco del Festival de cine de San Sebasti\u00e1n, en Espa\u00f1a, cuando una periodista le pregunt\u00f3 qu\u00e9 tem\u00eda como artista y estadounidense. Angelina a\u00f1adi\u00f3: &#8220;Cualquier cosa que divida o limite las expresiones y libertades personales de cualquier persona, en cualquier lugar, me parece muy peligrosa&#8221;.<\/p>\n<div style=\"text-align: justify;\" data-widgets=\"ReadMore\">\n<div>\n<article>\n<div>\n<div>Hace pocos d\u00edas, la cadena ABC, que pertenece a Disney, anunci\u00f3 la decisi\u00f3n de retirar &#8216;indefinidamente&#8217; el programa Jimmy Kimmel Live!, alegando que el reconocido presentador realiz\u00f3 comentarios &#8216;ofensivos&#8217; del reciente asesinato de\u00a0<a href=\"https:\/\/actualidad.rt.com\/actualidad\/565784-fbi-investigar-preguntas-teorias-asesinato-kirk\">Charlie Kirk<\/a>.<\/div>\n<div><\/div>\n<div>Dem\u00f3cratas criticaron inmediatamente la medida, y el senador Chuck Schumer, l\u00edder de la minor\u00eda en el Senado, la\u00a0<a href=\"https:\/\/www.nytimes.com\/2025\/09\/17\/business\/media\/abc-jimmy-kimmel.html\" target=\"_blank\" rel=\"noopener noreferrer\">calific\u00f3<\/a>\u00a0de &#8220;indignante&#8221;. Sin embargo, el presidente Donald Trump, en una publicaci\u00f3n en redes, la\u00a0<a href=\"https:\/\/truthsocial.com\/@realDonaldTrump\/posts\/115222372625104790\" target=\"_blank\" rel=\"noopener noreferrer\">describi\u00f3<\/a>\u00a0como &#8220;una gran noticia para Estados Unidos&#8221;.<\/div>\n<\/div>\n<\/article>\n<\/div>\n<\/div>\n<p style=\"text-align: justify;\">En este contexto, Jolie asever\u00f3: &#8220;Estamos viviendo momentos tan graves que debemos tener cuidado de no decir cosas a la ligera. Son tiempos muy muy dif\u00edciles los que estamos viviendo\u00a0juntos&#8221;.<\/p>\n<p style=\"text-align: justify;\">Varios artistas en Estados Unidos han condenado la suspensi\u00f3n de Kimmel por parte de Disney, entre ellos Olivia Rodrigo, Pedro Pascal y Mark Ruffalo. El suceso pone presi\u00f3n a otros populares conductores del formato &#8216;talk show&#8217;, como Jimmy Fallon y Seth Meyers, ambos de la cadena NBC, quienes han criticado las acciones del presidente y apoyan abiertamente la causa dem\u00f3crata.<\/p>\n<p style=\"text-align: justify;\">Donald Trump\u00a0<a href=\"https:\/\/truthsocial.com\/@realDonaldTrump\/posts\/115222372625104790\" target=\"_blank\" rel=\"noopener noreferrer\">declar\u00f3<\/a>\u00a0en su cuenta de Truth Social, luego de la cancelaci\u00f3n de Kimmel: &#8220;Eso deja a Jimmy [Fallon] y Seth [Meyers], dos perdedores totales, en Fake News NBC. Sus \u00edndices de audiencia tambi\u00e9n son horribles. \u00a1Hazlo, NBC!&#8221;.<\/p>\n<p style=\"text-align: justify;\">RT<\/p>\n","protected":false},"excerpt":{"rendered":"<p>La actriz estadounidense Angelina Jolie\u00a0coment\u00f3\u00a0este domingo la delicada situaci\u00f3n en la que se encuentra\u00a0EE.UU. en torno a la libertad de expresi\u00f3n y la censura. &#8220;Amo a mi pa\u00eds, pero en este momento no lo reconozco&#8221;, afirm\u00f3 la ganadora de un premio Oscar. Las declaraciones fueron emitidas en una rueda de prensa en el marco del [&hellip;]<\/p>\n","protected":false},"author":1,"featured_media":56622,"comment_status":"open","ping_status":"open","sticky":false,"template":"","format":"standard","meta":{"_bbp_topic_count":0,"_bbp_reply_count":0,"_bbp_total_topic_count":0,"_bbp_total_reply_count":0,"_bbp_voice_count":0,"_bbp_anonymous_reply_count":0,"_bbp_topic_count_hidden":0,"_bbp_reply_count_hidden":0,"_bbp_forum_subforum_count":0,"content-type":"","iawp_total_views":0,"footnotes":""},"categories":[125],"tags":[],"class_list":{"0":"post-56621","1":"post","2":"type-post","3":"status-publish","4":"format-standard","5":"has-post-thumbnail","7":"category-arte-y-espectaculos"},"_links":{"self":[{"href":"https:\/\/influencias.do\/index.php\/wp-json\/wp\/v2\/posts\/56621","targetHints":{"allow":["GET"]}}],"collection":[{"href":"https:\/\/influencias.do\/index.php\/wp-json\/wp\/v2\/posts"}],"about":[{"href":"https:\/\/influencias.do\/index.php\/wp-json\/wp\/v2\/types\/post"}],"author":[{"embeddable":true,"href":"https:\/\/influencias.do\/index.php\/wp-json\/wp\/v2\/users\/1"}],"replies":[{"embeddable":true,"href":"https:\/\/influencias.do\/index.php\/wp-json\/wp\/v2\/comments?post=56621"}],"version-history":[{"count":1,"href":"https:\/\/influencias.do\/index.php\/wp-json\/wp\/v2\/posts\/56621\/revisions"}],"predecessor-version":[{"id":56623,"href":"https:\/\/influencias.do\/index.php\/wp-json\/wp\/v2\/posts\/56621\/revisions\/56623"}],"wp:featuredmedia":[{"embeddable":true,"href":"https:\/\/influencias.do\/index.php\/wp-json\/wp\/v2\/media\/56622"}],"wp:attachment":[{"href":"https:\/\/influencias.do\/index.php\/wp-json\/wp\/v2\/media?parent=56621"}],"wp:term":[{"taxonomy":"category","embeddable":true,"href":"https:\/\/influencias.do\/index.php\/wp-json\/wp\/v2\/categories?post=56621"},{"taxonomy":"post_tag","embeddable":true,"href":"https:\/\/influencias.do\/index.php\/wp-json\/wp\/v2\/tags?post=56621"}],"curies":[{"name":"wp","href":"https:\/\/api.w.org\/{rel}","templated":true}]}}