{"id":56618,"date":"2025-09-22T13:07:40","date_gmt":"2025-09-22T13:07:40","guid":{"rendered":"https:\/\/influencias.do\/?p=56618"},"modified":"2025-09-22T13:07:40","modified_gmt":"2025-09-22T13:07:40","slug":"los-republicanos-convierten-a-charlie-kirk-en-martir-conservador-en-una-multitudinaria-despedida","status":"publish","type":"post","link":"https:\/\/influencias.do\/index.php\/2025\/09\/22\/los-republicanos-convierten-a-charlie-kirk-en-martir-conservador-en-una-multitudinaria-despedida\/","title":{"rendered":"Los republicanos convierten a Charlie Kirk en m\u00e1rtir conservador en una multitudinaria despedida"},"content":{"rendered":"<p style=\"text-align: justify;\">Glendale (EE.UU.) (EFE).- Apenas once d\u00edas despu\u00e9s del tr\u00e1gico asesinato del activista Charlie Kirk, miles de sus seguidores se congregaron para rendirle homenaje en un acto en su honor que trascendi\u00f3 el duelo para convertirse en una proclamaci\u00f3n pol\u00edtica, con discursos del presidente Donald Trump y otros miembros de su Gobierno que lo presentaron como un m\u00e1rtir moderno de la causa conservadora.<\/p>\n<p style=\"text-align: justify;\">\u00abFue un terrible atentado contra los Estados Unidos de Am\u00e9rica. Fue un atentado contra nuestras libertades m\u00e1s sagradas y nuestros derechos fundamentales, otorgados por Dios. El arma estaba apuntada contra \u00e9l, pero la bala iba dirigida contra todos nosotros, contra cada uno de nosotros\u00bb, dijo Trump en un evento que tuvo la escala de un gran funeral de Estado.<\/p>\n<figure style=\"text-align: justify;\"><img loading=\"lazy\" loading=\"lazy\" decoding=\"async\" src=\"https:\/\/i0.wp.com\/efe.com\/wp-content\/uploads\/2025\/09\/TRUMP-VIUDA-KIRK.webp?resize=900%2C600&amp;ssl=1\" sizes=\"auto, (max-width: 900px) 100vw, 900px\" srcset=\"https:\/\/i0.wp.com\/efe.com\/wp-content\/uploads\/2025\/09\/TRUMP-VIUDA-KIRK.webp?w=900&amp;ssl=1 900w, https:\/\/i0.wp.com\/efe.com\/wp-content\/uploads\/2025\/09\/TRUMP-VIUDA-KIRK.webp?resize=300%2C200&amp;ssl=1 300w, https:\/\/i0.wp.com\/efe.com\/wp-content\/uploads\/2025\/09\/TRUMP-VIUDA-KIRK.webp?resize=768%2C512&amp;ssl=1 768w, https:\/\/i0.wp.com\/efe.com\/wp-content\/uploads\/2025\/09\/TRUMP-VIUDA-KIRK.webp?resize=430%2C286&amp;ssl=1 430w\" alt=\"Homenaje a Charlie Kirk en Arizona\" width=\"900\" height=\"600\" data-recalc-dims=\"1\" \/><figcaption>El presidente de EE.UU., Donald Trump, y la viuda de Charlie Kirk en el homenaje al activista asesinado. EFE\/EPA\/Caroline Brehman<\/figcaption><\/figure>\n<h2 id=\"h-un-heroe-nacional\" style=\"text-align: justify;\">\u00abUn h\u00e9roe nacional\u00bb<\/h2>\n<p style=\"text-align: justify;\">El mandatario apareci\u00f3 en el escenario del Estadio State Farm una hora despu\u00e9s de lo previsto y, frente a una multitud de 73.000 personas,\u00a0<a href=\"https:\/\/efe.com\/mundo\/2025-09-21\/charlie-kirk-funeral-trump\/\" target=\"_blank\" rel=\"noreferrer noopener\" data-mrf-link=\"https:\/\/efe.com\/mundo\/2025-09-21\/charlie-kirk-funeral-trump\/\">llam\u00f3 a Kirk un \u00abh\u00e9roe nacional\u00bb<\/a>, uno de \u00ablos m\u00e1s grandes patriotas de la historia de EE.UU.\u00bb y una de las \u00abfiguras m\u00e1s influyentes\u00bb de las elecciones que lo colocaron en el poder en noviembre de 2024.<\/p>\n<p style=\"text-align: justify;\"><a href=\"https:\/\/efe.com\/noticias\/trump-3\/\" data-mrf-link=\"https:\/\/efe.com\/noticias\/trump-3\/\">Trump<\/a> record\u00f3, para algarab\u00eda de los presentes, que le otorgar\u00eda de manera p\u00f3stuma la Medalla Presidencial de la Libertad, el mayor honor civil que se entrega en Estados Unidos, en una ceremonia en Washington.<\/p>\n<p style=\"text-align: justify;\">Antes del presidente, Erika Kirk, la viuda del activista ultraconservador\u00a0asesinado el 10 de septiembre\u00a0por el impacto de una bala mientras ofrec\u00eda una charla en la Universidad Utah Valley, subi\u00f3 al escenario vestida de blanco para dedicar unas palabras a su esposo.<\/p>\n<p style=\"text-align: justify;\">Entre l\u00e1grimas, la ahora directora ejecutiva de Turning Point, la organizaci\u00f3n sin fines de lucro dedicada a promover valores conservadores entre los j\u00f3venes en EE.UU. fundada por su marido,<a href=\"https:\/\/efe.com\/mundo\/2025-09-22\/charlie-kirk-esposa-funeral-trump\/\" data-mrf-link=\"https:\/\/efe.com\/mundo\/2025-09-22\/charlie-kirk-esposa-funeral-trump\/\">\u00a0asegur\u00f3 que perdonaba al joven<\/a>\u00a0de 22 a\u00f1os sospechoso de haberle quitado la vida:<\/p>\n<p style=\"text-align: justify;\">\u00abMi esposo quer\u00eda salvar a j\u00f3venes, como el que le quit\u00f3 la vida (\u2026) A ese hombre, a ese joven, lo perdono. Lo perdono porque fue lo que hizo Cristo y es lo que Charlie har\u00eda\u00bb, dijo Kirk<\/p>\n<p style=\"text-align: justify;\">El evento, que se extendi\u00f3 por casi cinco horas, tambi\u00e9n cont\u00f3 con la intervenci\u00f3n del vicepresidente,\u00a0<a href=\"https:\/\/efe.com\/mundo\/2025-09-15\/charlie-kirk-asesinato-jd-vance\/\" target=\"_blank\" rel=\"noreferrer noopener\" data-mrf-link=\"https:\/\/efe.com\/mundo\/2025-09-15\/charlie-kirk-asesinato-jd-vance\/\">JD Vance,<\/a>\u00a0quiz\u00e1s el m\u00e1s cercano al activista y uno de los m\u00e1s ovacionados de la jornada.<\/p>\n<p style=\"text-align: justify;\">Vance tambi\u00e9n atribuy\u00f3 parte de su triunfo electoral, y el del presidente, al legado de Kirk.<\/p>\n<p style=\"text-align: justify;\">\u00abToda la Administraci\u00f3n est\u00e1 aqu\u00ed y no solamente porque era nuestro amigo, sino porque gracias a \u00e9l estamos aqu\u00ed\u00bb, mencion\u00f3.<\/p>\n<p style=\"text-align: justify;\">Por su parte, Stephen Miller, subjefe de Gabinete de la Casa Blanca, ofreci\u00f3 probablemente el discurso m\u00e1s enfervorecido de la jornada al se\u00f1alar el asesinato como parte de una ofensiva contra el movimiento conservador.<\/p>\n<p style=\"text-align: justify;\">\u00abCre\u00edste que pod\u00edas matar a Charlie Kirk. Lo hiciste inmortal. Inmortalizaste a\u00a0<a href=\"https:\/\/efe.com\/mundo\/2025-09-11\/quien-es-charlie-kirk-asesinato-trump-eeuu\/\" target=\"_blank\" rel=\"noreferrer noopener\" data-mrf-link=\"https:\/\/efe.com\/mundo\/2025-09-11\/quien-es-charlie-kirk-asesinato-trump-eeuu\/\">Charlie Kirk<\/a>, y ahora millones continuar\u00e1n su legado\u00bb, mencion\u00f3.<\/p>\n<h2 id=\"h-cristianismo-y-politica-se-entrelazan-en-el-homenaje-a-kirk-nbsp\" style=\"text-align: justify;\">Cristianismo y pol\u00edtica se entrelazan en el homenaje a Kirk<\/h2>\n<p style=\"text-align: justify;\">Los discursos de todos los l\u00edderes evidenciaron la consolidaci\u00f3n definitiva del\u00a0<a href=\"https:\/\/efe.com\/euro-efe\/2025-09-20\/extrema-derecha-europea-charlie-kirk\/\" data-mrf-link=\"https:\/\/efe.com\/euro-efe\/2025-09-20\/extrema-derecha-europea-charlie-kirk\/\">v\u00ednculo entre el conservadurismo cristiano y el trumpismo.\u00a0<\/a><\/p>\n<p style=\"text-align: justify;\">El presidente asegur\u00f3 que, adem\u00e1s de su compromiso de \u00abdevolver la grandeza a Estados Unidos\u00bb, tambi\u00e9n buscaba \u00abtraer de vuelta a Dios al pa\u00eds\u00bb.<\/p>\n<p style=\"text-align: justify;\">Por su parte, el secretario de Estado, Marco Rubio, compar\u00f3 la labor del activista con la de Jesucristo, destacando que Kirk era conocido por acercarse a los j\u00f3venes en las escuelas para promover los valores del Partido Republicano.<\/p>\n<p style=\"text-align: justify;\">Asimismo, el secretario de Defensa, Pete Hegseth, asegur\u00f3 que la traducci\u00f3n de Kirk del alem\u00e1n significaba \u00abiglesia\u00bb, por lo que este domingo ah\u00ed, en el estadio, todos se encontraban \u00aben la iglesia de Charlie\u00bb.<\/p>\n<p style=\"text-align: justify;\">Vance confes\u00f3 que en ocasiones se sent\u00eda intimidado al hablar de su fe en Dios, pero que eso hab\u00eda cambiado desde la muerte de Kirk: \u00abHe hablado m\u00e1s de Jesucristo en las \u00faltimas dos semanas que en toda mi vida, ese es un innegable legado de Kirk\u00bb.<\/p>\n<h2 id=\"h-larga-espera\" style=\"text-align: justify;\">Larga espera<\/h2>\n<figure style=\"text-align: justify;\"><img loading=\"lazy\" loading=\"lazy\" decoding=\"async\" src=\"https:\/\/i0.wp.com\/efe.com\/wp-content\/uploads\/2025\/09\/FUNERAL-KIRK.webp?resize=900%2C600&amp;ssl=1\" sizes=\"auto, (max-width: 900px) 100vw, 900px\" srcset=\"https:\/\/i0.wp.com\/efe.com\/wp-content\/uploads\/2025\/09\/FUNERAL-KIRK.webp?w=900&amp;ssl=1 900w, https:\/\/i0.wp.com\/efe.com\/wp-content\/uploads\/2025\/09\/FUNERAL-KIRK.webp?resize=300%2C200&amp;ssl=1 300w, https:\/\/i0.wp.com\/efe.com\/wp-content\/uploads\/2025\/09\/FUNERAL-KIRK.webp?resize=768%2C512&amp;ssl=1 768w, https:\/\/i0.wp.com\/efe.com\/wp-content\/uploads\/2025\/09\/FUNERAL-KIRK.webp?resize=430%2C286&amp;ssl=1 430w\" alt=\"Homenaje a Charlie Kirk en Arizona\" width=\"900\" height=\"600\" data-recalc-dims=\"1\" \/><figcaption>Asistentes al funeral de Charlie Kirk este domingo, en el Estadio State Farm, en Glendale (Estados Unidos). EFE\/ M\u00f3nica Rubalcava<\/figcaption><\/figure>\n<p style=\"text-align: justify;\">Desde la madrugada, decenas de miles de personas esperaron a las afueras del Estadio State Farm, en Arizona, decididas a rendir homenaje a Kirk. Ataviados con los colores patrios y camisetas con lemas como \u00abLibertad\u00bb o \u00abYo soy Charlie Kirk\u00bb, los asistentes buscaban honrar el legado del activista.<\/p>\n<p style=\"text-align: justify;\">Sydney, una mujer de 56 a\u00f1os que viaj\u00f3 desde Tucson, explic\u00f3 que su presencia buscaba celebrar la apertura al debate que siempre mostr\u00f3 Kirk.<\/p>\n<p style=\"text-align: justify;\">\u00abA veces siento que me tengo que callar lo que pienso. Yo entiendo la diferencia de opiniones, pero estamos en puntos tan diferentes que parece que ya no hay sentido com\u00fan y ni siquiera s\u00e9 c\u00f3mo superarlo, y parece que Kirk lo estaba intentando\u00bb, dijo a EFE.<\/p>\n<p style=\"text-align: justify;\">El homenaje fue designado por el Departamento de Seguridad Nacional (DHS) con la calificaci\u00f3n de seguridad m\u00e1s alta de la agencia, y tambi\u00e9n cont\u00f3 con discursos del secretario de Salud, Robert F. Kennedy Jr., o la directora de Inteligencia Nacional, Tulsi Gabbard.<\/p>\n<p style=\"text-align: justify;\">EFE<\/p>\n","protected":false},"excerpt":{"rendered":"<p>Glendale (EE.UU.) (EFE).- Apenas once d\u00edas despu\u00e9s del tr\u00e1gico asesinato del activista Charlie Kirk, miles de sus seguidores se congregaron para rendirle homenaje en un acto en su honor que trascendi\u00f3 el duelo para convertirse en una proclamaci\u00f3n pol\u00edtica, con discursos del presidente Donald Trump y otros miembros de su Gobierno que lo presentaron como [&hellip;]<\/p>\n","protected":false},"author":1,"featured_media":56619,"comment_status":"open","ping_status":"open","sticky":false,"template":"","format":"standard","meta":{"_bbp_topic_count":0,"_bbp_reply_count":0,"_bbp_total_topic_count":0,"_bbp_total_reply_count":0,"_bbp_voice_count":0,"_bbp_anonymous_reply_count":0,"_bbp_topic_count_hidden":0,"_bbp_reply_count_hidden":0,"_bbp_forum_subforum_count":0,"content-type":"","iawp_total_views":0,"footnotes":""},"categories":[109],"tags":[],"class_list":{"0":"post-56618","1":"post","2":"type-post","3":"status-publish","4":"format-standard","5":"has-post-thumbnail","7":"category-internacionales"},"_links":{"self":[{"href":"https:\/\/influencias.do\/index.php\/wp-json\/wp\/v2\/posts\/56618","targetHints":{"allow":["GET"]}}],"collection":[{"href":"https:\/\/influencias.do\/index.php\/wp-json\/wp\/v2\/posts"}],"about":[{"href":"https:\/\/influencias.do\/index.php\/wp-json\/wp\/v2\/types\/post"}],"author":[{"embeddable":true,"href":"https:\/\/influencias.do\/index.php\/wp-json\/wp\/v2\/users\/1"}],"replies":[{"embeddable":true,"href":"https:\/\/influencias.do\/index.php\/wp-json\/wp\/v2\/comments?post=56618"}],"version-history":[{"count":1,"href":"https:\/\/influencias.do\/index.php\/wp-json\/wp\/v2\/posts\/56618\/revisions"}],"predecessor-version":[{"id":56620,"href":"https:\/\/influencias.do\/index.php\/wp-json\/wp\/v2\/posts\/56618\/revisions\/56620"}],"wp:featuredmedia":[{"embeddable":true,"href":"https:\/\/influencias.do\/index.php\/wp-json\/wp\/v2\/media\/56619"}],"wp:attachment":[{"href":"https:\/\/influencias.do\/index.php\/wp-json\/wp\/v2\/media?parent=56618"}],"wp:term":[{"taxonomy":"category","embeddable":true,"href":"https:\/\/influencias.do\/index.php\/wp-json\/wp\/v2\/categories?post=56618"},{"taxonomy":"post_tag","embeddable":true,"href":"https:\/\/influencias.do\/index.php\/wp-json\/wp\/v2\/tags?post=56618"}],"curies":[{"name":"wp","href":"https:\/\/api.w.org\/{rel}","templated":true}]}}