{"id":56458,"date":"2025-09-18T18:08:08","date_gmt":"2025-09-18T18:08:08","guid":{"rendered":"https:\/\/influencias.do\/?p=56458"},"modified":"2025-09-18T18:08:25","modified_gmt":"2025-09-18T18:08:25","slug":"danilo-medina-juramenta-dirigentes-que-regresan-al-pld-en-el-programa-de-vuelta-a-casa","status":"publish","type":"post","link":"https:\/\/influencias.do\/index.php\/2025\/09\/18\/danilo-medina-juramenta-dirigentes-que-regresan-al-pld-en-el-programa-de-vuelta-a-casa\/","title":{"rendered":"Danilo juramenta dirigentes\u00a0\u00a0que regresan al PLD en el programa \u201cDe Vuelta a Casa\u201d\u00a0\u00a0"},"content":{"rendered":"<p style=\"font-weight: 400; text-align: justify;\">Santo Domingo.- El Presidente del Partido de la Liberaci\u00f3n Dominicana (PLD), Danilo Medina,\u00a0\u00a0tom\u00f3 el juramento de reingreso a la organizaci\u00f3n pol\u00edtica de varios dirigentes provenientes de otros partidos pol\u00edticos, entre ellos el PRM.<\/p>\n<p style=\"font-weight: 400; text-align: justify;\">Con estas juramentaciones realizadas\u00a0\u00a0por separado en las oficinas de la Presidencia del PLD, se da continuidad al esquema \u201cDe Vuelta a Casa\u201d, mediante el cual cientos de ex\u00a0\u00a0dirigentes retoman su membres\u00eda en el Partido de la Liberaci\u00f3n Dominicana.<\/p>\n<p style=\"font-weight: 400; text-align: justify;\">Se suma a este\u00a0\u00a0reingreso al PLD,\u00a0\u00a0las masivas juramentaciones de nuevos miembros\u00a0\u00a0que encabeza el presidente Danilo Medina en las asambleas de dirigentes que se celebran los fines de semana en el territorio nacional, fortaleciendo la organizaci\u00f3n pol\u00edtica.<\/p>\n<p style=\"font-weight: 400; text-align: justify;\">Sandra Reynoso, de Villa La Mata, provincia S\u00e1nchez Ram\u00edrez, quien fuera candidata a alcaldesa de ese municipio por otro partido,\u00a0\u00a0regresa al PLD, comprometi\u00e9ndose,\u00a0\u00a0junto a dos j\u00f3venes integrantes de su equipo,\u00a0\u00a0a trabajar con firmeza por el fortalecimiento del PLD y por el regreso del Partido de la Liberaci\u00f3n Dominicana al Gobierno<\/p>\n<p style=\"font-weight: 400; text-align: justify;\">Por igual V\u00edctor Pe\u00f1a, del sector Cristo Rey en el Distrito Nacional, regresa a su casa, el Partido de la Liberaci\u00f3n Dominicana, luego de una corta\u00a0\u00a0membres\u00eda en otra fuerza pol\u00edtica<\/p>\n<p style=\"font-weight: 400; text-align: justify;\">Junior de Jes\u00fas, fue tambi\u00e9n juramentado por el Presidente Danilo Medina, procedente del\u00a0\u00a0PRM en donde hab\u00eda sido candidato a regidor.<\/p>\n<p style=\"font-weight: 400; text-align: justify;\">Los juramentados\u00a0\u00a0miembros del PLD son asentados en el padr\u00f3n del partido morado de la estrella amarilla y ser\u00e1n asignados a un recinto electoral en donde ejercen su derecho al voto para desde all\u00ed realizar las tareas partidarias que se les asignen.<\/p>\n","protected":false},"excerpt":{"rendered":"<p>Santo Domingo.- El Presidente del Partido de la Liberaci\u00f3n Dominicana (PLD), Danilo Medina,\u00a0\u00a0tom\u00f3 el juramento de reingreso a la organizaci\u00f3n pol\u00edtica de varios dirigentes provenientes de otros partidos pol\u00edticos, entre ellos el PRM. Con estas juramentaciones realizadas\u00a0\u00a0por separado en las oficinas de la Presidencia del PLD, se da continuidad al esquema \u201cDe Vuelta a Casa\u201d, [&hellip;]<\/p>\n","protected":false},"author":1,"featured_media":56459,"comment_status":"open","ping_status":"open","sticky":false,"template":"","format":"standard","meta":{"_bbp_topic_count":0,"_bbp_reply_count":0,"_bbp_total_topic_count":0,"_bbp_total_reply_count":0,"_bbp_voice_count":0,"_bbp_anonymous_reply_count":0,"_bbp_topic_count_hidden":0,"_bbp_reply_count_hidden":0,"_bbp_forum_subforum_count":0,"content-type":"","iawp_total_views":0,"footnotes":""},"categories":[106],"tags":[],"class_list":{"0":"post-56458","1":"post","2":"type-post","3":"status-publish","4":"format-standard","5":"has-post-thumbnail","7":"category-politica"},"_links":{"self":[{"href":"https:\/\/influencias.do\/index.php\/wp-json\/wp\/v2\/posts\/56458","targetHints":{"allow":["GET"]}}],"collection":[{"href":"https:\/\/influencias.do\/index.php\/wp-json\/wp\/v2\/posts"}],"about":[{"href":"https:\/\/influencias.do\/index.php\/wp-json\/wp\/v2\/types\/post"}],"author":[{"embeddable":true,"href":"https:\/\/influencias.do\/index.php\/wp-json\/wp\/v2\/users\/1"}],"replies":[{"embeddable":true,"href":"https:\/\/influencias.do\/index.php\/wp-json\/wp\/v2\/comments?post=56458"}],"version-history":[{"count":2,"href":"https:\/\/influencias.do\/index.php\/wp-json\/wp\/v2\/posts\/56458\/revisions"}],"predecessor-version":[{"id":56461,"href":"https:\/\/influencias.do\/index.php\/wp-json\/wp\/v2\/posts\/56458\/revisions\/56461"}],"wp:featuredmedia":[{"embeddable":true,"href":"https:\/\/influencias.do\/index.php\/wp-json\/wp\/v2\/media\/56459"}],"wp:attachment":[{"href":"https:\/\/influencias.do\/index.php\/wp-json\/wp\/v2\/media?parent=56458"}],"wp:term":[{"taxonomy":"category","embeddable":true,"href":"https:\/\/influencias.do\/index.php\/wp-json\/wp\/v2\/categories?post=56458"},{"taxonomy":"post_tag","embeddable":true,"href":"https:\/\/influencias.do\/index.php\/wp-json\/wp\/v2\/tags?post=56458"}],"curies":[{"name":"wp","href":"https:\/\/api.w.org\/{rel}","templated":true}]}}