{"id":56331,"date":"2025-09-16T13:12:05","date_gmt":"2025-09-16T13:12:05","guid":{"rendered":"https:\/\/influencias.do\/?p=56331"},"modified":"2025-09-16T13:12:05","modified_gmt":"2025-09-16T13:12:05","slug":"ee-uu-elimina-a-colombia-de-la-lista-de-paises-que-combaten-al-narcotrafico-y-petro-anuncia-contramedidas","status":"publish","type":"post","link":"https:\/\/influencias.do\/index.php\/2025\/09\/16\/ee-uu-elimina-a-colombia-de-la-lista-de-paises-que-combaten-al-narcotrafico-y-petro-anuncia-contramedidas\/","title":{"rendered":"EE.UU. elimina a Colombia de la lista de pa\u00edses que combaten al narcotr\u00e1fico y Petro anuncia contramedidas"},"content":{"rendered":"<p>La Administraci\u00f3n del presidente de Estados Unidos, Donald Trump, elimin\u00f3 a Colombia de la lista de pa\u00edses que luchan contra las drogas, junto a otras cuatro naciones, por haber \u00abincumplido manifiestamente\u00bb en el \u00faltimo a\u00f1o sus obligaciones en virtud de los acuerdos internacionales de antinarc\u00f3ticos, seg\u00fan un comunicado del Departamento de Estado.<\/p>\n<p>\u00abEl cultivo de coca y la producci\u00f3n de coca\u00edna han alcanzado r\u00e9cords hist\u00f3ricos bajo la presidencia de Gustavo Petro y sus fallidos intentos de llegar a acuerdos con los grupos narcoterroristas solo han exacerbado la crisis\u00bb, indic\u00f3 el Departamento de Estado.<\/p>\n<p>Junto a Colombia, Estados Unidos excluy\u00f3 de la lista -por los mismos motivos de \u201cincumplimiento\u201d- a Afganist\u00e1n, Bolivia, Venezuela y Birmania.<\/p>\n<p>Sobre Colombia, el Departamento de Estado afirma que considerar\u00e1 no quitar al pa\u00eds de la lista si el Gobierno de Petro: \u00abAdopta medidas agresivas para erradicar la coca y reducir el tr\u00e1fico de coca\u00edna, as\u00ed como para responsabilizar a quienes se benefician de ella\u00bb.<\/p>\n<figure class=\"wp-block-image size-full is-resized\"><img loading=\"lazy\" loading=\"lazy\" decoding=\"async\" class=\"wp-image-2148094\" src=\"https:\/\/i0.wp.com\/efe.com\/wp-content\/uploads\/2025\/09\/Donald_Trump_Estados_Unidos_drogas.webp?resize=900%2C600&amp;ssl=1\" sizes=\"auto, (max-width: 900px) 100vw, 900px\" srcset=\"https:\/\/i0.wp.com\/efe.com\/wp-content\/uploads\/2025\/09\/Donald_Trump_Estados_Unidos_drogas.webp?w=900&amp;ssl=1 900w, https:\/\/i0.wp.com\/efe.com\/wp-content\/uploads\/2025\/09\/Donald_Trump_Estados_Unidos_drogas.webp?resize=300%2C200&amp;ssl=1 300w, https:\/\/i0.wp.com\/efe.com\/wp-content\/uploads\/2025\/09\/Donald_Trump_Estados_Unidos_drogas.webp?resize=768%2C512&amp;ssl=1 768w, https:\/\/i0.wp.com\/efe.com\/wp-content\/uploads\/2025\/09\/Donald_Trump_Estados_Unidos_drogas.webp?resize=430%2C286&amp;ssl=1 430w\" alt=\"EE.UU. elimina a Colombia de la lista de pa\u00edses que combaten al narcotr\u00e1fico y Petro anuncia contramedidas\" width=\"900\" height=\"600\" data-recalc-dims=\"1\" \/><figcaption class=\"wp-element-caption\">Fotograf\u00eda de archivo del presidente estadounidense, Donald Trump. EFE\/EPA\/ Samuel Corum<\/figcaption><\/figure>\n<p>El comunicado agrega que los pa\u00edses que no \u00abatiendan sus responsabilidades\u00bb como lugares de donde se origina y transitan las drogas \u00abenfrentar\u00e1n graves consecuencias\u00bb.<\/p>\n<p>Aun as\u00ed, el Departamento de Estado insisti\u00f3 en su misiva que sigue considerando como \u00abvital para los intereses nacionales de Estados Unidos\u00bb la asistencia a Colombia, as\u00ed como a Bolivia, Venezuela y Birmania.<\/p>\n<h2 id=\"h-la-reaccion-de-colombia-a-la-descertificacion\" class=\"wp-block-heading\">La reacci\u00f3n de Colombia a la descertificaci\u00f3n<\/h2>\n<p>La noticia la anticip\u00f3 una hora antes el presidente de Colombia, Gustavo Petro, quien afirm\u00f3 que el Gobierno de Estados Unidos descertificar\u00e1 a su pa\u00eds en la lucha contra las drogas, en medio de tensiones diplom\u00e1ticas bilaterales y del despliegue militar de Washington en el Caribe con el fin de frenar el narcotr\u00e1fico.<\/p>\n<p>\u00abUna realidad que voy a anunciar hoy es que los Estados Unidos nos descertifica despu\u00e9s de decenas de muertos, de polic\u00edas, sobre todo, de soldados, de gente del com\u00fan tratando de impedir que les llegue la coca\u00edna\u00bb, afirm\u00f3 el mandatario durante un consejo de ministros televisado.<\/p>\n<p>La certificaci\u00f3n es una evaluaci\u00f3n que Estados Unidos hace cada a\u00f1o desde 1986 sobre los esfuerzos antinarc\u00f3ticos de una veintena de pa\u00edses productores.<\/p>\n<figure class=\"wp-block-image size-full is-resized\"><img loading=\"lazy\" loading=\"lazy\" decoding=\"async\" class=\"wp-image-2148048\" src=\"https:\/\/i0.wp.com\/efe.com\/wp-content\/uploads\/2025\/09\/Soldado_Colombia_drogas.webp?resize=900%2C588&amp;ssl=1\" sizes=\"auto, (max-width: 900px) 100vw, 900px\" srcset=\"https:\/\/i0.wp.com\/efe.com\/wp-content\/uploads\/2025\/09\/Soldado_Colombia_drogas.webp?w=900&amp;ssl=1 900w, https:\/\/i0.wp.com\/efe.com\/wp-content\/uploads\/2025\/09\/Soldado_Colombia_drogas.webp?resize=300%2C196&amp;ssl=1 300w, https:\/\/i0.wp.com\/efe.com\/wp-content\/uploads\/2025\/09\/Soldado_Colombia_drogas.webp?resize=768%2C502&amp;ssl=1 768w, https:\/\/i0.wp.com\/efe.com\/wp-content\/uploads\/2025\/09\/Soldado_Colombia_drogas.webp?resize=430%2C281&amp;ssl=1 430w\" alt=\"Petro anuncia que Estados Unidos descertificar\u00e1 a Colombia en la lucha contra las drogas\" width=\"900\" height=\"588\" data-recalc-dims=\"1\" \/><figcaption class=\"wp-element-caption\">Fotograf\u00eda de archivo de un comando jungla del Ej\u00e9rcito colombiano vigilando un laboratorio de coca\u00edna, en Tumaco (Colombia). EFE\/ Mauricio Due\u00f1as Casta\u00f1eda<\/figcaption><\/figure>\n<p>En ese sentido, Petro defendi\u00f3 que todo lo que hace el Gobierno en la lucha contra las drogas \u00abrealmente no tiene que ver con el pueblo colombiano, incluso se afecta al pueblo colombiano\u00bb, sino que busca \u00abimpedirle a la sociedad norteamericana que no se embadurne m\u00e1s las narices con las ganas de trabajar, trabajar y trabajar, porque esa droga es un estimulante\u00bb.<\/p>\n<h2 id=\"h-la-contramedida-de-petro\" class=\"wp-block-heading\">La contramedida de Petro<\/h2>\n<p>As\u00ed las cosas, respondiendo a lo que calific\u00f3 como una decisi\u00f3n supuestamente \u00abpol\u00edtica de Washington\u00bb, el presidente Petro afirm\u00f3 que las Fuerzas Militares de su pa\u00eds dejar\u00e1n de depender del armamento de Estados Unidos.<\/p>\n<p>\u00abSe acaba la dependencia del Ej\u00e9rcito de Colombia y de sus Fuerzas Militares del armamento de los Estados Unidos. No m\u00e1s limosnas ni regalos. Ya descertificaron, ya esa es la decisi\u00f3n. Al Ej\u00e9rcito de Colombia le va mejor si compra sus armas o las hace con nuestros recursos propios, porque sino no ser\u00e1 un Ej\u00e9rcito de la soberan\u00eda nacional\u00bb, expres\u00f3.<\/p>\n<figure class=\"wp-block-image size-full is-resized\"><img loading=\"lazy\" loading=\"lazy\" decoding=\"async\" class=\"wp-image-2148065\" src=\"https:\/\/i0.wp.com\/efe.com\/wp-content\/uploads\/2025\/09\/Ejercito_Colombia.webp?resize=900%2C566&amp;ssl=1\" sizes=\"auto, (max-width: 900px) 100vw, 900px\" srcset=\"https:\/\/i0.wp.com\/efe.com\/wp-content\/uploads\/2025\/09\/Ejercito_Colombia.webp?w=900&amp;ssl=1 900w, https:\/\/i0.wp.com\/efe.com\/wp-content\/uploads\/2025\/09\/Ejercito_Colombia.webp?resize=300%2C189&amp;ssl=1 300w, https:\/\/i0.wp.com\/efe.com\/wp-content\/uploads\/2025\/09\/Ejercito_Colombia.webp?resize=768%2C483&amp;ssl=1 768w, https:\/\/i0.wp.com\/efe.com\/wp-content\/uploads\/2025\/09\/Ejercito_Colombia.webp?resize=430%2C270&amp;ssl=1 430w\" alt=\"Petro anuncia que Estados Unidos descertificar\u00e1 a Colombia en la lucha contra las drogas\" width=\"900\" height=\"566\" data-recalc-dims=\"1\" \/><figcaption class=\"wp-element-caption\">Fotograf\u00eda de archivo de un grupo de militares del Ej\u00e9rcito de Colombia. EFE\/ Juan Jos\u00e9 Horta<\/figcaption><\/figure>\n<p>El mandatario agreg\u00f3 que como parte de esa orden, \u00ablos se\u00f1ores de la Polic\u00eda dejan de comprar pistolas Glock\u00bb, como la usada en el reciente asesinato del senador y precandidato presidencial Miguel Uribe Turbay, aunque esa arma en realidad es de fabricaci\u00f3n austriaca.<\/p>\n<h2 id=\"h-como-afecta-a-colombia-la-descertificacion-de-estados-unidos\" class=\"wp-block-heading\">\u00bfC\u00f3mo afecta a Colombia la descertificaci\u00f3n de Estados Unidos?<\/h2>\n<p>La descertificaci\u00f3n de Colombia afectar\u00e1 la cooperaci\u00f3n para enfrentar a carteles como el Clan del Golfo y guerrillas dedicadas al\u00a0<a href=\"https:\/\/efe.com\/mundo\/2025-08-25\/venezuela-destruccion-campamentos-grupos-armados-colombia\/\" data-mrf-link=\"https:\/\/efe.com\/mundo\/2025-08-25\/venezuela-destruccion-campamentos-grupos-armados-colombia\/\">narcotr\u00e1fico\u00a0<\/a>como el Ej\u00e9rcito de Liberaci\u00f3n Nacional (ELN) y las disidencias de las FARC que no se acogieron al acuerdo de paz de 2016.<\/p>\n<p>Pese a la descertificaci\u00f3n, el Gobierno colombiano insiste en que est\u00e1 dando resultados en la pol\u00edtica contra las drogas.<\/p>\n<p>En 2024 se incautaron en Colombia 889 toneladas de\u00a0<a href=\"https:\/\/efe.com\/mundo\/2025-08-21\/panama-puertos-infiltrados-narcotrafico-decomiso-cocaina-informe\/\" data-mrf-link=\"https:\/\/efe.com\/mundo\/2025-08-21\/panama-puertos-infiltrados-narcotrafico-decomiso-cocaina-informe\/\">coca\u00edna<\/a>, la \u00abmayor (cantidad) alcanzada por el pa\u00eds en un a\u00f1o y una de las m\u00e1s grandes reportadas en el mundo\u00bb, destac\u00f3 hoy en un comunicado el director de la Polic\u00eda, general Carlos Fernando Triana.<\/p>\n<p>En el primer semestre de 2025, las incautaciones sumaron 600 toneladas de coca\u00edna, un 20 % m\u00e1s que en el mismo periodo de 2024. Estos operativos, seg\u00fan el general Triana, costaron la vida de 107 miembros de la fuerza p\u00fablica, 79 de ellos polic\u00edas.<\/p>\n<h2 id=\"h-un-cambio-de-enfoque-en-la-lucha-contra-las-drogas\" class=\"wp-block-heading\">Un cambio de enfoque en la lucha contra las drogas<\/h2>\n<p>Desde que asumi\u00f3 la presidencia en agosto de 2022, Petro ha impulsado un\u00a0<a href=\"https:\/\/efe.com\/medio-ambiente\/2025-09-09\/petro-cambios-petroleo-preservar-amazonia\/\" data-mrf-link=\"https:\/\/efe.com\/medio-ambiente\/2025-09-09\/petro-cambios-petroleo-preservar-amazonia\/\">cambio de enfoque en la lucha antidrogas<\/a>, que considera fracasada, y suspendi\u00f3 la erradicaci\u00f3n forzada de coca, principal componente de la coca\u00edna, de la que Colombia es el mayor productor mundial.<\/p>\n<p>No obstante, un informe de la C\u00e1mara de Comercio Colombo Americana (AmCham Colombia), presentado en agosto, alert\u00f3 que en reducci\u00f3n de cultivos il\u00edcitos el desempe\u00f1o de Colombia \u00abes cr\u00edtico\u00bb, pues en 2023 hab\u00eda 252.572 hect\u00e1reas de coca, un 9,8 % m\u00e1s que en 2022, y una producci\u00f3n potencial de 2.644 toneladas m\u00e9tricas de coca\u00edna pura, lo que supone un aumento del 53 % respecto al a\u00f1o anterior.<\/p>\n<figure class=\"wp-block-image size-full is-resized\"><img loading=\"lazy\" loading=\"lazy\" decoding=\"async\" class=\"wp-image-2148052\" src=\"https:\/\/i0.wp.com\/efe.com\/wp-content\/uploads\/2025\/09\/Cultivo_cocaina_Colombia.webp?resize=900%2C558&amp;ssl=1\" sizes=\"auto, (max-width: 900px) 100vw, 900px\" srcset=\"https:\/\/i0.wp.com\/efe.com\/wp-content\/uploads\/2025\/09\/Cultivo_cocaina_Colombia.webp?w=900&amp;ssl=1 900w, https:\/\/i0.wp.com\/efe.com\/wp-content\/uploads\/2025\/09\/Cultivo_cocaina_Colombia.webp?resize=300%2C186&amp;ssl=1 300w, https:\/\/i0.wp.com\/efe.com\/wp-content\/uploads\/2025\/09\/Cultivo_cocaina_Colombia.webp?resize=768%2C476&amp;ssl=1 768w, https:\/\/i0.wp.com\/efe.com\/wp-content\/uploads\/2025\/09\/Cultivo_cocaina_Colombia.webp?resize=430%2C267&amp;ssl=1 430w\" alt=\"Petro anuncia que Estados Unidos descertificar\u00e1 a Colombia en la lucha contra las drogas\" width=\"900\" height=\"558\" data-recalc-dims=\"1\" \/><figcaption class=\"wp-element-caption\">Vista a\u00e9rea de archivo de una plantaci\u00f3n de hoja de coca, en Tumaco (Colombia). EFE\/ Mauricio Due\u00f1as Casta\u00f1eda<\/figcaption><\/figure>\n<p>A Colombia la descertificaron por \u00faltima vez en 1996 y 1997, durante el Gobierno de Ernesto Samper, acusado de recibir fondos il\u00edcitos del narcotr\u00e1fico para su campa\u00f1a.<\/p>\n<p>EFE<\/p>\n","protected":false},"excerpt":{"rendered":"<p>La Administraci\u00f3n del presidente de Estados Unidos, Donald Trump, elimin\u00f3 a Colombia de la lista de pa\u00edses que luchan contra las drogas, junto a otras cuatro naciones, por haber \u00abincumplido manifiestamente\u00bb en el \u00faltimo a\u00f1o sus obligaciones en virtud de los acuerdos internacionales de antinarc\u00f3ticos, seg\u00fan un comunicado del Departamento de Estado. \u00abEl cultivo de [&hellip;]<\/p>\n","protected":false},"author":1,"featured_media":56332,"comment_status":"open","ping_status":"open","sticky":false,"template":"","format":"standard","meta":{"_bbp_topic_count":0,"_bbp_reply_count":0,"_bbp_total_topic_count":0,"_bbp_total_reply_count":0,"_bbp_voice_count":0,"_bbp_anonymous_reply_count":0,"_bbp_topic_count_hidden":0,"_bbp_reply_count_hidden":0,"_bbp_forum_subforum_count":0,"content-type":"","iawp_total_views":0,"footnotes":""},"categories":[1],"tags":[],"class_list":{"0":"post-56331","1":"post","2":"type-post","3":"status-publish","4":"format-standard","5":"has-post-thumbnail","7":"category-portada"},"_links":{"self":[{"href":"https:\/\/influencias.do\/index.php\/wp-json\/wp\/v2\/posts\/56331","targetHints":{"allow":["GET"]}}],"collection":[{"href":"https:\/\/influencias.do\/index.php\/wp-json\/wp\/v2\/posts"}],"about":[{"href":"https:\/\/influencias.do\/index.php\/wp-json\/wp\/v2\/types\/post"}],"author":[{"embeddable":true,"href":"https:\/\/influencias.do\/index.php\/wp-json\/wp\/v2\/users\/1"}],"replies":[{"embeddable":true,"href":"https:\/\/influencias.do\/index.php\/wp-json\/wp\/v2\/comments?post=56331"}],"version-history":[{"count":1,"href":"https:\/\/influencias.do\/index.php\/wp-json\/wp\/v2\/posts\/56331\/revisions"}],"predecessor-version":[{"id":56333,"href":"https:\/\/influencias.do\/index.php\/wp-json\/wp\/v2\/posts\/56331\/revisions\/56333"}],"wp:featuredmedia":[{"embeddable":true,"href":"https:\/\/influencias.do\/index.php\/wp-json\/wp\/v2\/media\/56332"}],"wp:attachment":[{"href":"https:\/\/influencias.do\/index.php\/wp-json\/wp\/v2\/media?parent=56331"}],"wp:term":[{"taxonomy":"category","embeddable":true,"href":"https:\/\/influencias.do\/index.php\/wp-json\/wp\/v2\/categories?post=56331"},{"taxonomy":"post_tag","embeddable":true,"href":"https:\/\/influencias.do\/index.php\/wp-json\/wp\/v2\/tags?post=56331"}],"curies":[{"name":"wp","href":"https:\/\/api.w.org\/{rel}","templated":true}]}}