{"id":56311,"date":"2025-09-15T20:23:44","date_gmt":"2025-09-15T20:23:44","guid":{"rendered":"https:\/\/influencias.do\/?p=56311"},"modified":"2025-09-15T20:23:44","modified_gmt":"2025-09-15T20:23:44","slug":"raquel-pena-preside-esta-tarde-reunion-del-consejo-nacional-de-la-magistratura","status":"publish","type":"post","link":"https:\/\/influencias.do\/index.php\/2025\/09\/15\/raquel-pena-preside-esta-tarde-reunion-del-consejo-nacional-de-la-magistratura\/","title":{"rendered":"Raquel Pe\u00f1a preside esta tarde reuni\u00f3n del Consejo Nacional de la Magistratura"},"content":{"rendered":"\r\n<p style=\"text-align: justify;\"><strong>Santo Domingo.-<\/strong> En estos momentos se encuentra reunido el Consejo Nacional de la Magistratura, que preside la vicepresidenta Raquel Pe\u00f1a en representaci\u00f3n del presidente Luis Abinader.<\/p>\r\n<p style=\"text-align: justify;\"> <\/p>\r\n<p style=\"text-align: justify;\">El encuentro se lleva a cabo en el Palacio Nacional, con todos sus miembros presentes.<\/p>\r\n<p style=\"text-align: justify;\"> <\/p>\r\n<p style=\"text-align: justify;\">El\u00a0pasado 26 de julio el <strong>Consejo Nacional de la Magistratura<\/strong> (CNM) se reuni\u00f3 tratar sobre la decisi\u00f3n de revisar el <strong>Reglamento n\u00fam. 1-19,<\/strong>\u00a0que establece los\u00a0<strong>criterios y el procedimiento<\/strong>\u00a0<strong>para<\/strong>\u00a0<strong>evaluar el desempe\u00f1o<\/strong>\u00a0de los jueces de la\u00a0<strong>Suprema Corte de Justicia\u00a0<\/strong>(SCJ), con el objetivo de asegurar la\u00a0<strong>calidad y eficiencia<\/strong>\u00a0de su trabajo.<\/p>\r\n<p style=\"text-align: justify;\"> <\/p>\r\n<p style=\"text-align: justify;\">Esta decisi\u00f3n fue tomada durante la\u00a0<strong>primera sesi\u00f3n del CNM<\/strong>\u00a0para la evaluaci\u00f3n de los jueces de la SCJ y el conocimiento de la designaci\u00f3n de los jueces del\u00a0<strong>Tribunal Superior Electoral<\/strong>\u00a0(TSE).<\/p>\r\n<p style=\"text-align: justify;\"> <\/p>\r\n<p style=\"text-align: justify;\">Para los fines de lugar, los integrantes del Consejo expresaron que, previo a la\u00a0<strong>escogencia de nuevos jueces o ratificaci\u00f3n de miembros,<\/strong>\u00a0es conveniente y rutinario revisar las condiciones establecidas.<\/p>\r\n<p style=\"text-align: justify;\"> <\/p>\r\n<p style=\"text-align: justify;\"><em>\u201cEs muy com\u00fan que en el Consejo Nacional de la Magistratura se hagan adecuaciones a los reglamentos frente a cada convocatoria. En este caso, se aprob\u00f3 solo revisar el Reglamento n\u00fam. 1-19. En caso de que esta revisi\u00f3n provocara alguna modificaci\u00f3n, entonces se pondr\u00eda en consulta p\u00fablica por 20 d\u00edas para que la opini\u00f3n p\u00fablica y los interesados den su opini\u00f3n\u201d,<\/em>\u00a0manifest\u00f3 el consultor jur\u00eddico del Poder Ejecutivo,\u00a0<strong>Antoliano Peralta Romero.<\/strong><\/p>\r\n<p style=\"text-align: justify;\"> <\/p>\r\n<p style=\"text-align: justify;\">Una vez agotado este proceso, el Consejo conocer\u00e1 el\u00a0<strong>cronograma de trabajo<\/strong>\u00a0para llevar a cabo la\u00a0<strong>sustituci\u00f3n y\/o ratificaci\u00f3n<\/strong>\u00a0de los jueces.<\/p>\r\n<p style=\"text-align: justify;\"> <\/p>\r\n<p style=\"text-align: justify;\">Todos los miembros del CNM estuvieron presentes en la reuni\u00f3n, encabezada por su\u00a0<strong>presidente Luis Abinader<\/strong>; los presidentes, del Senado,\u00a0<strong>Ricardo de los Santos<\/strong>; de la C\u00e1mara de Diputados,\u00a0<strong>Alfredo Pacheco<\/strong>; de la Suprema Corte de Justicia,\u00a0<strong>Luis Henry Molina<\/strong>, y del Tribunal Constitucional,\u00a0<strong>Napole\u00f3n Est\u00e9vez Lavandier<\/strong>; el senador\u00a0<strong>Omar Fern\u00e1ndez;<\/strong>\u00a0el diputado\u00a0<strong>Tob\u00edas Crespo<\/strong>, y la magistrada\u00a0<strong>Nancy Salcedo Fern\u00e1ndez<\/strong>, quien estuvo de manera virtual.<\/p>\r\n","protected":false},"excerpt":{"rendered":"<p>Santo Domingo.- En estos momentos se encuentra reunido el Consejo Nacional de la Magistratura, que preside la vicepresidenta Raquel Pe\u00f1a en representaci\u00f3n del presidente Luis Abinader. El encuentro se lleva a cabo en el Palacio Nacional, con todos sus miembros presentes. El\u00a0pasado 26 de julio el Consejo Nacional de la Magistratura (CNM) se reuni\u00f3 tratar [&hellip;]<\/p>\n","protected":false},"author":1,"featured_media":56312,"comment_status":"open","ping_status":"open","sticky":false,"template":"","format":"standard","meta":{"_bbp_topic_count":0,"_bbp_reply_count":0,"_bbp_total_topic_count":0,"_bbp_total_reply_count":0,"_bbp_voice_count":0,"_bbp_anonymous_reply_count":0,"_bbp_topic_count_hidden":0,"_bbp_reply_count_hidden":0,"_bbp_forum_subforum_count":0,"content-type":"","iawp_total_views":0,"footnotes":""},"categories":[1],"tags":[],"class_list":{"0":"post-56311","1":"post","2":"type-post","3":"status-publish","4":"format-standard","5":"has-post-thumbnail","7":"category-portada"},"_links":{"self":[{"href":"https:\/\/influencias.do\/index.php\/wp-json\/wp\/v2\/posts\/56311","targetHints":{"allow":["GET"]}}],"collection":[{"href":"https:\/\/influencias.do\/index.php\/wp-json\/wp\/v2\/posts"}],"about":[{"href":"https:\/\/influencias.do\/index.php\/wp-json\/wp\/v2\/types\/post"}],"author":[{"embeddable":true,"href":"https:\/\/influencias.do\/index.php\/wp-json\/wp\/v2\/users\/1"}],"replies":[{"embeddable":true,"href":"https:\/\/influencias.do\/index.php\/wp-json\/wp\/v2\/comments?post=56311"}],"version-history":[{"count":1,"href":"https:\/\/influencias.do\/index.php\/wp-json\/wp\/v2\/posts\/56311\/revisions"}],"predecessor-version":[{"id":56314,"href":"https:\/\/influencias.do\/index.php\/wp-json\/wp\/v2\/posts\/56311\/revisions\/56314"}],"wp:featuredmedia":[{"embeddable":true,"href":"https:\/\/influencias.do\/index.php\/wp-json\/wp\/v2\/media\/56312"}],"wp:attachment":[{"href":"https:\/\/influencias.do\/index.php\/wp-json\/wp\/v2\/media?parent=56311"}],"wp:term":[{"taxonomy":"category","embeddable":true,"href":"https:\/\/influencias.do\/index.php\/wp-json\/wp\/v2\/categories?post=56311"},{"taxonomy":"post_tag","embeddable":true,"href":"https:\/\/influencias.do\/index.php\/wp-json\/wp\/v2\/tags?post=56311"}],"curies":[{"name":"wp","href":"https:\/\/api.w.org\/{rel}","templated":true}]}}