{"id":55889,"date":"2025-09-08T01:52:32","date_gmt":"2025-09-08T01:52:32","guid":{"rendered":"https:\/\/influencias.do\/?p=55889"},"modified":"2025-09-08T01:52:32","modified_gmt":"2025-09-08T01:52:32","slug":"partido-verde-dominicano-elige-a-angelita-pena-como-su-nueva-presidenta-e-inicia-una-etapa-de-renovacion","status":"publish","type":"post","link":"https:\/\/influencias.do\/index.php\/2025\/09\/08\/partido-verde-dominicano-elige-a-angelita-pena-como-su-nueva-presidenta-e-inicia-una-etapa-de-renovacion\/","title":{"rendered":"Partido Verde Dominicano elige a Angelita Pe\u00f1a como su nueva presidenta e inicia una etapa de renovaci\u00f3n"},"content":{"rendered":"\r\n<p style=\"text-align: justify;\"><\/p>\r\n<p style=\"text-align: justify;\"> <\/p>\r\n<p style=\"text-align: justify;\"><strong>Santo Domingo. \u2013\u00a0<\/strong>El Partido Verde Dominicano (PVD) dio un paso trascendental este domingo al escoger a Angelita Pe\u00f1a como su nueva presidenta, durante una asamblea del Comit\u00e9 Ejecutivo Nacional celebrada en el Club de Obras P\u00fablicas.<\/p>\r\n<p style=\"text-align: justify;\"> <\/p>\r\n<p style=\"text-align: justify;\">La elecci\u00f3n, realizada en un ambiente democr\u00e1tico y participativo, marca el inicio de una nueva etapa para la organizaci\u00f3n, en la que se apuesta por la unidad, la transparencia y el fortalecimiento de la vida pol\u00edtica nacional.<\/p>\r\n<p style=\"text-align: justify;\"> <\/p>\r\n<p style=\"text-align: justify;\">El encuentro fue encabezado por Antol\u00edn Polanco, presidente saliente del PVD, quien destac\u00f3 la importancia de respaldar este proceso de transici\u00f3n como una muestra de madurez institucional y compromiso con el futuro del pa\u00eds.<\/p>\r\n<p style=\"text-align: justify;\"> <\/p>\r\n<p style=\"text-align: justify;\">En sus primeras palabras al asumir la presidencia, Angelita Pe\u00f1a agradeci\u00f3 la confianza depositada en su liderazgo y expres\u00f3 su determinaci\u00f3n de encaminar al Partido Verde hacia una visi\u00f3n m\u00e1s inclusiva y cercana a la gente:<\/p>\r\n<p style=\"text-align: justify;\"> <\/p>\r\n<p style=\"text-align: justify;\">\u201cNuestro compromiso es construir un partido abierto a la ciudadan\u00eda, que escuche, que sirva y que defienda con firmeza los valores democr\u00e1ticos y el desarrollo sostenible que la naci\u00f3n merece\u201d, se\u00f1al\u00f3 Pe\u00f1a con entusiasmo.<\/p>\r\n<p style=\"text-align: justify;\"> <\/p>\r\n<p style=\"text-align: justify;\">La actividad cont\u00f3 con la presencia de dirigentes nacionales, provinciales y municipales, quienes manifestaron su respaldo a la nueva direcci\u00f3n, subrayando la necesidad de trabajar juntos por un partido que represente una alternativa real dentro del escenario pol\u00edtico dominicano.<\/p>\r\n<p style=\"text-align: justify;\"> <\/p>\r\n<p style=\"text-align: justify;\">Con esta decisi\u00f3n, el Partido Verde Dominicano reafirma su voluntad de renovaci\u00f3n institucional y renueva su promesa de ser un espacio pol\u00edtico comprometido con la democracia, la equidad social y el respeto al medio ambiente.<\/p>\r\n","protected":false},"excerpt":{"rendered":"<p>Santo Domingo. \u2013\u00a0El Partido Verde Dominicano (PVD) dio un paso trascendental este domingo al escoger a Angelita Pe\u00f1a como su nueva presidenta, durante una asamblea del Comit\u00e9 Ejecutivo Nacional celebrada en el Club de Obras P\u00fablicas. La elecci\u00f3n, realizada en un ambiente democr\u00e1tico y participativo, marca el inicio de una nueva etapa para la organizaci\u00f3n, [&hellip;]<\/p>\n","protected":false},"author":1,"featured_media":55890,"comment_status":"open","ping_status":"open","sticky":false,"template":"","format":"standard","meta":{"_bbp_topic_count":0,"_bbp_reply_count":0,"_bbp_total_topic_count":0,"_bbp_total_reply_count":0,"_bbp_voice_count":0,"_bbp_anonymous_reply_count":0,"_bbp_topic_count_hidden":0,"_bbp_reply_count_hidden":0,"_bbp_forum_subforum_count":0,"content-type":"","iawp_total_views":0,"footnotes":""},"categories":[106],"tags":[],"class_list":{"0":"post-55889","1":"post","2":"type-post","3":"status-publish","4":"format-standard","5":"has-post-thumbnail","7":"category-politica"},"_links":{"self":[{"href":"https:\/\/influencias.do\/index.php\/wp-json\/wp\/v2\/posts\/55889","targetHints":{"allow":["GET"]}}],"collection":[{"href":"https:\/\/influencias.do\/index.php\/wp-json\/wp\/v2\/posts"}],"about":[{"href":"https:\/\/influencias.do\/index.php\/wp-json\/wp\/v2\/types\/post"}],"author":[{"embeddable":true,"href":"https:\/\/influencias.do\/index.php\/wp-json\/wp\/v2\/users\/1"}],"replies":[{"embeddable":true,"href":"https:\/\/influencias.do\/index.php\/wp-json\/wp\/v2\/comments?post=55889"}],"version-history":[{"count":1,"href":"https:\/\/influencias.do\/index.php\/wp-json\/wp\/v2\/posts\/55889\/revisions"}],"predecessor-version":[{"id":55891,"href":"https:\/\/influencias.do\/index.php\/wp-json\/wp\/v2\/posts\/55889\/revisions\/55891"}],"wp:featuredmedia":[{"embeddable":true,"href":"https:\/\/influencias.do\/index.php\/wp-json\/wp\/v2\/media\/55890"}],"wp:attachment":[{"href":"https:\/\/influencias.do\/index.php\/wp-json\/wp\/v2\/media?parent=55889"}],"wp:term":[{"taxonomy":"category","embeddable":true,"href":"https:\/\/influencias.do\/index.php\/wp-json\/wp\/v2\/categories?post=55889"},{"taxonomy":"post_tag","embeddable":true,"href":"https:\/\/influencias.do\/index.php\/wp-json\/wp\/v2\/tags?post=55889"}],"curies":[{"name":"wp","href":"https:\/\/api.w.org\/{rel}","templated":true}]}}