{"id":55476,"date":"2025-08-29T20:17:15","date_gmt":"2025-08-29T20:17:15","guid":{"rendered":"https:\/\/influencias.do\/?p=55476"},"modified":"2025-08-29T20:17:15","modified_gmt":"2025-08-29T20:17:15","slug":"sheinbaum-revela-que-hara-con-la-primera-entrada-para-la-inauguracion-del-mundial-2026","status":"publish","type":"post","link":"https:\/\/influencias.do\/index.php\/2025\/08\/29\/sheinbaum-revela-que-hara-con-la-primera-entrada-para-la-inauguracion-del-mundial-2026\/","title":{"rendered":"Sheinbaum revela qu\u00e9 har\u00e1 con la primera entrada para la inauguraci\u00f3n del Mundial 2026"},"content":{"rendered":"\r\n<p style=\"text-align: justify;\">La presidenta de M\u00e9xico, Claudia Sheinbaum, revel\u00f3 este viernes que el presidente de la FIFA, Gianni Infantino, le regal\u00f3 el<strong>\u00a0boleto 001<\/strong>\u00a0para asistir a la inauguraci\u00f3n del\u00a0Mundial\u00a02026\u00a0que se realizar\u00e1 el pr\u00f3ximo a\u00f1o en el Estadio Azteca, pero anticip\u00f3 que ella no acudir\u00e1 a la ceremonia.<\/p>\r\n<p style=\"text-align: justify;\"> <\/p>\r\n<p style=\"text-align: justify;\"><strong>&#8220;Estoy pensando d\u00e1rselo a una ni\u00f1a o una joven que le guste el f\u00fatbol que no tiene oportunidad de asistir al estadio&#8221;<\/strong>,\u00a0explic\u00f3\u00a0la mandataria en una conferencia de prensa en la que precis\u00f3 los detalles de la reuni\u00f3n que sostuvo la v\u00edspera con Infantino en Palacio Nacional, sede del Gobierno mexicano.<\/p>\r\n<p style=\"text-align: justify;\"> <\/p>\r\n<p style=\"text-align: justify;\">&#8220;Estamos muy emocionados, es un momento muy especial&#8221;, agreg\u00f3 al destacar que esta ser\u00e1 la tercera vez en la historia que M\u00e9xico alberga una inauguraci\u00f3n\u00a0mundialista\u00a0despu\u00e9s de 1970 y 1986.<\/p>\r\n<p style=\"text-align: justify;\"> <div class=\"wp-block-image\"><\/p>\r\n\r\n<figure class=\"aligncenter\" style=\"text-align: justify;\"><img decoding=\"async\" src=\"https:\/\/mf.b37mrtl.ru\/actualidad\/public_images\/2025.08\/thumbnail\/68a8ab09e9ff7160f02a33ac.jpg\" alt=\"Trump: Putin podr\u00eda venir a la Copa del Mundo 2026 en EE.UU.\" \/><\/figure>\r\n<p style=\"text-align: justify;\"><\/div> <\/p>\r\n<p style=\"text-align: justify;\"><\/p>\r\n<p style=\"text-align: justify;\"> <\/p>\r\n<p style=\"text-align: justify;\">Tambi\u00e9n a\u00f1adi\u00f3 que Infantino le explic\u00f3 que<strong>\u00a0la ceremonia ser\u00e1 vista por seis billones de personas.<\/strong>\u00a0&#8220;Va a ser un momento muy importante para M\u00e9xico, vamos a estar frente a los ojos del mundo y, como siempre, el pueblo mexicano (demostrar\u00e1 que) es generoso, alegre, va a ser algo muy bonito para el pa\u00eds&#8221;, dijo.<\/p>\r\n<p style=\"text-align: justify;\"> <\/p>\r\n<p style=\"text-align: justify;\">Sheinbaum\u00a0agreg\u00f3 que el pr\u00f3ximo mes el Gobierno dar\u00e1 a conocer el operativo sobre el\u00a0Mundial 2026, que incluir\u00e1 la colocaci\u00f3n de pantallas gigantes en la Ciudad de M\u00e9xico para que la gente pueda ver de manera gratuita los partidos.<\/p>\r\n<p style=\"text-align: justify;\"> <\/p>\r\n<p style=\"text-align: justify;\">La pr\u00f3xima Copa del Mundo\u00a0se realizar\u00e1\u00a0<strong>del 11 de junio al 19 de julio de 2026<\/strong>\u00a0y por primera vez tendr\u00e1 una sede tripartita que compartir\u00e1n M\u00e9xico, EE.UU. y Canad\u00e1.<\/p>\r\n<p style=\"text-align: justify;\"> <\/p>\r\n<p style=\"text-align: justify;\">Fuente RT<\/p>\r\n","protected":false},"excerpt":{"rendered":"<p>La presidenta de M\u00e9xico, Claudia Sheinbaum, revel\u00f3 este viernes que el presidente de la FIFA, Gianni Infantino, le regal\u00f3 el\u00a0boleto 001\u00a0para asistir a la inauguraci\u00f3n del\u00a0Mundial\u00a02026\u00a0que se realizar\u00e1 el pr\u00f3ximo a\u00f1o en el Estadio Azteca, pero anticip\u00f3 que ella no acudir\u00e1 a la ceremonia. &#8220;Estoy pensando d\u00e1rselo a una ni\u00f1a o una joven que le [&hellip;]<\/p>\n","protected":false},"author":1,"featured_media":55477,"comment_status":"open","ping_status":"open","sticky":false,"template":"","format":"standard","meta":{"_bbp_topic_count":0,"_bbp_reply_count":0,"_bbp_total_topic_count":0,"_bbp_total_reply_count":0,"_bbp_voice_count":0,"_bbp_anonymous_reply_count":0,"_bbp_topic_count_hidden":0,"_bbp_reply_count_hidden":0,"_bbp_forum_subforum_count":0,"content-type":"","iawp_total_views":0,"footnotes":""},"categories":[123],"tags":[],"class_list":{"0":"post-55476","1":"post","2":"type-post","3":"status-publish","4":"format-standard","5":"has-post-thumbnail","7":"category-deportes"},"_links":{"self":[{"href":"https:\/\/influencias.do\/index.php\/wp-json\/wp\/v2\/posts\/55476","targetHints":{"allow":["GET"]}}],"collection":[{"href":"https:\/\/influencias.do\/index.php\/wp-json\/wp\/v2\/posts"}],"about":[{"href":"https:\/\/influencias.do\/index.php\/wp-json\/wp\/v2\/types\/post"}],"author":[{"embeddable":true,"href":"https:\/\/influencias.do\/index.php\/wp-json\/wp\/v2\/users\/1"}],"replies":[{"embeddable":true,"href":"https:\/\/influencias.do\/index.php\/wp-json\/wp\/v2\/comments?post=55476"}],"version-history":[{"count":1,"href":"https:\/\/influencias.do\/index.php\/wp-json\/wp\/v2\/posts\/55476\/revisions"}],"predecessor-version":[{"id":55478,"href":"https:\/\/influencias.do\/index.php\/wp-json\/wp\/v2\/posts\/55476\/revisions\/55478"}],"wp:featuredmedia":[{"embeddable":true,"href":"https:\/\/influencias.do\/index.php\/wp-json\/wp\/v2\/media\/55477"}],"wp:attachment":[{"href":"https:\/\/influencias.do\/index.php\/wp-json\/wp\/v2\/media?parent=55476"}],"wp:term":[{"taxonomy":"category","embeddable":true,"href":"https:\/\/influencias.do\/index.php\/wp-json\/wp\/v2\/categories?post=55476"},{"taxonomy":"post_tag","embeddable":true,"href":"https:\/\/influencias.do\/index.php\/wp-json\/wp\/v2\/tags?post=55476"}],"curies":[{"name":"wp","href":"https:\/\/api.w.org\/{rel}","templated":true}]}}