{"id":54478,"date":"2025-08-11T12:13:36","date_gmt":"2025-08-11T12:13:36","guid":{"rendered":"https:\/\/influencias.do\/?p=54478"},"modified":"2025-08-11T12:30:30","modified_gmt":"2025-08-11T12:30:30","slug":"video-menor-hiere-a-otro-con-un-machete-en-el-ensanche-isabelita","status":"publish","type":"post","link":"https:\/\/influencias.do\/index.php\/2025\/08\/11\/video-menor-hiere-a-otro-con-un-machete-en-el-ensanche-isabelita\/","title":{"rendered":"VIDEO: Menor hiere a otro con un machete en el ensanche Isabelita"},"content":{"rendered":"<p data-start=\"205\" data-end=\"388\"><strong>Santo Domingo.-\u00a0 <\/strong>Un menor de edad hiri\u00f3 con un machete a otro joven en un hecho ocurrido en la calle 12, esquina Libertad, del sector ensanche Isabelita, en Santo Domingo Este.<\/p>\n<p data-start=\"390\" data-end=\"626\">En un video que circula en redes sociales se observa al agresor persiguiendo con el arma blanca al herido, presuntamente con la intenci\u00f3n de atacarlo nuevamente, lo que provoc\u00f3 p\u00e1nico entre las personas que se encontraban en el lugar.<\/p>\n<p data-start=\"628\" data-end=\"867\">Residentes denunciaron que hechos violentos como este son cada vez m\u00e1s frecuentes en el sector y exigieron a la <strong data-start=\"740\" data-end=\"760\">Polic\u00eda Nacional<\/strong> incrementar los operativos y el patrullaje, especialmente en \u00e1reas donde transitan ni\u00f1os y adolescentes.<\/p>\n<p data-start=\"628\" data-end=\"867\">Hasta el momento se desconoce la identidad de lo involucrados.<\/p>\n<p data-start=\"869\" data-end=\"1046\">La comunidad exhort\u00f3 a las autoridades a investigar el caso, aplicar sanciones y reforzar las medidas de seguridad para prevenir que situaciones similares vuelvan a repetirse.<\/p>\n<h3 data-start=\"869\" data-end=\"1046\">ADVERTENCIA IM\u00c1GENES SENSIBLES<\/h3>\n<div style=\"width: 720px;\" class=\"wp-video\"><video class=\"wp-video-shortcode\" id=\"video-54478-1\" width=\"720\" height=\"1280\" preload=\"metadata\" controls=\"controls\"><source type=\"video\/mp4\" src=\"https:\/\/influencias.do\/wp-content\/uploads\/2025\/08\/FDownloader.Net_AQMrhQyhZj1HJbwbHfBatHW7VrkkKlRkeIUMNCSIuKIa5y-XxDOSRcuwMc7A1PKPOLFs_FaX9R-8dnpVY4G-6cw8w5zwlwu0ghOofQOa6VVGjQ_720p_HD.mp4?_=1\" \/><a href=\"https:\/\/influencias.do\/wp-content\/uploads\/2025\/08\/FDownloader.Net_AQMrhQyhZj1HJbwbHfBatHW7VrkkKlRkeIUMNCSIuKIa5y-XxDOSRcuwMc7A1PKPOLFs_FaX9R-8dnpVY4G-6cw8w5zwlwu0ghOofQOa6VVGjQ_720p_HD.mp4\">https:\/\/influencias.do\/wp-content\/uploads\/2025\/08\/FDownloader.Net_AQMrhQyhZj1HJbwbHfBatHW7VrkkKlRkeIUMNCSIuKIa5y-XxDOSRcuwMc7A1PKPOLFs_FaX9R-8dnpVY4G-6cw8w5zwlwu0ghOofQOa6VVGjQ_720p_HD.mp4<\/a><\/video><\/div>\n","protected":false},"excerpt":{"rendered":"<p>Santo Domingo.-\u00a0 Un menor de edad hiri\u00f3 con un machete a otro joven en un hecho ocurrido en la calle 12, esquina Libertad, del sector ensanche Isabelita, en Santo Domingo Este. En un video que circula en redes sociales se observa al agresor persiguiendo con el arma blanca al herido, presuntamente con la intenci\u00f3n de [&hellip;]<\/p>\n","protected":false},"author":1,"featured_media":54480,"comment_status":"open","ping_status":"open","sticky":false,"template":"","format":"standard","meta":{"_bbp_topic_count":0,"_bbp_reply_count":0,"_bbp_total_topic_count":0,"_bbp_total_reply_count":0,"_bbp_voice_count":0,"_bbp_anonymous_reply_count":0,"_bbp_topic_count_hidden":0,"_bbp_reply_count_hidden":0,"_bbp_forum_subforum_count":0,"content-type":"","iawp_total_views":10,"footnotes":""},"categories":[108,105],"tags":[1687,2860,3027,1273,600,1693],"class_list":{"0":"post-54478","1":"post","2":"type-post","3":"status-publish","4":"format-standard","5":"has-post-thumbnail","7":"category-mas-vistas","8":"category-nacionales","9":"tag-ensanche-isabelita","10":"tag-herido","11":"tag-machete","12":"tag-menor-de-edad","13":"tag-policia-nacional","14":"tag-santo-domingo-este"},"_links":{"self":[{"href":"https:\/\/influencias.do\/index.php\/wp-json\/wp\/v2\/posts\/54478","targetHints":{"allow":["GET"]}}],"collection":[{"href":"https:\/\/influencias.do\/index.php\/wp-json\/wp\/v2\/posts"}],"about":[{"href":"https:\/\/influencias.do\/index.php\/wp-json\/wp\/v2\/types\/post"}],"author":[{"embeddable":true,"href":"https:\/\/influencias.do\/index.php\/wp-json\/wp\/v2\/users\/1"}],"replies":[{"embeddable":true,"href":"https:\/\/influencias.do\/index.php\/wp-json\/wp\/v2\/comments?post=54478"}],"version-history":[{"count":3,"href":"https:\/\/influencias.do\/index.php\/wp-json\/wp\/v2\/posts\/54478\/revisions"}],"predecessor-version":[{"id":54483,"href":"https:\/\/influencias.do\/index.php\/wp-json\/wp\/v2\/posts\/54478\/revisions\/54483"}],"wp:featuredmedia":[{"embeddable":true,"href":"https:\/\/influencias.do\/index.php\/wp-json\/wp\/v2\/media\/54480"}],"wp:attachment":[{"href":"https:\/\/influencias.do\/index.php\/wp-json\/wp\/v2\/media?parent=54478"}],"wp:term":[{"taxonomy":"category","embeddable":true,"href":"https:\/\/influencias.do\/index.php\/wp-json\/wp\/v2\/categories?post=54478"},{"taxonomy":"post_tag","embeddable":true,"href":"https:\/\/influencias.do\/index.php\/wp-json\/wp\/v2\/tags?post=54478"}],"curies":[{"name":"wp","href":"https:\/\/api.w.org\/{rel}","templated":true}]}}