{"id":54475,"date":"2025-08-11T11:15:33","date_gmt":"2025-08-11T11:15:33","guid":{"rendered":"https:\/\/influencias.do\/?p=54475"},"modified":"2025-08-11T11:15:33","modified_gmt":"2025-08-11T11:15:33","slug":"fallece-el-senador-colombiano-miguel-uribe-turbay-tras-atentado-en-junio","status":"publish","type":"post","link":"https:\/\/influencias.do\/index.php\/2025\/08\/11\/fallece-el-senador-colombiano-miguel-uribe-turbay-tras-atentado-en-junio\/","title":{"rendered":"Fallece el senador colombiano Miguel Uribe Turbay tras atentado en junio"},"content":{"rendered":"<p>El senador y precandidato presidencial Miguel Uribe Turbay, que se encontraba en estado cr\u00edtico desde el pasado 7 de junio cuando fue v\u00edctima de un atentado en la ciudad de Bogot\u00e1, falleci\u00f3 la madrugada de este lunes, recogen medios locales.<\/p>\n<p>La jornada anterior, Turbay hab\u00eda sido sometido a una cirug\u00eda de urgencia en la cl\u00ednica Santa Fe, donde permanec\u00eda internado, luego de sufrir un retroceso en su recuperaci\u00f3n debido a una hemorragia en el sistema nervioso.<\/p>\n<p>Claudia Tarazona, esposa del senador, confirm\u00f3 la noticia a trav\u00e9s de un sentido mensaje en sus redes sociales. &#8220;Pido a Dios me muestre el camino para aprender a vivir sin ti [&#8230;] Descansa en paz, amor de mi vida&#8221;, escribi\u00f3.<\/p>\n<p>El exvicecanciller de Colombia Jorge Rojas Rodr\u00edguez lament\u00f3 el fallecimiento del senador e hizo un llamado a las autoridades para que encuentren a los responsables de ataque. &#8220;El atentado se convirti\u00f3 en magnicidio [&#8230;] las autoridades tienen la obligaci\u00f3n de esclarecer este crimen y dar con los responsables intelectuales y materiales del asesinato&#8221;, escribi\u00f3 en su cuenta de X.<\/p>\n<p>Asimismo, el recientemente condenado expresidente \u00c1lvaro Uribe V\u00e9lez expres\u00f3 su p\u00e9same a trav\u00e9s de sus redes sociales: &#8220;El mal todo lo destruye, mataron la esperanza. Que la lucha de Miguel sea luz que ilumine el camino correcto de Colombia&#8221;.<\/p>\n<p>El senador Wilson Arias, perteneciente a Pacto Hist\u00f3rico, del presidente Gustavo Petro, expres\u00f3 su solidaridad con los familiares y allegados a Turbay, y conden\u00f3 &#8220;la violencia y las armas en el ejercicio de la pol\u00edtica en Colombia&#8221;.<\/p>\n<p>Por su parte, la Alcald\u00eda Mayor de Bogot\u00e1 lament\u00f3 &#8220;profundamente&#8221; la muerte del senador, que recibi\u00f3 tres impactos de bala en la cabeza durante una actividad proselitista en un barrio capitalino.<\/p>\n<p>El precandidato presidencial Sergio Fajardo conden\u00f3 lo sucedido y expres\u00f3 que Turbay fue &#8220;un hombre bueno&#8221; que entreg\u00f3 su vida por el pa\u00eds. &#8220;Duele nuestra Colombia atrapada en esta violencia que no descansa, destruye esperanzas y nos impide avanzar&#8221;, se lee en su mensaje en X.<\/p>\n<p>Adem\u00e1s, el secretario de Estado estadounidense, Marco Rubio, declar\u00f3 estar &#8220;profundamente entristecido&#8221;, al enterarse del deceso del senador. En este sentido, asegur\u00f3 que EE.UU. &#8220;se solidariza con su familia y con el pueblo colombiano, tanto en el duelo como en la exigencia de justicia para los responsables&#8221;.<\/p>\n<p>En el marco de la investigaci\u00f3n del atentado contra Turbay han sido detenidas cinco personas: un joven sicario de 15 a\u00f1os acusado de accionar el arma; Carlos Eduardo Mora Gonz\u00e1lez, identificado como el conductor del veh\u00edculo en el que huyeron los responsables; Katerine Mart\u00ednez, alias &#8216;Gabriela&#8217;, que habr\u00eda entregado el arma utilizada en el ataque; William Fernando Cruz, que fue visto con uno de los sospechosos; y Elder Jos\u00e9 Arteaga Hern\u00e1ndez, alias &#8216;Coste\u00f1o&#8217;, presunto &#8220;principal coordinador&#8221; del atentado.<\/p>\n<p>RT<\/p>\n","protected":false},"excerpt":{"rendered":"<p>El senador y precandidato presidencial Miguel Uribe Turbay, que se encontraba en estado cr\u00edtico desde el pasado 7 de junio cuando fue v\u00edctima de un atentado en la ciudad de Bogot\u00e1, falleci\u00f3 la madrugada de este lunes, recogen medios locales. La jornada anterior, Turbay hab\u00eda sido sometido a una cirug\u00eda de urgencia en la cl\u00ednica [&hellip;]<\/p>\n","protected":false},"author":1,"featured_media":54476,"comment_status":"open","ping_status":"open","sticky":false,"template":"","format":"standard","meta":{"_bbp_topic_count":0,"_bbp_reply_count":0,"_bbp_total_topic_count":0,"_bbp_total_reply_count":0,"_bbp_voice_count":0,"_bbp_anonymous_reply_count":0,"_bbp_topic_count_hidden":0,"_bbp_reply_count_hidden":0,"_bbp_forum_subforum_count":0,"content-type":"","iawp_total_views":0,"footnotes":""},"categories":[1],"tags":[],"class_list":{"0":"post-54475","1":"post","2":"type-post","3":"status-publish","4":"format-standard","5":"has-post-thumbnail","7":"category-portada"},"_links":{"self":[{"href":"https:\/\/influencias.do\/index.php\/wp-json\/wp\/v2\/posts\/54475","targetHints":{"allow":["GET"]}}],"collection":[{"href":"https:\/\/influencias.do\/index.php\/wp-json\/wp\/v2\/posts"}],"about":[{"href":"https:\/\/influencias.do\/index.php\/wp-json\/wp\/v2\/types\/post"}],"author":[{"embeddable":true,"href":"https:\/\/influencias.do\/index.php\/wp-json\/wp\/v2\/users\/1"}],"replies":[{"embeddable":true,"href":"https:\/\/influencias.do\/index.php\/wp-json\/wp\/v2\/comments?post=54475"}],"version-history":[{"count":1,"href":"https:\/\/influencias.do\/index.php\/wp-json\/wp\/v2\/posts\/54475\/revisions"}],"predecessor-version":[{"id":54477,"href":"https:\/\/influencias.do\/index.php\/wp-json\/wp\/v2\/posts\/54475\/revisions\/54477"}],"wp:featuredmedia":[{"embeddable":true,"href":"https:\/\/influencias.do\/index.php\/wp-json\/wp\/v2\/media\/54476"}],"wp:attachment":[{"href":"https:\/\/influencias.do\/index.php\/wp-json\/wp\/v2\/media?parent=54475"}],"wp:term":[{"taxonomy":"category","embeddable":true,"href":"https:\/\/influencias.do\/index.php\/wp-json\/wp\/v2\/categories?post=54475"},{"taxonomy":"post_tag","embeddable":true,"href":"https:\/\/influencias.do\/index.php\/wp-json\/wp\/v2\/tags?post=54475"}],"curies":[{"name":"wp","href":"https:\/\/api.w.org\/{rel}","templated":true}]}}