{"id":54337,"date":"2025-08-07T21:24:18","date_gmt":"2025-08-07T21:24:18","guid":{"rendered":"https:\/\/influencias.do\/?p=54337"},"modified":"2025-08-07T21:24:18","modified_gmt":"2025-08-07T21:24:18","slug":"ee-uu-pierde-peso-comercial-con-un-aliado-latinoamericano","status":"publish","type":"post","link":"https:\/\/influencias.do\/index.php\/2025\/08\/07\/ee-uu-pierde-peso-comercial-con-un-aliado-latinoamericano\/","title":{"rendered":"EE.UU. pierde peso comercial con un aliado latinoamericano"},"content":{"rendered":"<div class=\"ArticleView-title\"><\/div>\n<div class=\"ArticleView-coverWrap\"><\/div>\n<div>\n<div class=\"Text-root Text-type_5 ArticleView-text ViewText-root \">\n<p style=\"text-align: justify;\"><strong>EE.UU. fue desplazado como destino de las exportaciones peruanas<\/strong>\u00a0por la Uni\u00f3n Europea (UE) en el primer semestre del a\u00f1o,\u00a0<a href=\"https:\/\/www.cien.adexperu.org.pe\/wp-content\/uploads\/2025\/08\/CIEN_REX_Jun_2025.pdf\" target=\"_blank\" rel=\"noopener noreferrer\">inform\u00f3<\/a>\u00a0el Centro de Investigaci\u00f3n de Econom\u00eda y Negocios Globales (CIEN) de la Asociaci\u00f3n de Exportadores (ADEX).<\/p>\n<p style=\"text-align: justify;\">&#8220;Entre enero y junio de 2025, aparte de la\u00a0<strong>consolidaci\u00f3n de China en el primer lugar<\/strong>, la Uni\u00f3n Europea (10,9 % del total) se consolid\u00f3 como segundo destino y desplaz\u00f3 a Estados Unidos (10,4 % del total) al tercer lugar&#8221;, precis\u00f3 el CIEN-ADEX.<\/p>\n<div class=\"ReadMore-root Section-root Section-is1to3-xs_is1to1\" style=\"text-align: justify;\" data-widgets=\"ReadMore\">\n<div class=\"Section-container Section-isRow-isTop-isWrap\">\n<article class=\"Card-root Card-is1to1 Card-default \">\n<div class=\"Card-imageWrap\">\n<div class=\"Card-picture\"><picture class=\"Picture-root Picture-default\"><source srcset=\" \nhttps:\/\/mf.b37mrtl.ru\/actualidad\/public_images\/2025.08\/thumbnail\/6892292559bf5b43275f3e3b.jpg 850w,\n                                    https:\/\/mf.b37mrtl.ru\/actualidad\/public_images\/2025.08\/article\/6892292559bf5b43275f3e3b.jpg 1960w,            \" media=\"(-webkit-min-device-pixel-ratio: 2) and (min-resolution: 120dpi)\" sizes=\"280px\" data-srcset=\"\n                                            https:\/\/mf.b37mrtl.ru\/actualidad\/public_images\/2025.08\/thumbnail\/6892292559bf5b43275f3e3b.jpg 850w,\n                                    https:\/\/mf.b37mrtl.ru\/actualidad\/public_images\/2025.08\/article\/6892292559bf5b43275f3e3b.jpg 1960w,            \" \/><source srcset=\" \nhttps:\/\/mf.b37mrtl.ru\/actualidad\/public_images\/2025.08\/thumbnail\/6892292559bf5b43275f3e3b.jpg 460,\n                                  https:\/\/mf.b37mrtl.ru\/actualidad\/public_images\/2025.08\/article\/6892292559bf5b43275f3e3b.jpg 980w,\n            \" sizes=\"280px\" data-srcset=\"\n                                            https:\/\/mf.b37mrtl.ru\/actualidad\/public_images\/2025.08\/thumbnail\/6892292559bf5b43275f3e3b.jpg 460,\n                                  https:\/\/mf.b37mrtl.ru\/actualidad\/public_images\/2025.08\/article\/6892292559bf5b43275f3e3b.jpg 980w,\n            \" \/><img decoding=\"async\" class=\"Picture-root Picture-default lazyautosizes lazyloaded\" src=\"https:\/\/mf.b37mrtl.ru\/actualidad\/public_images\/2025.08\/thumbnail\/6892292559bf5b43275f3e3b.jpg\" sizes=\"280px\" alt=\"La alianza portuaria de EE.UU. para competir con China en un pa\u00eds latinoamericano\" data-sizes=\"auto\" data-src=\"https:\/\/mf.b37mrtl.ru\/actualidad\/public_images\/2025.08\/thumbnail\/6892292559bf5b43275f3e3b.jpg\" \/><\/picture><\/div>\n<\/div>\n<\/article>\n<\/div>\n<\/div>\n<p style=\"text-align: justify;\">En su reporte de exportaciones, publicado esta semana, detall\u00f3 que China recibi\u00f3 el 36,9 % de los env\u00edos del Per\u00fa, lo que ratific\u00f3 a Asia en su conjunto como la regi\u00f3n m\u00e1s apetecible para el comercio del pa\u00eds andino con un 56 %.<\/p>\n<p style=\"text-align: justify;\">&#8220;Las exportaciones a EE.UU. siguen creciendo, pero no al ritmo de a\u00f1os anteriores&#8221;,\u00a0<a href=\"https:\/\/gestion.pe\/economia\/union-europea-desplaza-a-estados-unidos-como-tradicional-segundo-socio-comercial-de-peru-noticia\/\" target=\"_blank\" rel=\"noopener noreferrer\">puntualiz\u00f3<\/a>\u00a0el director del CIEN-ADEX, Edgar V\u00e1squez Vela, citado por el diario local Gesti\u00f3n. &#8220;No podemos decir que hay una afectaci\u00f3n generalizada, pero s\u00ed que\u00a0<strong>hay sectores golpeados<\/strong>\u00a0como la joyer\u00eda y la industria forestal&#8221;, detall\u00f3.<\/p>\n<p style=\"text-align: justify;\">Per\u00fa,\u00a0<a href=\"https:\/\/actualidad.rt.com\/actualidad\/535262-boluarte-autorizar-militares-eeuu-ingresar-peru\" target=\"_blank\" rel=\"noopener noreferrer\">estrecho<\/a>\u00a0aliado de EE.UU. en diversos \u00e1mbitos, se ha manifestado a favor de promover sus productos en la naci\u00f3n norteamericana. En abril pasado, en una reuni\u00f3n entre autoridades de ambas partes, se\u00a0<strong>abog\u00f3 por reforzar la relaci\u00f3n comercial<\/strong>.<\/p>\n<p style=\"text-align: justify;\">&#8220;Este tipo de apoyo aumenta y fortalece la prosperidad de ambas naciones&#8221;,\u00a0<a href=\"https:\/\/www.gob.pe\/institucion\/mef\/noticias\/1156661-el-peru-asegura-las-condiciones-para-seguir-propiciando-la-inversion-extranjera\" target=\"_blank\" rel=\"noopener noreferrer\">coment\u00f3<\/a>\u00a0en ese momento Thomas Lersten, subsecretario de Crecimiento Econ\u00f3mico, Energ\u00eda y Medio Ambiente del Gobierno de EE.UU.<\/p>\n<p style=\"text-align: justify;\">Fuente RT<\/p>\n<\/div>\n<\/div>\n","protected":false},"excerpt":{"rendered":"<p>EE.UU. fue desplazado como destino de las exportaciones peruanas\u00a0por la Uni\u00f3n Europea (UE) en el primer semestre del a\u00f1o,\u00a0inform\u00f3\u00a0el Centro de Investigaci\u00f3n de Econom\u00eda y Negocios Globales (CIEN) de la Asociaci\u00f3n de Exportadores (ADEX). &#8220;Entre enero y junio de 2025, aparte de la\u00a0consolidaci\u00f3n de China en el primer lugar, la Uni\u00f3n Europea (10,9 % del [&hellip;]<\/p>\n","protected":false},"author":1,"featured_media":54338,"comment_status":"open","ping_status":"open","sticky":false,"template":"","format":"standard","meta":{"_bbp_topic_count":0,"_bbp_reply_count":0,"_bbp_total_topic_count":0,"_bbp_total_reply_count":0,"_bbp_voice_count":0,"_bbp_anonymous_reply_count":0,"_bbp_topic_count_hidden":0,"_bbp_reply_count_hidden":0,"_bbp_forum_subforum_count":0,"content-type":"","iawp_total_views":1,"footnotes":""},"categories":[109],"tags":[],"class_list":{"0":"post-54337","1":"post","2":"type-post","3":"status-publish","4":"format-standard","5":"has-post-thumbnail","7":"category-internacionales"},"_links":{"self":[{"href":"https:\/\/influencias.do\/index.php\/wp-json\/wp\/v2\/posts\/54337","targetHints":{"allow":["GET"]}}],"collection":[{"href":"https:\/\/influencias.do\/index.php\/wp-json\/wp\/v2\/posts"}],"about":[{"href":"https:\/\/influencias.do\/index.php\/wp-json\/wp\/v2\/types\/post"}],"author":[{"embeddable":true,"href":"https:\/\/influencias.do\/index.php\/wp-json\/wp\/v2\/users\/1"}],"replies":[{"embeddable":true,"href":"https:\/\/influencias.do\/index.php\/wp-json\/wp\/v2\/comments?post=54337"}],"version-history":[{"count":1,"href":"https:\/\/influencias.do\/index.php\/wp-json\/wp\/v2\/posts\/54337\/revisions"}],"predecessor-version":[{"id":54339,"href":"https:\/\/influencias.do\/index.php\/wp-json\/wp\/v2\/posts\/54337\/revisions\/54339"}],"wp:featuredmedia":[{"embeddable":true,"href":"https:\/\/influencias.do\/index.php\/wp-json\/wp\/v2\/media\/54338"}],"wp:attachment":[{"href":"https:\/\/influencias.do\/index.php\/wp-json\/wp\/v2\/media?parent=54337"}],"wp:term":[{"taxonomy":"category","embeddable":true,"href":"https:\/\/influencias.do\/index.php\/wp-json\/wp\/v2\/categories?post=54337"},{"taxonomy":"post_tag","embeddable":true,"href":"https:\/\/influencias.do\/index.php\/wp-json\/wp\/v2\/tags?post=54337"}],"curies":[{"name":"wp","href":"https:\/\/api.w.org\/{rel}","templated":true}]}}