{"id":54195,"date":"2025-08-05T18:53:34","date_gmt":"2025-08-05T18:53:34","guid":{"rendered":"https:\/\/influencias.do\/?p=54195"},"modified":"2025-08-05T18:53:34","modified_gmt":"2025-08-05T18:53:34","slug":"ministro-magin-diaz-se-reune-con-la-onec-reafirma-apertura-al-dialogo-para-fortalecer-economia-nacional","status":"publish","type":"post","link":"https:\/\/influencias.do\/index.php\/2025\/08\/05\/ministro-magin-diaz-se-reune-con-la-onec-reafirma-apertura-al-dialogo-para-fortalecer-economia-nacional\/","title":{"rendered":"Ministro Mag\u00edn D\u00edaz se re\u00fane con la ONEC; reafirma apertura al di\u00e1logo para fortalecer econom\u00eda nacional"},"content":{"rendered":"<p>SANTO DOMINGO. &#8211; El ministro de Hacienda y Econom\u00eda, Mag\u00edn D\u00edaz, sostuvo un encuentro con directivos de la Organizaci\u00f3n Nacional de Empresas Comerciales (ONEC), reafirmando su compromiso con una gesti\u00f3n abierta y basada en el di\u00e1logo permanente con los sectores productivos.<\/p>\n<p>En la reuni\u00f3n se abordaron temas clave para el fortalecimiento del sistema fiscal y financiero del pa\u00eds, as\u00ed como las principales necesidades del sector.<\/p>\n<p>Este acercamiento forma parte de una agenda de encuentros que el ministro ha iniciado con actores fundamentales de la econom\u00eda, con el objetivo de escuchar, intercambiar ideas y construir soluciones conjuntas.<\/p>\n<p>Los representantes de la ONEC manifestaron su respaldo a la designaci\u00f3n de D\u00edaz, calific\u00e1ndola como una apuesta por el fortalecimiento institucional, la estabilidad fiscal y la continuidad de pol\u00edticas p\u00fablicas que promuevan el desarrollo sostenible.<\/p>\n<p>Asimismo, expresaron toda su disposici\u00f3n a colaborar con las iniciativas econ\u00f3micas impulsadas por el Gobierno.<\/p>\n<p>La delegaci\u00f3n destac\u00f3 la amplia experiencia y trayectoria del ministro D\u00edaz, lo que representa una oportunidad para seguir construyendo confianza y garantizar eficiencia en la gesti\u00f3n econ\u00f3mica nacional.<\/p>\n<p>El ministro agradeci\u00f3 el apoyo recibido y comparti\u00f3 con los empresarios las prioridades y perspectivas de su gesti\u00f3n, destacando que estar\u00e1 enfocada en la escucha activa, la b\u00fasqueda de consensos y la articulaci\u00f3n de pol\u00edticas p\u00fablicas que promuevan el crecimiento econ\u00f3mico con responsabilidad fiscal.<\/p>\n<p>\u201cEstos espacios de conversaci\u00f3n son esenciales. Queremos trabajar de la mano con todos los sectores que generan valor a la econom\u00eda. El di\u00e1logo ser\u00e1 la base para construir una pol\u00edtica fiscal moderna, eficiente y sostenible\u201d, afirm\u00f3 D\u00edaz.<\/p>\n<p>La delegaci\u00f3n de la ONEC estuvo encabezada por Ernesto Mart\u00ednez, presidente de la ONEC, e integrada por Mario Lama, pasado presidente; Jennifer Troncoso, directora; Dana Cabral, tesorera; Guillermo Prida, vocal; Jos\u00e9 Luis Magad\u00e1n, vocal y pasado presidente, y C\u00e9sar Tapia.<\/p>\n<p>Sobre la ONEC<\/p>\n<p>La ONEC es una asociaci\u00f3n sin fines de lucro que agrupa y representa importantes empresas del sector comercial de venta al detalle de la Rep\u00fablica Dominicana. Ejercen actividades en diversos renglones como supermercados, hipermercados, farmacias, tiendas por departamentos y especializadas, ferreter\u00edas, centros comerciales y otros negocios a nivel nacional.<\/p>\n","protected":false},"excerpt":{"rendered":"<p>SANTO DOMINGO. &#8211; El ministro de Hacienda y Econom\u00eda, Mag\u00edn D\u00edaz, sostuvo un encuentro con directivos de la Organizaci\u00f3n Nacional de Empresas Comerciales (ONEC), reafirmando su compromiso con una gesti\u00f3n abierta y basada en el di\u00e1logo permanente con los sectores productivos. En la reuni\u00f3n se abordaron temas clave para el fortalecimiento del sistema fiscal y [&hellip;]<\/p>\n","protected":false},"author":1,"featured_media":54196,"comment_status":"open","ping_status":"open","sticky":false,"template":"","format":"standard","meta":{"_bbp_topic_count":0,"_bbp_reply_count":0,"_bbp_total_topic_count":0,"_bbp_total_reply_count":0,"_bbp_voice_count":0,"_bbp_anonymous_reply_count":0,"_bbp_topic_count_hidden":0,"_bbp_reply_count_hidden":0,"_bbp_forum_subforum_count":0,"content-type":"","iawp_total_views":0,"footnotes":""},"categories":[107,108],"tags":[],"class_list":{"0":"post-54195","1":"post","2":"type-post","3":"status-publish","4":"format-standard","5":"has-post-thumbnail","7":"category-economia","8":"category-mas-vistas"},"_links":{"self":[{"href":"https:\/\/influencias.do\/index.php\/wp-json\/wp\/v2\/posts\/54195","targetHints":{"allow":["GET"]}}],"collection":[{"href":"https:\/\/influencias.do\/index.php\/wp-json\/wp\/v2\/posts"}],"about":[{"href":"https:\/\/influencias.do\/index.php\/wp-json\/wp\/v2\/types\/post"}],"author":[{"embeddable":true,"href":"https:\/\/influencias.do\/index.php\/wp-json\/wp\/v2\/users\/1"}],"replies":[{"embeddable":true,"href":"https:\/\/influencias.do\/index.php\/wp-json\/wp\/v2\/comments?post=54195"}],"version-history":[{"count":1,"href":"https:\/\/influencias.do\/index.php\/wp-json\/wp\/v2\/posts\/54195\/revisions"}],"predecessor-version":[{"id":54197,"href":"https:\/\/influencias.do\/index.php\/wp-json\/wp\/v2\/posts\/54195\/revisions\/54197"}],"wp:featuredmedia":[{"embeddable":true,"href":"https:\/\/influencias.do\/index.php\/wp-json\/wp\/v2\/media\/54196"}],"wp:attachment":[{"href":"https:\/\/influencias.do\/index.php\/wp-json\/wp\/v2\/media?parent=54195"}],"wp:term":[{"taxonomy":"category","embeddable":true,"href":"https:\/\/influencias.do\/index.php\/wp-json\/wp\/v2\/categories?post=54195"},{"taxonomy":"post_tag","embeddable":true,"href":"https:\/\/influencias.do\/index.php\/wp-json\/wp\/v2\/tags?post=54195"}],"curies":[{"name":"wp","href":"https:\/\/api.w.org\/{rel}","templated":true}]}}