{"id":54189,"date":"2025-08-05T18:36:34","date_gmt":"2025-08-05T18:36:34","guid":{"rendered":"https:\/\/influencias.do\/?p=54189"},"modified":"2025-08-05T18:36:34","modified_gmt":"2025-08-05T18:36:34","slug":"charlie-mariotti-anuncia-su-aspiracion-presidencial-conozco-el-estado-dominicano","status":"publish","type":"post","link":"https:\/\/influencias.do\/index.php\/2025\/08\/05\/charlie-mariotti-anuncia-su-aspiracion-presidencial-conozco-el-estado-dominicano\/","title":{"rendered":"Charlie Mariotti anuncia su aspiraci\u00f3n presidencial: \u201cconozco el Estado dominicano\u201d"},"content":{"rendered":"\r\n<p style=\"text-align: justify;\"><strong>Santo Domingo. <\/strong>&#8211; El dirigente pol\u00edtico y exsenador de la Rep\u00fablica, Charlie Mariotti, anunci\u00f3 formalmente su intenci\u00f3n de aspirar a la Presidencia de la Rep\u00fablica Dominicana, basando su decisi\u00f3n en una trayectoria de servicio p\u00fablico y profundo conocimiento del funcionamiento del Estado.<\/p>\r\n<p style=\"text-align: justify;\"> <\/p>\r\n<p style=\"text-align: justify;\">\u201cLanzo mi candidatura presidencial porque creo en mi pa\u00eds. He dedicado mis mejores esfuerzos a favor de una mejor Rep\u00fablica Dominicana\u201d, expres\u00f3 Mariotti durante una intervenci\u00f3n p\u00fablica. Se\u00f1al\u00f3 adem\u00e1s que ha logrado equilibrar sus responsabilidades p\u00fablicas con su vida familiar: \u201cHe cumplido con mis tareas y asignaciones en el \u00e1mbito p\u00fablico, y tambi\u00e9n he construido una familia\u201d, dijo el exsecretario general del Partido de la Liberaci\u00f3n Dominicana (PLD).<\/p>\r\n<p style=\"text-align: justify;\"> <\/p>\r\n<p style=\"text-align: justify;\">Con 14 a\u00f1os de experiencia como senador, Mariotti record\u00f3 su participaci\u00f3n activa en la aprobaci\u00f3n de leyes clave para la arquitectura institucional del pa\u00eds. \u201cNo hay un solo proyecto de ley importante para el dise\u00f1o institucional dominicano donde no haya estado presente mi visi\u00f3n de pa\u00eds y sugerencias bien fundamentadas\u201d, afirm\u00f3.<\/p>\r\n<p style=\"text-align: justify;\"> <\/p>\r\n<p style=\"text-align: justify;\">Entre las normativas que mencion\u00f3 figuran la Ley de R\u00e9gimen Electoral, la Ley de Partidos Pol\u00edticos, leyes que crearon nuevos ministerios, as\u00ed como el Marco Nacional de Cualificaciones, fundamental, seg\u00fan sus palabras, para mejorar la educaci\u00f3n t\u00e9cnica-vocacional y su articulaci\u00f3n con el sistema universitario.<\/p>\r\n<p style=\"text-align: justify;\"> <\/p>\r\n<p style=\"text-align: justify;\">Asimismo, destac\u00f3 su papel en la elaboraci\u00f3n de la primera Ley de Residuos S\u00f3lidos aprobada en el 2020 y su participaci\u00f3n en m\u00faltiples procesos presupuestarios, incluyendo complementarios.<\/p>\r\n<p style=\"text-align: justify;\"> <\/p>\r\n<p style=\"text-align: justify;\">A su paso por la administraci\u00f3n p\u00fablica, Mariotti tambi\u00e9n fue gobernador durante dos a\u00f1os y ocup\u00f3 el cargo de secretario general del Partido de la Liberaci\u00f3n Dominicana (PLD) durante tres a\u00f1os y medio.<\/p>\r\n<p style=\"text-align: justify;\"> <\/p>\r\n<p style=\"text-align: justify;\">\u201cConozco el Estado dominicano. Estoy preparado para servirle al pa\u00eds desde la m\u00e1s alta magistratura\u201d, concluy\u00f3.<\/p>\r\n","protected":false},"excerpt":{"rendered":"<p>Santo Domingo. &#8211; El dirigente pol\u00edtico y exsenador de la Rep\u00fablica, Charlie Mariotti, anunci\u00f3 formalmente su intenci\u00f3n de aspirar a la Presidencia de la Rep\u00fablica Dominicana, basando su decisi\u00f3n en una trayectoria de servicio p\u00fablico y profundo conocimiento del funcionamiento del Estado. \u201cLanzo mi candidatura presidencial porque creo en mi pa\u00eds. He dedicado mis mejores [&hellip;]<\/p>\n","protected":false},"author":1,"featured_media":54190,"comment_status":"open","ping_status":"open","sticky":false,"template":"","format":"standard","meta":{"_bbp_topic_count":0,"_bbp_reply_count":0,"_bbp_total_topic_count":0,"_bbp_total_reply_count":0,"_bbp_voice_count":0,"_bbp_anonymous_reply_count":0,"_bbp_topic_count_hidden":0,"_bbp_reply_count_hidden":0,"_bbp_forum_subforum_count":0,"content-type":"","iawp_total_views":0,"footnotes":""},"categories":[106],"tags":[],"class_list":{"0":"post-54189","1":"post","2":"type-post","3":"status-publish","4":"format-standard","5":"has-post-thumbnail","7":"category-politica"},"_links":{"self":[{"href":"https:\/\/influencias.do\/index.php\/wp-json\/wp\/v2\/posts\/54189","targetHints":{"allow":["GET"]}}],"collection":[{"href":"https:\/\/influencias.do\/index.php\/wp-json\/wp\/v2\/posts"}],"about":[{"href":"https:\/\/influencias.do\/index.php\/wp-json\/wp\/v2\/types\/post"}],"author":[{"embeddable":true,"href":"https:\/\/influencias.do\/index.php\/wp-json\/wp\/v2\/users\/1"}],"replies":[{"embeddable":true,"href":"https:\/\/influencias.do\/index.php\/wp-json\/wp\/v2\/comments?post=54189"}],"version-history":[{"count":1,"href":"https:\/\/influencias.do\/index.php\/wp-json\/wp\/v2\/posts\/54189\/revisions"}],"predecessor-version":[{"id":54191,"href":"https:\/\/influencias.do\/index.php\/wp-json\/wp\/v2\/posts\/54189\/revisions\/54191"}],"wp:featuredmedia":[{"embeddable":true,"href":"https:\/\/influencias.do\/index.php\/wp-json\/wp\/v2\/media\/54190"}],"wp:attachment":[{"href":"https:\/\/influencias.do\/index.php\/wp-json\/wp\/v2\/media?parent=54189"}],"wp:term":[{"taxonomy":"category","embeddable":true,"href":"https:\/\/influencias.do\/index.php\/wp-json\/wp\/v2\/categories?post=54189"},{"taxonomy":"post_tag","embeddable":true,"href":"https:\/\/influencias.do\/index.php\/wp-json\/wp\/v2\/tags?post=54189"}],"curies":[{"name":"wp","href":"https:\/\/api.w.org\/{rel}","templated":true}]}}