{"id":5371,"date":"2023-03-14T19:31:25","date_gmt":"2023-03-14T23:31:25","guid":{"rendered":"https:\/\/influencias.do\/?p=5371"},"modified":"2023-03-14T19:31:25","modified_gmt":"2023-03-14T23:31:25","slug":"presidente-abinader-reitera-protegera-produccion-nacional-de-arroz","status":"publish","type":"post","link":"https:\/\/influencias.do\/index.php\/2023\/03\/14\/presidente-abinader-reitera-protegera-produccion-nacional-de-arroz\/","title":{"rendered":"Presidente Abinader reitera proteger\u00e1 producci\u00f3n nacional de arroz"},"content":{"rendered":"\n<p>El presidente Luis Abinader reiter\u00f3 hoy que como expres\u00f3 en su discurso ante la Asamblea Nacional, el pasado 27 de febrero, no permitir\u00e1 que se abra el mercado en la parte arrocera y que sobre todo proteger\u00e1 la producci\u00f3n nacional del cereal.<\/p>\n\n\n\n<p>\u201cQue esto est\u00e9 claro, que vamos a proteger la producci\u00f3n nacional y m\u00e1s en estos momentos donde cada pa\u00eds tiene que garantizar la seguridad alimentaria\u201d, enfatiz\u00f3 el mandatario.<\/p>\n\n\n\n<p>Manifest\u00f3 que desconoce la informaci\u00f3n de que Estados Unidos no quiere negociar con el pa\u00eds del DR Cafta porque esta naci\u00f3n como otros pa\u00edses, est\u00e1n subsidiando a los arroceros.<\/p>\n\n\n\n<p>El presidente Abinader habl\u00f3 en estos t\u00e9rminos al responder inquietudes de los periodistas al concluir el acto de inicio de los trabajos de construcci\u00f3n del hotel W Punta Cana, en Uvero Alto, que ser\u00e1 desarrollado por el Grupo Puntacana, Mac Hotels y Marriott International, integrando 349 habitaciones en una propiedad de lujo solo para adultos y generar\u00e1 600 empleos.<\/p>\n\n\n\n<p>Adem\u00e1s, el jefe de Estado indic\u00f3 que desde su llegada al gobierno ha estado hablando con los Estados Unidos y precis\u00f3 que no han mostrado a\u00fan una posici\u00f3n y dijo que desconoce lo que sali\u00f3 en un diario de circulaci\u00f3n nacional sobre el tema.<\/p>\n\n\n\n<p>\u201cLo que tu si puedes estar seguro es que la posici\u00f3n del gobierno es proteger la producci\u00f3n nacional\u201d, recalc\u00f3.<\/p>\n\n\n\n<p>En otro orden, el presidente Abinader expres\u00f3 que se siente optimista porque a\u00fan en un ambiente internacional dif\u00edcil, en el pa\u00eds siguen las inversiones, el crecimiento econ\u00f3mico y del empleo el cual est\u00e1 mejorando junto con el salario m\u00ednimo y espera mejoras en todos los niveles.<\/p>\n\n\n\n<p>Con relaci\u00f3n a los incendios forestales, el mandatario dijo ha sido por la combinaci\u00f3n de la sequia que afecta el pa\u00eds y otros provocados, sin embargo, reitero que ya el Gobierno est\u00e1 actuando en ese sentido.<\/p>\n","protected":false},"excerpt":{"rendered":"<p>El presidente Luis Abinader reiter\u00f3 hoy que como expres\u00f3 en su discurso ante la Asamblea Nacional, el pasado 27 de febrero, no permitir\u00e1 que se abra el mercado en la parte arrocera y que sobre todo proteger\u00e1 la producci\u00f3n nacional del cereal. \u201cQue esto est\u00e9 claro, que vamos a proteger la producci\u00f3n nacional y m\u00e1s [&hellip;]<\/p>\n","protected":false},"author":2,"featured_media":5373,"comment_status":"open","ping_status":"open","sticky":false,"template":"","format":"standard","meta":{"_bbp_topic_count":0,"_bbp_reply_count":0,"_bbp_total_topic_count":0,"_bbp_total_reply_count":0,"_bbp_voice_count":0,"_bbp_anonymous_reply_count":0,"_bbp_topic_count_hidden":0,"_bbp_reply_count_hidden":0,"_bbp_forum_subforum_count":0,"content-type":"","iawp_total_views":0,"footnotes":""},"categories":[105],"tags":[],"class_list":{"0":"post-5371","1":"post","2":"type-post","3":"status-publish","4":"format-standard","5":"has-post-thumbnail","7":"category-nacionales"},"_links":{"self":[{"href":"https:\/\/influencias.do\/index.php\/wp-json\/wp\/v2\/posts\/5371","targetHints":{"allow":["GET"]}}],"collection":[{"href":"https:\/\/influencias.do\/index.php\/wp-json\/wp\/v2\/posts"}],"about":[{"href":"https:\/\/influencias.do\/index.php\/wp-json\/wp\/v2\/types\/post"}],"author":[{"embeddable":true,"href":"https:\/\/influencias.do\/index.php\/wp-json\/wp\/v2\/users\/2"}],"replies":[{"embeddable":true,"href":"https:\/\/influencias.do\/index.php\/wp-json\/wp\/v2\/comments?post=5371"}],"version-history":[{"count":0,"href":"https:\/\/influencias.do\/index.php\/wp-json\/wp\/v2\/posts\/5371\/revisions"}],"wp:featuredmedia":[{"embeddable":true,"href":"https:\/\/influencias.do\/index.php\/wp-json\/"}],"wp:attachment":[{"href":"https:\/\/influencias.do\/index.php\/wp-json\/wp\/v2\/media?parent=5371"}],"wp:term":[{"taxonomy":"category","embeddable":true,"href":"https:\/\/influencias.do\/index.php\/wp-json\/wp\/v2\/categories?post=5371"},{"taxonomy":"post_tag","embeddable":true,"href":"https:\/\/influencias.do\/index.php\/wp-json\/wp\/v2\/tags?post=5371"}],"curies":[{"name":"wp","href":"https:\/\/api.w.org\/{rel}","templated":true}]}}