{"id":51935,"date":"2025-06-19T12:17:42","date_gmt":"2025-06-19T12:17:42","guid":{"rendered":"https:\/\/influencias.do\/?p=51935"},"modified":"2025-06-19T12:18:25","modified_gmt":"2025-06-19T12:18:25","slug":"mte-revoluciona-la-gestion-de-residuos-en-rd-y-el-caribe-con-el-primer-camion-compactador-100-electrico-de-la-region","status":"publish","type":"post","link":"https:\/\/influencias.do\/index.php\/2025\/06\/19\/mte-revoluciona-la-gestion-de-residuos-en-rd-y-el-caribe-con-el-primer-camion-compactador-100-electrico-de-la-region\/","title":{"rendered":"MTE revoluciona la gesti\u00f3n de residuos en RD y el Caribe con el primer cami\u00f3n compactador 100% el\u00e9ctrico de la regi\u00f3n"},"content":{"rendered":"<p style=\"text-align: justify;\"><strong>Punta Cana, R.D.\u2013<\/strong> En el marco del Congreso Internacional de Tr\u00e1nsito, Movilidad y Seguridad Vial, organizado por la Liga Municipal Dominicana, la empresa MTE Group present\u00f3 oficialmente el primer cami\u00f3n compactador totalmente el\u00e9ctrico de la Rep\u00fablica Dominicana y de todo el Caribe: el Isuzu EVM600.<\/p>\n<p style=\"text-align: justify;\">La presentaci\u00f3n, celebrada este martes 17 de junio a la 1:30 de la tarde en el centro de convenciones del hotel H10 Ocean El Beso (Hard Rock Punta Cana), fue recibida con entusiasmo por decenas de alcaldes, funcionarios municipales y expertos del sector urbano.<\/p>\n<p style=\"text-align: justify;\">El modelo Isuzu EVM600 representa un salto tecnol\u00f3gico sin precedentes para la recolecci\u00f3n de residuos s\u00f3lidos urbanos. Entre sus principales atributos destacan:<\/p>\n<p style=\"text-align: justify;\">&#8211; Cero emisiones contaminantes, aportando a la lucha contra el cambio clim\u00e1tico.<\/p>\n<p><img loading=\"lazy\" loading=\"lazy\" decoding=\"async\" class=\"wp-image-51939 size-large aligncenter\" src=\"https:\/\/influencias.do\/wp-content\/uploads\/2025\/06\/3a6d7553-eb62-4863-99c0-9c40b6a2be2b-1-1024x682.jpeg\" alt=\"\" width=\"1024\" height=\"682\" srcset=\"https:\/\/influencias.do\/wp-content\/uploads\/2025\/06\/3a6d7553-eb62-4863-99c0-9c40b6a2be2b-1-1024x682.jpeg 1024w, https:\/\/influencias.do\/wp-content\/uploads\/2025\/06\/3a6d7553-eb62-4863-99c0-9c40b6a2be2b-1-300x200.jpeg 300w, https:\/\/influencias.do\/wp-content\/uploads\/2025\/06\/3a6d7553-eb62-4863-99c0-9c40b6a2be2b-1-768x511.jpeg 768w, https:\/\/influencias.do\/wp-content\/uploads\/2025\/06\/3a6d7553-eb62-4863-99c0-9c40b6a2be2b-1-330x220.jpeg 330w, https:\/\/influencias.do\/wp-content\/uploads\/2025\/06\/3a6d7553-eb62-4863-99c0-9c40b6a2be2b-1-420x280.jpeg 420w, https:\/\/influencias.do\/wp-content\/uploads\/2025\/06\/3a6d7553-eb62-4863-99c0-9c40b6a2be2b-1-615x410.jpeg 615w, https:\/\/influencias.do\/wp-content\/uploads\/2025\/06\/3a6d7553-eb62-4863-99c0-9c40b6a2be2b-1-860x572.jpeg 860w, https:\/\/influencias.do\/wp-content\/uploads\/2025\/06\/3a6d7553-eb62-4863-99c0-9c40b6a2be2b-1.jpeg 1280w\" sizes=\"auto, (max-width: 1024px) 100vw, 1024px\" \/><\/p>\n<p style=\"text-align: justify;\">&#8211; Cero contaminaci\u00f3n s\u00f3nica, ideal para rutas nocturnas o residenciales.<\/p>\n<p style=\"text-align: justify;\">&#8211; Cero gastos en combustible, reduciendo dr\u00e1sticamente los costos operativos.<\/p>\n<p style=\"text-align: justify;\">&#8211; Autonom\u00eda de hasta 450 km en aceleraci\u00f3n constante y 280 km en conducci\u00f3n urbana, ideal para entornos municipales de gran tama\u00f1o.<\/p>\n<p style=\"text-align: justify;\">\u201cHoy no solo presentamos un veh\u00edculo, sino una visi\u00f3n: la de una Rep\u00fablica Dominicana m\u00e1s limpia, m\u00e1s eficiente y m\u00e1s comprometida con la innovaci\u00f3n y la sostenibilidad\u201d, expres\u00f3 el equipo ejecutivo de MTE durante la presentaci\u00f3n.<\/p>\n<p style=\"text-align: justify;\">Con esta innovaci\u00f3n, MTE consolida su posici\u00f3n como la empresa l\u00edder en soluciones para la gesti\u00f3n de residuos en el pa\u00eds, reafirmando su compromiso con el medio ambiente, el desarrollo tecnol\u00f3gico y la eficiencia en los servicios municipales.<\/p>\n<p style=\"text-align: justify;\">El evento tambi\u00e9n sirvi\u00f3 como espacio de di\u00e1logo entre alcaldes, expertos y empresas del sector para impulsar una agenda moderna de movilidad urbana en beneficio de las comunidades.<\/p>\n<p style=\"text-align: justify;\">Sobre MTE Group<\/p>\n<p>MTE Group es una empresa dominicana especializada en soluciones integrales para la recolecci\u00f3n, transporte y disposici\u00f3n final de residuos s\u00f3lidos. Su enfoque est\u00e1 basado en la eficiencia, la innovaci\u00f3n y el respeto al medio ambiente.<\/p>\n","protected":false},"excerpt":{"rendered":"<p>Punta Cana, R.D.\u2013 En el marco del Congreso Internacional de Tr\u00e1nsito, Movilidad y Seguridad Vial, organizado por la Liga Municipal Dominicana, la empresa MTE Group present\u00f3 oficialmente el primer cami\u00f3n compactador totalmente el\u00e9ctrico de la Rep\u00fablica Dominicana y de todo el Caribe: el Isuzu EVM600. La presentaci\u00f3n, celebrada este martes 17 de junio a la [&hellip;]<\/p>\n","protected":false},"author":1,"featured_media":51937,"comment_status":"open","ping_status":"open","sticky":false,"template":"","format":"standard","meta":{"_bbp_topic_count":0,"_bbp_reply_count":0,"_bbp_total_topic_count":0,"_bbp_total_reply_count":0,"_bbp_voice_count":0,"_bbp_anonymous_reply_count":0,"_bbp_topic_count_hidden":0,"_bbp_reply_count_hidden":0,"_bbp_forum_subforum_count":0,"content-type":"","iawp_total_views":1,"footnotes":""},"categories":[112],"tags":[],"class_list":{"0":"post-51935","1":"post","2":"type-post","3":"status-publish","4":"format-standard","5":"has-post-thumbnail","7":"category-municipalidad"},"_links":{"self":[{"href":"https:\/\/influencias.do\/index.php\/wp-json\/wp\/v2\/posts\/51935","targetHints":{"allow":["GET"]}}],"collection":[{"href":"https:\/\/influencias.do\/index.php\/wp-json\/wp\/v2\/posts"}],"about":[{"href":"https:\/\/influencias.do\/index.php\/wp-json\/wp\/v2\/types\/post"}],"author":[{"embeddable":true,"href":"https:\/\/influencias.do\/index.php\/wp-json\/wp\/v2\/users\/1"}],"replies":[{"embeddable":true,"href":"https:\/\/influencias.do\/index.php\/wp-json\/wp\/v2\/comments?post=51935"}],"version-history":[{"count":2,"href":"https:\/\/influencias.do\/index.php\/wp-json\/wp\/v2\/posts\/51935\/revisions"}],"predecessor-version":[{"id":51940,"href":"https:\/\/influencias.do\/index.php\/wp-json\/wp\/v2\/posts\/51935\/revisions\/51940"}],"wp:featuredmedia":[{"embeddable":true,"href":"https:\/\/influencias.do\/index.php\/wp-json\/wp\/v2\/media\/51937"}],"wp:attachment":[{"href":"https:\/\/influencias.do\/index.php\/wp-json\/wp\/v2\/media?parent=51935"}],"wp:term":[{"taxonomy":"category","embeddable":true,"href":"https:\/\/influencias.do\/index.php\/wp-json\/wp\/v2\/categories?post=51935"},{"taxonomy":"post_tag","embeddable":true,"href":"https:\/\/influencias.do\/index.php\/wp-json\/wp\/v2\/tags?post=51935"}],"curies":[{"name":"wp","href":"https:\/\/api.w.org\/{rel}","templated":true}]}}