{"id":51803,"date":"2025-06-17T14:44:44","date_gmt":"2025-06-17T14:44:44","guid":{"rendered":"https:\/\/influencias.do\/?p=51803"},"modified":"2025-06-17T14:44:44","modified_gmt":"2025-06-17T14:44:44","slug":"eddy-alcantara-afirma-luis-abinader-es-el-mejor-activo-para-asumir-liderazgo-del-prm","status":"publish","type":"post","link":"https:\/\/influencias.do\/index.php\/2025\/06\/17\/eddy-alcantara-afirma-luis-abinader-es-el-mejor-activo-para-asumir-liderazgo-del-prm\/","title":{"rendered":"Eddy Alc\u00e1ntara afirma Luis Abinader es el mejor activo para asumir liderazgo del PRM"},"content":{"rendered":"<p><strong>SANTO DOMINGO. \u2013<\/strong> El <strong>dirigente pol\u00edtico Eddy Alc\u00e1ntara<\/strong> sostuvo que el presidente de la Rep\u00fablica, Luis Abinader, es la persona llamada a asumir el liderazgo del oficialista P<strong>artido Revolucionario Moderno (PRM)<\/strong> a partir del a\u00f1o 2026, para asegurar la permanencia en el poder de esa formaci\u00f3n pol\u00edtica m\u00e1s all\u00e1 de 2028.<\/p>\n<p>Resalt\u00f3 en ese sentido, la experiencia pol\u00edtica del mandatario, de su acercamiento con la dirigencia y militancia del partido en todo el pa\u00eds y de las filiales del exterior, as\u00ed como su capacidad para generar consensos.<\/p>\n<p>\u201cEl presidente Abinader es el mejor activo para dirigir el PRM a partir de 2026, cuando se escoger\u00e1n las nuevas autoridades de esta organizaci\u00f3n pol\u00edtica\u201d, afirm\u00f3.<\/p>\n<p>Alc\u00e1ntara, quien ofreci\u00f3 sus declaraciones este martes en el programa de televisi\u00f3n \u201cVozz Matutina\u201d, sostuvo que diversos sectores dentro del PRM y de la sociedad civil han reconocido en el jefe del Estado \u201cuna figura de equilibrio, de institucionalidad y compromiso democr\u00e1tico, lo que lo convierte en la principal figura pol\u00edtica para asumir el liderazgo del partido en el poder\u201d.<\/p>\n<p>\u201cTodo el inter\u00e9s colectivo ha coincidido en que Luis Abinader debe asumir las riendas del partido, porque ha demostrado ser un l\u00edder desinteresado, enfocado en el bienestar colectivo y sin ataduras a intereses particulares\u201d, expres\u00f3 Alc\u00e1ntara.<\/p>\n<p>El dirigente oficialista del PRM, destac\u00f3, asimismo, los logros del gobierno actual, se\u00f1alando que el presidente Abinader est\u00e1 ejecutando un programa de transformaci\u00f3n institucional, desarrollo econ\u00f3mico y fortalecimiento de la transparencia que quedar\u00e1 como un referente hist\u00f3rico en la vida democr\u00e1tica de la Rep\u00fablica Dominicana.<\/p>\n<p>\u201cSu obra de gobierno, sin lugar a dudas, es la principal carta de presentaci\u00f3n que tiene el PRM para mantenerse como la principal fuerza pol\u00edtica del pa\u00eds en los pr\u00f3ximos a\u00f1os\u201d, agreg\u00f3.<\/p>\n<p>Finalmente, Alc\u00e1ntara afirm\u00f3 que Abinader es la garant\u00eda de unidad y proyecci\u00f3n futura del PRM, lo que permitir\u00e1 que el partido no solo se fortalezca org\u00e1nicamente, sino que tambi\u00e9n siga obteniendo triunfos en los pr\u00f3ximos procesos electorales para seguir dirigiendo los destinos de la Rep\u00fablica Dominicana.<\/p>\n","protected":false},"excerpt":{"rendered":"<p>SANTO DOMINGO. \u2013 El dirigente pol\u00edtico Eddy Alc\u00e1ntara sostuvo que el presidente de la Rep\u00fablica, Luis Abinader, es la persona llamada a asumir el liderazgo del oficialista Partido Revolucionario Moderno (PRM) a partir del a\u00f1o 2026, para asegurar la permanencia en el poder de esa formaci\u00f3n pol\u00edtica m\u00e1s all\u00e1 de 2028. Resalt\u00f3 en ese sentido, [&hellip;]<\/p>\n","protected":false},"author":1,"featured_media":51804,"comment_status":"open","ping_status":"open","sticky":false,"template":"","format":"standard","meta":{"_bbp_topic_count":0,"_bbp_reply_count":0,"_bbp_total_topic_count":0,"_bbp_total_reply_count":0,"_bbp_voice_count":0,"_bbp_anonymous_reply_count":0,"_bbp_topic_count_hidden":0,"_bbp_reply_count_hidden":0,"_bbp_forum_subforum_count":0,"content-type":"","iawp_total_views":0,"footnotes":""},"categories":[106],"tags":[1834],"class_list":{"0":"post-51803","1":"post","2":"type-post","3":"status-publish","4":"format-standard","5":"has-post-thumbnail","7":"category-politica","8":"tag-eddy-alcantara"},"_links":{"self":[{"href":"https:\/\/influencias.do\/index.php\/wp-json\/wp\/v2\/posts\/51803","targetHints":{"allow":["GET"]}}],"collection":[{"href":"https:\/\/influencias.do\/index.php\/wp-json\/wp\/v2\/posts"}],"about":[{"href":"https:\/\/influencias.do\/index.php\/wp-json\/wp\/v2\/types\/post"}],"author":[{"embeddable":true,"href":"https:\/\/influencias.do\/index.php\/wp-json\/wp\/v2\/users\/1"}],"replies":[{"embeddable":true,"href":"https:\/\/influencias.do\/index.php\/wp-json\/wp\/v2\/comments?post=51803"}],"version-history":[{"count":1,"href":"https:\/\/influencias.do\/index.php\/wp-json\/wp\/v2\/posts\/51803\/revisions"}],"predecessor-version":[{"id":51805,"href":"https:\/\/influencias.do\/index.php\/wp-json\/wp\/v2\/posts\/51803\/revisions\/51805"}],"wp:featuredmedia":[{"embeddable":true,"href":"https:\/\/influencias.do\/index.php\/wp-json\/wp\/v2\/media\/51804"}],"wp:attachment":[{"href":"https:\/\/influencias.do\/index.php\/wp-json\/wp\/v2\/media?parent=51803"}],"wp:term":[{"taxonomy":"category","embeddable":true,"href":"https:\/\/influencias.do\/index.php\/wp-json\/wp\/v2\/categories?post=51803"},{"taxonomy":"post_tag","embeddable":true,"href":"https:\/\/influencias.do\/index.php\/wp-json\/wp\/v2\/tags?post=51803"}],"curies":[{"name":"wp","href":"https:\/\/api.w.org\/{rel}","templated":true}]}}