{"id":51029,"date":"2025-06-04T20:30:31","date_gmt":"2025-06-04T20:30:31","guid":{"rendered":"https:\/\/influencias.do\/?p=51029"},"modified":"2025-06-04T20:30:31","modified_gmt":"2025-06-04T20:30:31","slug":"rd-sera-anfitrion-de-la-reunion-anual-de-la-union-internacional-para-las-telecomunicaciones","status":"publish","type":"post","link":"https:\/\/influencias.do\/index.php\/2025\/06\/04\/rd-sera-anfitrion-de-la-reunion-anual-de-la-union-internacional-para-las-telecomunicaciones\/","title":{"rendered":"RD ser\u00e1 anfitri\u00f3n de la reuni\u00f3n anual de la Uni\u00f3n Internacional para las Telecomunicaciones"},"content":{"rendered":"<p style=\"font-weight: 400; text-align: justify;\">\n<p style=\"font-weight: 400; text-align: justify;\"><strong>Santo Domingo. &#8211;<\/strong>\u00a0La Rep\u00fablica Dominicana ser\u00e1 sede de un evento sin precedentes en el \u00e1mbito de la transformaci\u00f3n digital a nivel comunitario: del 10 al 12 de junio de 2025, nuestro pa\u00eds acoger\u00e1 el Taller Global sobre Centros de Transformaci\u00f3n Digital (DTC) y la Reuni\u00f3n Anual de los Centros de Formaci\u00f3n de la UIT (ATC).<\/p>\n<p style=\"font-weight: 400; text-align: justify;\">La informaci\u00f3n fue dada a conocer por el director de los Centros Tecnol\u00f3gicos Comunitarios, Isidro Torres quien destac\u00f3 la importancia del encuentro, al tiempo que destac\u00f3 que los Centros Tecnol\u00f3gicos Comunitarios (CTC), recibieron por parte de la Uni\u00f3n Internacional para las Telecomunicaciones (ITU), un reconocimiento por la\u00a0 labor formativa y compromiso que desarrolla esta instituci\u00f3n con las comunidades m\u00e1s vulnerables, en el cierre de la brecha digital y en la creaci\u00f3n de habilidades para la empleabilidad y el desarrollo.<\/p>\n<p style=\"font-weight: 400; text-align: justify;\">\u00a0Este evento es organizado por la Uni\u00f3n Internacional de Telecomunicaciones (UIT) en colaboraci\u00f3n con Cisco, y reunir\u00e1 a representantes de todos los DTC y ATC del mundo para fortalecer la Iniciativa de Transformaci\u00f3n Digital (DTCI), compartir buenas pr\u00e1cticas y promover nuevas alianzas.<\/p>\n<p style=\"font-weight: 400; text-align: justify;\">\u201cDurante estos tres d\u00edas, desarrollaremos actividades de gran impacto, como sesiones de presentaci\u00f3n de resultados, discusiones t\u00e9cnicas sobre desaf\u00edos comunes, actualizaci\u00f3n de directrices operativas, y consultas personalizadas entre los DTC y el equipo t\u00e9cnico de UIT y Cisco. Uno de los momentos m\u00e1s destacados ser\u00e1 la visita al CTC de La Nueva Barquita, donde mostraremos el modelo dominicano de formaci\u00f3n digital, integraci\u00f3n comunitaria e inclusi\u00f3n social, como un ejemplo replicable a nivel global\u201d cit\u00f3.<\/p>\n<p style=\"font-weight: 400; text-align: justify;\">Desde el lanzamiento en febrero de 2020 de la iniciativa, los Centros de Transformaci\u00f3n Digital (DTC, siglas en ingl\u00e9s) de la ITU representada en el pa\u00eds, utilizando la plataforma de los Centros Tecnol\u00f3gicos Comunitarios, han capacitado a m\u00e1s de 5,000 personas en academias de renombre internacional tales como son: Cisco y Hp Life. El prop\u00f3sito de los DTC es ayudar a los pa\u00edses a desarrollar habilidades digitales en niveles b\u00e1sicos e intermedios, particularmente en<\/p>\n<p style=\"font-weight: 400; text-align: justify;\">La importancia de este evento para el pa\u00eds es estrat\u00e9gica. En primer lugar, se consolida la Estrategia Nacional de Transformaci\u00f3n Digital, alineada con la Agenda Digital 2030. Adem\u00e1s, la Rep\u00fablica Dominicana se posiciona como l\u00edder regional e internacional en alfabetizaci\u00f3n digital e inclusi\u00f3n tecnol\u00f3gica, mostrando al mundo la efectividad del modelo de los Centros Tecnol\u00f3gicos Comunitarios (CTC).<\/p>\n<p style=\"font-weight: 400; text-align: justify;\">A nivel gubernamental, este taller representa una oportunidad para atraer cooperaci\u00f3n internacional y establecer alianzas estrat\u00e9gicas con organismos multilaterales, empresas tecnol\u00f3gicas y entidades de formaci\u00f3n. Tambi\u00e9n nos permitir\u00e1 ampliar el acceso a habilidades digitales, especialmente en zonas rurales y entre poblaciones vulnerables como j\u00f3venes, mujeres, adultos mayores y personas con discapacidad.<\/p>\n<p style=\"font-weight: 400; text-align: justify;\">Las experiencias vividas en el taller global de 2024 en Bali mostraron c\u00f3mo los DTC est\u00e1n transformando vidas en distintos continentes, con ejemplos de inclusi\u00f3n para personas con discapacidad visual, programas personalizados en comunidades remotas y formaci\u00f3n adaptada a las necesidades locales. La Rep\u00fablica Dominicana, que tuvo una destacada participaci\u00f3n en dicho evento, ahora se prepara para mostrar al mundo c\u00f3mo el trabajo comunitario, la tecnolog\u00eda y el compromiso institucional pueden cambiar realidades.<\/p>\n<p style=\"font-weight: 400; text-align: justify;\">Torres explic\u00f3 que en la jornada tambi\u00e9n participar\u00e1 el Instituto Dominicano de las Telecomunicaciones (Indotel), en la que seg\u00fan dijo junto a los Centros Tecnol\u00f3gicos Comunitarios, representar\u00e1n a la Rep\u00fablica Dominicana.<\/p>\n<p style=\"font-weight: 400; text-align: justify;\">\u201cInvitamos a todos los sectores \u2014medios de comunicaci\u00f3n, organismos p\u00fablicos, empresas, universidades y l\u00edderes comunitarios\u2014 a ser parte de este evento hist\u00f3rico que marcar\u00e1 un antes y un despu\u00e9s en la forma en que formamos, empoderamos y conectamos a nuestra gente\u201d.<\/p>\n<p style=\"font-weight: 400;\">\n<p style=\"font-weight: 400;\">\n","protected":false},"excerpt":{"rendered":"<p>Santo Domingo. &#8211;\u00a0La Rep\u00fablica Dominicana ser\u00e1 sede de un evento sin precedentes en el \u00e1mbito de la transformaci\u00f3n digital a nivel comunitario: del 10 al 12 de junio de 2025, nuestro pa\u00eds acoger\u00e1 el Taller Global sobre Centros de Transformaci\u00f3n Digital (DTC) y la Reuni\u00f3n Anual de los Centros de Formaci\u00f3n de la UIT (ATC). [&hellip;]<\/p>\n","protected":false},"author":1,"featured_media":51030,"comment_status":"open","ping_status":"open","sticky":false,"template":"","format":"standard","meta":{"_bbp_topic_count":0,"_bbp_reply_count":0,"_bbp_total_topic_count":0,"_bbp_total_reply_count":0,"_bbp_voice_count":0,"_bbp_anonymous_reply_count":0,"_bbp_topic_count_hidden":0,"_bbp_reply_count_hidden":0,"_bbp_forum_subforum_count":0,"content-type":"","iawp_total_views":0,"footnotes":""},"categories":[105],"tags":[],"class_list":{"0":"post-51029","1":"post","2":"type-post","3":"status-publish","4":"format-standard","5":"has-post-thumbnail","7":"category-nacionales"},"_links":{"self":[{"href":"https:\/\/influencias.do\/index.php\/wp-json\/wp\/v2\/posts\/51029","targetHints":{"allow":["GET"]}}],"collection":[{"href":"https:\/\/influencias.do\/index.php\/wp-json\/wp\/v2\/posts"}],"about":[{"href":"https:\/\/influencias.do\/index.php\/wp-json\/wp\/v2\/types\/post"}],"author":[{"embeddable":true,"href":"https:\/\/influencias.do\/index.php\/wp-json\/wp\/v2\/users\/1"}],"replies":[{"embeddable":true,"href":"https:\/\/influencias.do\/index.php\/wp-json\/wp\/v2\/comments?post=51029"}],"version-history":[{"count":1,"href":"https:\/\/influencias.do\/index.php\/wp-json\/wp\/v2\/posts\/51029\/revisions"}],"predecessor-version":[{"id":51031,"href":"https:\/\/influencias.do\/index.php\/wp-json\/wp\/v2\/posts\/51029\/revisions\/51031"}],"wp:featuredmedia":[{"embeddable":true,"href":"https:\/\/influencias.do\/index.php\/wp-json\/wp\/v2\/media\/51030"}],"wp:attachment":[{"href":"https:\/\/influencias.do\/index.php\/wp-json\/wp\/v2\/media?parent=51029"}],"wp:term":[{"taxonomy":"category","embeddable":true,"href":"https:\/\/influencias.do\/index.php\/wp-json\/wp\/v2\/categories?post=51029"},{"taxonomy":"post_tag","embeddable":true,"href":"https:\/\/influencias.do\/index.php\/wp-json\/wp\/v2\/tags?post=51029"}],"curies":[{"name":"wp","href":"https:\/\/api.w.org\/{rel}","templated":true}]}}