{"id":50943,"date":"2025-06-03T13:53:53","date_gmt":"2025-06-03T13:53:53","guid":{"rendered":"https:\/\/influencias.do\/?p=50943"},"modified":"2025-06-03T13:53:53","modified_gmt":"2025-06-03T13:53:53","slug":"carlos-caramelo-cruz-hace-historia-al-ganar-la-casa-de-los-famosos-all-stars","status":"publish","type":"post","link":"https:\/\/influencias.do\/index.php\/2025\/06\/03\/carlos-caramelo-cruz-hace-historia-al-ganar-la-casa-de-los-famosos-all-stars\/","title":{"rendered":"Carlos \u201cCaramelo\u201d Cruz hace historia al ganar &#8220;La Casa de los Famosos All-Stars&#8221;"},"content":{"rendered":"<p data-start=\"139\" data-end=\"309\">Carlos Antonio Cruz, conocido como \u201c<a href=\"https:\/\/www.instagram.com\/elcaramelodechocolate\/reels\/\">Caramelo<\/a>\u201d, se coron\u00f3 como el ganador de la quinta temporada de<strong> <em data-start=\"238\" data-end=\"262\">La Casa de los Famosos<\/em><\/strong>, edici\u00f3n All-Stars, transmitida por Telemundo.<\/p>\n<p data-start=\"311\" data-end=\"558\">Este dominicano de 34 a\u00f1os, radicado en Nueva York, se convirti\u00f3 en el primer hombre en obtener el t\u00edtulo en la historia del reality. Su carisma y autenticidad le valieron el apoyo del p\u00fablico, llev\u00e1ndose a casa el premio mayor de 200,000 d\u00f3lares.<\/p>\n<p data-start=\"560\" data-end=\"866\">La final, celebrada el lunes 2 de junio de 2025, cont\u00f3 con la participaci\u00f3n de cinco finalistas: Luca Onestini, Rey Grupero, Rosa Caifa, Paulo Quevedo y Caramelo. Luca Onestini obtuvo el segundo lugar y un premio de 100,000 d\u00f3lares, mientras que Rey Grupero se posicion\u00f3 en tercer lugar con 50,000 d\u00f3lares.<\/p>\n<blockquote class=\"instagram-media\" style=\"background: #FFF; border: 0; border-radius: 3px; box-shadow: 0 0 1px 0 rgba(0,0,0,0.5),0 1px 10px 0 rgba(0,0,0,0.15); margin: 1px; max-width: 540px; min-width: 326px; padding: 0; width: calc(100% - 2px);\" data-instgrm-captioned=\"\" data-instgrm-permalink=\"https:\/\/www.instagram.com\/reel\/DKa9foMRQFI\/?utm_source=ig_embed&amp;utm_campaign=loading\" data-instgrm-version=\"14\">\n<div style=\"padding: 16px;\">\n<p>&nbsp;<\/p>\n<div style=\"display: flex; flex-direction: row; align-items: center;\">\n<div style=\"background-color: #f4f4f4; border-radius: 50%; flex-grow: 0; height: 40px; margin-right: 14px; width: 40px;\"><\/div>\n<div style=\"display: flex; flex-direction: column; flex-grow: 1; justify-content: center;\">\n<div style=\"background-color: #f4f4f4; border-radius: 4px; flex-grow: 0; height: 14px; margin-bottom: 6px; width: 100px;\"><\/div>\n<div style=\"background-color: #f4f4f4; border-radius: 4px; flex-grow: 0; height: 14px; width: 60px;\"><\/div>\n<\/div>\n<\/div>\n<div style=\"padding: 19% 0;\"><\/div>\n<div style=\"display: block; height: 50px; margin: 0 auto 12px; width: 50px;\"><\/div>\n<div style=\"padding-top: 8px;\">\n<div style=\"color: #3897f0; font-family: Arial,sans-serif; font-size: 14px; font-style: normal; font-weight: 550; line-height: 18px;\">Ver esta publicaci\u00f3n en Instagram<\/div>\n<\/div>\n<div style=\"padding: 12.5% 0;\"><\/div>\n<div style=\"display: flex; flex-direction: row; margin-bottom: 14px; align-items: center;\">\n<div>\n<div style=\"background-color: #f4f4f4; border-radius: 50%; height: 12.5px; width: 12.5px; transform: translateX(0px) translateY(7px);\"><\/div>\n<div style=\"background-color: #f4f4f4; height: 12.5px; transform: rotate(-45deg) translateX(3px) translateY(1px); width: 12.5px; flex-grow: 0; margin-right: 14px; margin-left: 2px;\"><\/div>\n<div style=\"background-color: #f4f4f4; border-radius: 50%; height: 12.5px; width: 12.5px; transform: translateX(9px) translateY(-18px);\"><\/div>\n<\/div>\n<div style=\"margin-left: 8px;\">\n<div style=\"background-color: #f4f4f4; border-radius: 50%; flex-grow: 0; height: 20px; width: 20px;\"><\/div>\n<div style=\"width: 0; height: 0; border-top: 2px solid transparent; border-left: 6px solid #f4f4f4; border-bottom: 2px solid transparent; transform: translateX(16px) translateY(-4px) rotate(30deg);\"><\/div>\n<\/div>\n<div style=\"margin-left: auto;\">\n<div style=\"width: 0px; border-top: 8px solid #F4F4F4; border-right: 8px solid transparent; transform: translateY(16px);\"><\/div>\n<div style=\"background-color: #f4f4f4; flex-grow: 0; height: 12px; width: 16px; transform: translateY(-4px);\"><\/div>\n<div style=\"width: 0; height: 0; border-top: 8px solid #F4F4F4; border-left: 8px solid transparent; transform: translateY(-4px) translateX(8px);\"><\/div>\n<\/div>\n<\/div>\n<div style=\"display: flex; flex-direction: column; flex-grow: 1; justify-content: center; margin-bottom: 24px;\">\n<div style=\"background-color: #f4f4f4; border-radius: 4px; flex-grow: 0; height: 14px; margin-bottom: 6px; width: 224px;\"><\/div>\n<div style=\"background-color: #f4f4f4; border-radius: 4px; flex-grow: 0; height: 14px; width: 144px;\"><\/div>\n<\/div>\n<p>&nbsp;<\/p>\n<p style=\"color: #c9c8cd; font-family: Arial,sans-serif; font-size: 14px; line-height: 17px; margin-bottom: 0; margin-top: 8px; overflow: hidden; padding: 8px 0 7px; text-align: center; text-overflow: ellipsis; white-space: nowrap;\"><a style=\"color: #c9c8cd; font-family: Arial,sans-serif; font-size: 14px; font-style: normal; font-weight: normal; line-height: 17px; text-decoration: none;\" href=\"https:\/\/www.instagram.com\/reel\/DKa9foMRQFI\/?utm_source=ig_embed&amp;utm_campaign=loading\" target=\"_blank\" rel=\"noopener\">Una publicaci\u00f3n compartida de La Casa de los Famosos (@lacasadelosfamosostlmd)<\/a><\/p>\n<\/div>\n<\/blockquote>\n<p><script async src=\"\/\/www.instagram.com\/embed.js\"><\/script><\/p>\n<p data-start=\"868\" data-end=\"1224\">Antes de su participaci\u00f3n en el reality, Caramelo trabajaba como repartidor de paquetes en Manhattan y gan\u00f3 popularidad en redes sociales por su estilo humor\u00edstico y carism\u00e1tico. Su paso por el programa estuvo marcado por su participaci\u00f3n en el grupo <strong>\u201cLos Tres Mosqueteros\u201d<\/strong>, junto a Niurka Marcos y Rey Grupero, destac\u00e1ndose por su autenticidad y simpat\u00eda.<\/p>\n<p data-start=\"1226\" data-end=\"1415\" data-is-last-node=\"\" data-is-only-node=\"\">Con esta victoria, Caramelo no solo se lleva un premio en efectivo, sino tambi\u00e9n un lugar destacado en la televisi\u00f3n hispana, consolid\u00e1ndose como una figura emergente en el entretenimiento.<\/p>\n","protected":false},"excerpt":{"rendered":"<p>Carlos Antonio Cruz, conocido como \u201cCaramelo\u201d, se coron\u00f3 como el ganador de la quinta temporada de La Casa de los Famosos, edici\u00f3n All-Stars, transmitida por Telemundo. Este dominicano de 34 a\u00f1os, radicado en Nueva York, se convirti\u00f3 en el primer hombre en obtener el t\u00edtulo en la historia del reality. Su carisma y autenticidad le [&hellip;]<\/p>\n","protected":false},"author":1,"featured_media":50944,"comment_status":"open","ping_status":"open","sticky":false,"template":"","format":"standard","meta":{"_bbp_topic_count":0,"_bbp_reply_count":0,"_bbp_total_topic_count":0,"_bbp_total_reply_count":0,"_bbp_voice_count":0,"_bbp_anonymous_reply_count":0,"_bbp_topic_count_hidden":0,"_bbp_reply_count_hidden":0,"_bbp_forum_subforum_count":0,"content-type":"","iawp_total_views":0,"footnotes":""},"categories":[125],"tags":[4484,4485],"class_list":{"0":"post-50943","1":"post","2":"type-post","3":"status-publish","4":"format-standard","5":"has-post-thumbnail","7":"category-arte-y-espectaculos","8":"tag-carmelo","9":"tag-la-casa-de-los-famosos"},"_links":{"self":[{"href":"https:\/\/influencias.do\/index.php\/wp-json\/wp\/v2\/posts\/50943","targetHints":{"allow":["GET"]}}],"collection":[{"href":"https:\/\/influencias.do\/index.php\/wp-json\/wp\/v2\/posts"}],"about":[{"href":"https:\/\/influencias.do\/index.php\/wp-json\/wp\/v2\/types\/post"}],"author":[{"embeddable":true,"href":"https:\/\/influencias.do\/index.php\/wp-json\/wp\/v2\/users\/1"}],"replies":[{"embeddable":true,"href":"https:\/\/influencias.do\/index.php\/wp-json\/wp\/v2\/comments?post=50943"}],"version-history":[{"count":1,"href":"https:\/\/influencias.do\/index.php\/wp-json\/wp\/v2\/posts\/50943\/revisions"}],"predecessor-version":[{"id":50945,"href":"https:\/\/influencias.do\/index.php\/wp-json\/wp\/v2\/posts\/50943\/revisions\/50945"}],"wp:featuredmedia":[{"embeddable":true,"href":"https:\/\/influencias.do\/index.php\/wp-json\/wp\/v2\/media\/50944"}],"wp:attachment":[{"href":"https:\/\/influencias.do\/index.php\/wp-json\/wp\/v2\/media?parent=50943"}],"wp:term":[{"taxonomy":"category","embeddable":true,"href":"https:\/\/influencias.do\/index.php\/wp-json\/wp\/v2\/categories?post=50943"},{"taxonomy":"post_tag","embeddable":true,"href":"https:\/\/influencias.do\/index.php\/wp-json\/wp\/v2\/tags?post=50943"}],"curies":[{"name":"wp","href":"https:\/\/api.w.org\/{rel}","templated":true}]}}