{"id":50536,"date":"2025-05-26T12:03:46","date_gmt":"2025-05-26T12:03:46","guid":{"rendered":"https:\/\/influencias.do\/?p=50536"},"modified":"2025-05-26T12:03:46","modified_gmt":"2025-05-26T12:03:46","slug":"macron-no-lo-vio-venir-su-esposa-lo-habria-abofeteado-antes-de-bajar-del-avion","status":"publish","type":"post","link":"https:\/\/influencias.do\/index.php\/2025\/05\/26\/macron-no-lo-vio-venir-su-esposa-lo-habria-abofeteado-antes-de-bajar-del-avion\/","title":{"rendered":"\u00a1Macron no lo vio venir! Su esposa lo habr\u00eda abofeteado antes de bajar del avi\u00f3n"},"content":{"rendered":"<p style=\"text-align: justify;\">El <strong>presidente de Francia, Emmanuel Macron<\/strong>, fue aparentemente\u00a0<a href=\"https:\/\/esrt.space\/actualidad\/551276-pelea-presidencial-macron-abofeteado-cara-esposa\" target=\"_blank\" rel=\"noopener noreferrer\">abofeteado<\/a>\u00a0por su esposa, <strong>Brigitte Macron<\/strong>, antes de salir del avi\u00f3n presidencial la noche del pasado domingo durante el inicio de su visita oficial a Vietnam.<\/p>\n<p style=\"text-align: justify;\">El episodio fue posteriormente minimizado por el Gobierno franc\u00e9s.<\/p>\n<p style=\"text-align: justify;\">En las im\u00e1genes se observa al mandatario conversando con su esposa al abrirse la puerta de la aeronave, quien le aparta la cara con un <strong>leve golpe.<\/strong><\/p>\n<p style=\"text-align: justify;\">Al notar la presencia de las c\u00e1maras en la pista del aeropuerto de Han\u00f3i, Macron sonr\u00ede y saluda de inmediato antes de descender.<\/p>\n<p style=\"text-align: justify;\">Ya en la escalerilla, el l\u00edder franc\u00e9s le ofrece su brazo a su mujer, pero\u00a0esta\u00a0lo rechaza.<\/p>\n<p style=\"text-align: justify;\">Tras la difusi\u00f3n de la secuencia, varios internautas se preguntaron cu\u00e1l fue la causa que desencaden\u00f3 la reacci\u00f3n de Brigitte Macron.<\/p>\n<h3>VER VIDEO&#8230;<\/h3>\n<blockquote class=\"instagram-media\" style=\"background: #FFF; border: 0; border-radius: 3px; box-shadow: 0 0 1px 0 rgba(0,0,0,0.5),0 1px 10px 0 rgba(0,0,0,0.15); margin: 1px; max-width: 540px; min-width: 326px; padding: 0; width: calc(100% - 2px);\" data-instgrm-captioned=\"\" data-instgrm-permalink=\"https:\/\/www.instagram.com\/reel\/DKHapp9sAGU\/?utm_source=ig_embed&amp;utm_campaign=loading\" data-instgrm-version=\"14\">\n<div style=\"padding: 16px;\">\n<p>&nbsp;<\/p>\n<div style=\"display: flex; flex-direction: row; align-items: center;\">\n<div style=\"background-color: #f4f4f4; border-radius: 50%; flex-grow: 0; height: 40px; margin-right: 14px; width: 40px;\"><\/div>\n<div style=\"display: flex; flex-direction: column; flex-grow: 1; justify-content: center;\">\n<div style=\"background-color: #f4f4f4; border-radius: 4px; flex-grow: 0; height: 14px; margin-bottom: 6px; width: 100px;\"><\/div>\n<div style=\"background-color: #f4f4f4; border-radius: 4px; flex-grow: 0; height: 14px; width: 60px;\"><\/div>\n<\/div>\n<\/div>\n<div style=\"padding: 19% 0;\"><\/div>\n<div style=\"display: block; height: 50px; margin: 0 auto 12px; width: 50px;\"><\/div>\n<div style=\"padding-top: 8px;\">\n<div style=\"color: #3897f0; font-family: Arial,sans-serif; font-size: 14px; font-style: normal; font-weight: 550; line-height: 18px;\">Ver esta publicaci\u00f3n en Instagram<\/div>\n<\/div>\n<div style=\"padding: 12.5% 0;\"><\/div>\n<div style=\"display: flex; flex-direction: row; margin-bottom: 14px; align-items: center;\">\n<div>\n<div style=\"background-color: #f4f4f4; border-radius: 50%; height: 12.5px; width: 12.5px; transform: translateX(0px) translateY(7px);\"><\/div>\n<div style=\"background-color: #f4f4f4; height: 12.5px; transform: rotate(-45deg) translateX(3px) translateY(1px); width: 12.5px; flex-grow: 0; margin-right: 14px; margin-left: 2px;\"><\/div>\n<div style=\"background-color: #f4f4f4; border-radius: 50%; height: 12.5px; width: 12.5px; transform: translateX(9px) translateY(-18px);\"><\/div>\n<\/div>\n<div style=\"margin-left: 8px;\">\n<div style=\"background-color: #f4f4f4; border-radius: 50%; flex-grow: 0; height: 20px; width: 20px;\"><\/div>\n<div style=\"width: 0; height: 0; border-top: 2px solid transparent; border-left: 6px solid #f4f4f4; border-bottom: 2px solid transparent; transform: translateX(16px) translateY(-4px) rotate(30deg);\"><\/div>\n<\/div>\n<div style=\"margin-left: auto;\">\n<div style=\"width: 0px; border-top: 8px solid #F4F4F4; border-right: 8px solid transparent; transform: translateY(16px);\"><\/div>\n<div style=\"background-color: #f4f4f4; flex-grow: 0; height: 12px; width: 16px; transform: translateY(-4px);\"><\/div>\n<div style=\"width: 0; height: 0; border-top: 8px solid #F4F4F4; border-left: 8px solid transparent; transform: translateY(-4px) translateX(8px);\"><\/div>\n<\/div>\n<\/div>\n<div style=\"display: flex; flex-direction: column; flex-grow: 1; justify-content: center; margin-bottom: 24px;\">\n<div style=\"background-color: #f4f4f4; border-radius: 4px; flex-grow: 0; height: 14px; margin-bottom: 6px; width: 224px;\"><\/div>\n<div style=\"background-color: #f4f4f4; border-radius: 4px; flex-grow: 0; height: 14px; width: 144px;\"><\/div>\n<\/div>\n<p>&nbsp;<\/p>\n<p style=\"color: #c9c8cd; font-family: Arial,sans-serif; font-size: 14px; line-height: 17px; margin-bottom: 0; margin-top: 8px; overflow: hidden; padding: 8px 0 7px; text-align: center; text-overflow: ellipsis; white-space: nowrap;\"><a style=\"color: #c9c8cd; font-family: Arial,sans-serif; font-size: 14px; font-style: normal; font-weight: normal; line-height: 17px; text-decoration: none;\" href=\"https:\/\/www.instagram.com\/reel\/DKHapp9sAGU\/?utm_source=ig_embed&amp;utm_campaign=loading\" target=\"_blank\" rel=\"noopener\">Una publicaci\u00f3n compartida de Influencias.do (@influencias.do)<\/a><\/p>\n<\/div>\n<\/blockquote>\n<p><script async src=\"\/\/www.instagram.com\/embed.js\"><\/script><\/p>\n<p style=\"text-align: justify;\">El Palacio del El\u00edseo\u00a0inicialmente puso en duda la veracidad de las im\u00e1genes,\u00a0sugiriendo que fueron generadas por inteligencia artificial.<\/p>\n<p style=\"text-align: justify;\">Finalmente, cuando la secuencia fue verificada, el entorno de Macron le rest\u00f3 importancia al episodio, indicando que se trat\u00f3 de una &#8220;pelea&#8221; trivial entre parejas.<\/p>\n<p><strong>Lee tambi\u00e9n: <a href=\"https:\/\/influencias.do\/index.php\/2023\/07\/14\/multitud-abuchea-a-macron-durante-un-desfile-militar-en-paris\/\">Multitud abuchea a Macron durante un desfile militar en Par\u00eds<\/a><\/strong><\/p>\n<div class=\"single-meta meta-s-default yes-0\">\n<div class=\"smeta-in\"><span style=\"text-align: justify;\">&#8220;Fue un momento en el que el presidente y su esposa se relajaron por \u00faltima vez antes de comenzar el viaje, ri\u00e9ndose un poco&#8221;, coment\u00f3 una fuente cercana al l\u00edder franc\u00e9s, <\/span><a style=\"text-align: justify;\" href=\"https:\/\/www.lefigaro.fr\/politique\/video-du-couple-macron-dans-l-avion-l-elysee-dement-le-coup-au-visage-et-evoque-un-moment-de-complicite-20250526\" target=\"_blank\" rel=\"noopener noreferrer\">citada<\/a><span style=\"text-align: justify;\">\u00a0por medios locales. &#8220;Fue un momento de complicidad&#8221;, agreg\u00f3.<\/span><\/div>\n<\/div>\n<p style=\"text-align: justify;\">Entre tanto, el presidente franc\u00e9s inici\u00f3\u00a0en Vietnam una gira de una semana por el sudeste asi\u00e1tico, en la que tambi\u00e9n visitar\u00e1 Indonesia y Singapur.<\/p>\n<p style=\"text-align: justify;\"><strong>RT<\/strong><\/p>\n","protected":false},"excerpt":{"rendered":"<p>El presidente de Francia, Emmanuel Macron, fue aparentemente\u00a0abofeteado\u00a0por su esposa, Brigitte Macron, antes de salir del avi\u00f3n presidencial la noche del pasado domingo durante el inicio de su visita oficial a Vietnam. El episodio fue posteriormente minimizado por el Gobierno franc\u00e9s. En las im\u00e1genes se observa al mandatario conversando con su esposa al abrirse la [&hellip;]<\/p>\n","protected":false},"author":1,"featured_media":50537,"comment_status":"open","ping_status":"open","sticky":false,"template":"","format":"standard","meta":{"_bbp_topic_count":0,"_bbp_reply_count":0,"_bbp_total_topic_count":0,"_bbp_total_reply_count":0,"_bbp_voice_count":0,"_bbp_anonymous_reply_count":0,"_bbp_topic_count_hidden":0,"_bbp_reply_count_hidden":0,"_bbp_forum_subforum_count":0,"content-type":"","iawp_total_views":1,"footnotes":""},"categories":[109],"tags":[507,4444,4445,2878,3593,4446,4443],"class_list":{"0":"post-50536","1":"post","2":"type-post","3":"status-publish","4":"format-standard","5":"has-post-thumbnail","7":"category-internacionales","8":"tag-avion","9":"tag-bofetada","10":"tag-brigitte-macron","11":"tag-emmanuel-macron","12":"tag-esposa","13":"tag-golpe","14":"tag-presidente-de-francia"},"_links":{"self":[{"href":"https:\/\/influencias.do\/index.php\/wp-json\/wp\/v2\/posts\/50536","targetHints":{"allow":["GET"]}}],"collection":[{"href":"https:\/\/influencias.do\/index.php\/wp-json\/wp\/v2\/posts"}],"about":[{"href":"https:\/\/influencias.do\/index.php\/wp-json\/wp\/v2\/types\/post"}],"author":[{"embeddable":true,"href":"https:\/\/influencias.do\/index.php\/wp-json\/wp\/v2\/users\/1"}],"replies":[{"embeddable":true,"href":"https:\/\/influencias.do\/index.php\/wp-json\/wp\/v2\/comments?post=50536"}],"version-history":[{"count":1,"href":"https:\/\/influencias.do\/index.php\/wp-json\/wp\/v2\/posts\/50536\/revisions"}],"predecessor-version":[{"id":50538,"href":"https:\/\/influencias.do\/index.php\/wp-json\/wp\/v2\/posts\/50536\/revisions\/50538"}],"wp:featuredmedia":[{"embeddable":true,"href":"https:\/\/influencias.do\/index.php\/wp-json\/wp\/v2\/media\/50537"}],"wp:attachment":[{"href":"https:\/\/influencias.do\/index.php\/wp-json\/wp\/v2\/media?parent=50536"}],"wp:term":[{"taxonomy":"category","embeddable":true,"href":"https:\/\/influencias.do\/index.php\/wp-json\/wp\/v2\/categories?post=50536"},{"taxonomy":"post_tag","embeddable":true,"href":"https:\/\/influencias.do\/index.php\/wp-json\/wp\/v2\/tags?post=50536"}],"curies":[{"name":"wp","href":"https:\/\/api.w.org\/{rel}","templated":true}]}}