{"id":50342,"date":"2025-05-21T13:07:33","date_gmt":"2025-05-21T13:07:33","guid":{"rendered":"https:\/\/influencias.do\/?p=50342"},"modified":"2025-05-21T13:07:33","modified_gmt":"2025-05-21T13:07:33","slug":"escasas-lluvias-mucho-calor-y-sol-para-este-miercoles","status":"publish","type":"post","link":"https:\/\/influencias.do\/index.php\/2025\/05\/21\/escasas-lluvias-mucho-calor-y-sol-para-este-miercoles\/","title":{"rendered":"Escasas lluvias, mucho calor y sol para este mi\u00e9rcoles"},"content":{"rendered":"<p><strong>SANTO DOMINGO.-<\/strong> El <strong>Instituto Dominicano de Meteorolog\u00eda (Indomet)<\/strong> inform\u00f3 que este mi\u00e9rcoles las condiciones atmosf\u00e9ricas estar\u00e1n influenciadas por un sistema de alta presi\u00f3n que mantiene la atm\u00f3sfera estable comparada a d\u00edas anteriores.<\/p>\n<p>En ese sentido, en la ma\u00f1ana predominar\u00e1 un ambiente mayormente soleado, caluroso, con escasas lluvias, y una ligera capa de<strong> polvo sahariano.<\/strong><\/p>\n<p>Los meteor\u00f3logos Julio Ord\u00f3\u00f1ez y Caridad Hern\u00e1ndez agregaron que, en horas de la tarde, el calentamiento y los efectos de monta\u00f1a favorecer\u00e1n el desarrollo de nublados acompa\u00f1ados de aguaceros locales, posibles tronadas aisladas y r\u00e1fagas de viento sobre diversas demarcaciones del pa\u00eds.<\/p>\n<p>\u201cEsperamos aguaceros en localidades como Monte Plata, Hato Mayor, El Seibo, San Jos\u00e9 de Ocoa, La Vega, el sur de Santiago, El\u00edas Pi\u00f1a y San Juan, entre otras\u201d, puntualizan.<\/p>\n<p>Las temperaturas estar\u00e1n calurosas asociadas al viento c\u00e1lido del este\/sureste y la d\u00e9bil capa de polvo sahariano; con m\u00ednimas entre 21 \u00b0C y 23 \u00b0C, y m\u00e1ximas entre 31 \u00b0C y 33 \u00b0C.<\/p>\n<p>\u201cMa\u00f1ana jueves, predominar\u00e1 un ambiente mayormente soleado en la ma\u00f1ana debido a una circulaci\u00f3n anticicl\u00f3nica y presencia d\u00e9bil de polvo sahariano, especialmente al sur del pa\u00eds\u201d, se\u00f1alan.<\/p>\n<p>Se\u00f1alan que, en la tarde y primeras horas de la noche, estar\u00e1 caluroso, sin embargo, se esperan nublados con chubascos locales y dispersos, tronadas aisladas y r\u00e1fagas de viento en provincias del norte, noreste y suroeste del pa\u00eds.<\/p>\n<p>Se prev\u00e9 precipitaciones sobre las provincias El Seibo, Hato Mayor, Monte Plata, Duarte, La Vega, entre otras. En horas nocturnas, prevalecer\u00e1 en gran parte del pa\u00eds un cielo de pocas nubes.<\/p>\n","protected":false},"excerpt":{"rendered":"<p>SANTO DOMINGO.- El Instituto Dominicano de Meteorolog\u00eda (Indomet) inform\u00f3 que este mi\u00e9rcoles las condiciones atmosf\u00e9ricas estar\u00e1n influenciadas por un sistema de alta presi\u00f3n que mantiene la atm\u00f3sfera estable comparada a d\u00edas anteriores. En ese sentido, en la ma\u00f1ana predominar\u00e1 un ambiente mayormente soleado, caluroso, con escasas lluvias, y una ligera capa de polvo sahariano. Los [&hellip;]<\/p>\n","protected":false},"author":1,"featured_media":50347,"comment_status":"open","ping_status":"open","sticky":false,"template":"","format":"standard","meta":{"_bbp_topic_count":0,"_bbp_reply_count":0,"_bbp_total_topic_count":0,"_bbp_total_reply_count":0,"_bbp_voice_count":0,"_bbp_anonymous_reply_count":0,"_bbp_topic_count_hidden":0,"_bbp_reply_count_hidden":0,"_bbp_forum_subforum_count":0,"content-type":"","iawp_total_views":0,"footnotes":""},"categories":[1],"tags":[2280,4433,4434,3024,3455],"class_list":{"0":"post-50342","1":"post","2":"type-post","3":"status-publish","4":"format-standard","5":"has-post-thumbnail","7":"category-portada","8":"tag-calor","9":"tag-escasa-lluvias","10":"tag-polvo-sahariano","11":"tag-sol","12":"tag-temperaturas-altas"},"_links":{"self":[{"href":"https:\/\/influencias.do\/index.php\/wp-json\/wp\/v2\/posts\/50342","targetHints":{"allow":["GET"]}}],"collection":[{"href":"https:\/\/influencias.do\/index.php\/wp-json\/wp\/v2\/posts"}],"about":[{"href":"https:\/\/influencias.do\/index.php\/wp-json\/wp\/v2\/types\/post"}],"author":[{"embeddable":true,"href":"https:\/\/influencias.do\/index.php\/wp-json\/wp\/v2\/users\/1"}],"replies":[{"embeddable":true,"href":"https:\/\/influencias.do\/index.php\/wp-json\/wp\/v2\/comments?post=50342"}],"version-history":[{"count":1,"href":"https:\/\/influencias.do\/index.php\/wp-json\/wp\/v2\/posts\/50342\/revisions"}],"predecessor-version":[{"id":50348,"href":"https:\/\/influencias.do\/index.php\/wp-json\/wp\/v2\/posts\/50342\/revisions\/50348"}],"wp:featuredmedia":[{"embeddable":true,"href":"https:\/\/influencias.do\/index.php\/wp-json\/wp\/v2\/media\/50347"}],"wp:attachment":[{"href":"https:\/\/influencias.do\/index.php\/wp-json\/wp\/v2\/media?parent=50342"}],"wp:term":[{"taxonomy":"category","embeddable":true,"href":"https:\/\/influencias.do\/index.php\/wp-json\/wp\/v2\/categories?post=50342"},{"taxonomy":"post_tag","embeddable":true,"href":"https:\/\/influencias.do\/index.php\/wp-json\/wp\/v2\/tags?post=50342"}],"curies":[{"name":"wp","href":"https:\/\/api.w.org\/{rel}","templated":true}]}}