{"id":50274,"date":"2025-05-19T15:37:03","date_gmt":"2025-05-19T15:37:03","guid":{"rendered":"https:\/\/influencias.do\/?p=50274"},"modified":"2025-05-19T15:37:03","modified_gmt":"2025-05-19T15:37:03","slug":"abinader-encabeza-reunion-de-seguimiento-al-plan-de-seguridad-ciudadana-14","status":"publish","type":"post","link":"https:\/\/influencias.do\/index.php\/2025\/05\/19\/abinader-encabeza-reunion-de-seguimiento-al-plan-de-seguridad-ciudadana-14\/","title":{"rendered":"Abinader encabeza reuni\u00f3n de seguimiento al Plan de Seguridad Ciudadana"},"content":{"rendered":"<p>Santo Domingo.- El presidente Luis Abinader encabeza en estos momentos, la reuni\u00f3n de seguimiento al Plan de Seguridad Ciudadana para continuar fortaleciendo la seguridad en el pa\u00eds.<\/p>\n<p>El encuentro inici\u00f3 a las 10:49 de la ma\u00f1ana, en el Sal\u00f3n del Club de Oficiales del Palacio de la Polic\u00eda Nacional, donde se contin\u00faan evaluando las tareas asignadas, logros obtenidos y las medidas para seguir garantizando el bienestar en beneficio de los dominicanos.<\/p>\n<p>En compa\u00f1\u00eda del jefe de Estado, se encuentran los ministros de Defensa, teniente general Carlos Antonio Fern\u00e1ndez Onofre y de Interior y Polic\u00eda, Faride Raful; la procuradora General de la Rep\u00fablica, Yeni Berenice Reynoso; el director de la Polic\u00eda Nacional, mayor general, Ram\u00f3n Antonio Guzm\u00e1n Peralta;<br \/>\nel contralmirante Pedro Jos\u00e9 Lalane Peguero en representaci\u00f3n del comandante de la Armada de Rep\u00fablica Dominicana, vicealmirante Agust\u00edn Morillo Rodr\u00edguez; el coronel Pablo Alexander Bel\u00e9n, en representaci\u00f3n del comandante de Ej\u00e9rcito Nacional, mayor general Jorge Iv\u00e1n Camino P\u00e9rez; el teniente coronel, Luis Rivera Puente, en representaci\u00f3n del Comandante de la Fuerza A\u00e9rea, mayor general piloto Floreal T. Su\u00e1rez Mart\u00ednez; el capit\u00e1n de nav\u00edo, Rafael Garc\u00eda Aybar, en representaci\u00f3n de la Armada Dominicana y el viceministro de la Presidencia para Proyectos Especiales y Coordinaci\u00f3n de Seguridad, Roger G. Pujols.<\/p>\n<p>Tambi\u00e9n, los presidentes, de la Direcci\u00f3n Nacional de Control de Drogas (DNCD), vicealmirante Jos\u00e9 Manuel Cabrera Ulloa; del Consejo Nacional de Drogas (CND), Alejandro de Jes\u00fas Abreu; los directores, de Migraci\u00f3n, vicealmirante Luis Rafael Lee Ballester (ARD); de la Comisi\u00f3n Militar y Policial (Comipol), coronel Luis Rafael Herrera Almonte; de la Direcci\u00f3n General de Seguridad de Tr\u00e1nsito y Transporte Terrestre (Digesett), general Pascual Cruz M\u00e9ndez; de la Polic\u00eda de Turismo (Politur), general Minoru Matsunaga y de Asuntos Internos de la Polic\u00eda Nacional, general Werner N\u00fa\u00f1ez Quezada.<\/p>\n<p>Adem\u00e1s, de los directores de la Polic\u00eda Escolar, coronel Mart\u00edn Miguel Tapia S\u00e1nchez; de Prisiones, Roberto Hern\u00e1ndez Basilio y el comisionado ejecutivo para Reforma Policial, Luis Ernesto Garc\u00eda Hern\u00e1ndez.<\/p>\n<p>En la reuni\u00f3n participan una comisi\u00f3n de fiscales integrada por la del Distrito Nacional, Rosalba Ramos; de La Vega, Aura Luz Garc\u00eda; de Mar\u00eda Trinidad S\u00e1nchez, Juan Antonio Mateo Cipri\u00e1n; de La Altagracia, Claudia Garrido; de San Pedro de Macor\u00eds,\u00a0Suleyka Mateo y de Duarte, Smaily Yamel Rodr\u00edguez.<\/p>\n<p>Al igual que, los fiscales titulares de Santo Domingo Este, Milc\u00edades Guzm\u00e1n; de Santo Domingo Oeste, Eduard L\u00f3pez; de Valverde, V\u00edctor Mej\u00eda; de Hermanas Mirabal, Zoila Agustina Rodr\u00edguez Ynfante; de Barahona, Wellington Matos Espinal; de Peravia, \u00c1ngel Dar\u00edo Tejeda Fabal; de Dajab\u00f3n, Yeisin Alc\u00e1ntara; de Espaillat, Yorelbin Rivas y de La Romana, Kevin Santana.<\/p>\n","protected":false},"excerpt":{"rendered":"<p>Santo Domingo.- El presidente Luis Abinader encabeza en estos momentos, la reuni\u00f3n de seguimiento al Plan de Seguridad Ciudadana para continuar fortaleciendo la seguridad en el pa\u00eds. El encuentro inici\u00f3 a las 10:49 de la ma\u00f1ana, en el Sal\u00f3n del Club de Oficiales del Palacio de la Polic\u00eda Nacional, donde se contin\u00faan evaluando las tareas [&hellip;]<\/p>\n","protected":false},"author":1,"featured_media":50275,"comment_status":"open","ping_status":"open","sticky":false,"template":"","format":"standard","meta":{"_bbp_topic_count":0,"_bbp_reply_count":0,"_bbp_total_topic_count":0,"_bbp_total_reply_count":0,"_bbp_voice_count":0,"_bbp_anonymous_reply_count":0,"_bbp_topic_count_hidden":0,"_bbp_reply_count_hidden":0,"_bbp_forum_subforum_count":0,"content-type":"","iawp_total_views":1,"footnotes":""},"categories":[1],"tags":[],"class_list":{"0":"post-50274","1":"post","2":"type-post","3":"status-publish","4":"format-standard","5":"has-post-thumbnail","7":"category-portada"},"_links":{"self":[{"href":"https:\/\/influencias.do\/index.php\/wp-json\/wp\/v2\/posts\/50274","targetHints":{"allow":["GET"]}}],"collection":[{"href":"https:\/\/influencias.do\/index.php\/wp-json\/wp\/v2\/posts"}],"about":[{"href":"https:\/\/influencias.do\/index.php\/wp-json\/wp\/v2\/types\/post"}],"author":[{"embeddable":true,"href":"https:\/\/influencias.do\/index.php\/wp-json\/wp\/v2\/users\/1"}],"replies":[{"embeddable":true,"href":"https:\/\/influencias.do\/index.php\/wp-json\/wp\/v2\/comments?post=50274"}],"version-history":[{"count":1,"href":"https:\/\/influencias.do\/index.php\/wp-json\/wp\/v2\/posts\/50274\/revisions"}],"predecessor-version":[{"id":50276,"href":"https:\/\/influencias.do\/index.php\/wp-json\/wp\/v2\/posts\/50274\/revisions\/50276"}],"wp:featuredmedia":[{"embeddable":true,"href":"https:\/\/influencias.do\/index.php\/wp-json\/wp\/v2\/media\/50275"}],"wp:attachment":[{"href":"https:\/\/influencias.do\/index.php\/wp-json\/wp\/v2\/media?parent=50274"}],"wp:term":[{"taxonomy":"category","embeddable":true,"href":"https:\/\/influencias.do\/index.php\/wp-json\/wp\/v2\/categories?post=50274"},{"taxonomy":"post_tag","embeddable":true,"href":"https:\/\/influencias.do\/index.php\/wp-json\/wp\/v2\/tags?post=50274"}],"curies":[{"name":"wp","href":"https:\/\/api.w.org\/{rel}","templated":true}]}}