{"id":50050,"date":"2025-05-14T18:40:49","date_gmt":"2025-05-14T18:40:49","guid":{"rendered":"https:\/\/influencias.do\/?p=50050"},"modified":"2025-05-14T18:40:49","modified_gmt":"2025-05-14T18:40:49","slug":"yayo-sanz-lovaton-plantea-a-estudiantes-de-la-uasd-que-la-logistica-sera-el-petroleo-de-rd","status":"publish","type":"post","link":"https:\/\/influencias.do\/index.php\/2025\/05\/14\/yayo-sanz-lovaton-plantea-a-estudiantes-de-la-uasd-que-la-logistica-sera-el-petroleo-de-rd\/","title":{"rendered":"Yayo\u00a0Sanz Lovat\u00f3n plantea a estudiantes de la UASD que la log\u00edstica ser\u00e1 el petr\u00f3leo de RD"},"content":{"rendered":"<div><\/div>\n<div style=\"text-align: justify;\"><b>Santo Domingo, RD.-<\/b>\u00a0El director general de Aduanas,\u00a0<i>Yayo<\/i>\u00a0Sanz Lovat\u00f3n, plante\u00f3, ante estudiantes de la Facultad de Ciencias Econ\u00f3micas y Sociales de la Universidad Aut\u00f3noma de Santo Domingo (UASD), que la log\u00edstica es el futuro de la econom\u00eda dominicana, de la mano del posicionamiento del pa\u00eds como un\u00a0<i>hub<\/i>\u00a0log\u00edstico regional.<\/div>\n<div><\/div>\n<div style=\"text-align: justify;\">El funcionario comparti\u00f3 estad\u00edsticas con el estudiantado de la Primada de Am\u00e9rica, sobre porqu\u00e9 la log\u00edstica es ya el principal generador de divisas para la econom\u00eda dominicana, cuando se totalizan las exportaciones de los reg\u00edmenes de zonas francas y nacionales.<\/div>\n<div><\/div>\n<div style=\"text-align: justify;\">\u201cMucha gente no reconoce que tenemos la capacidad de ser una potencia exportadora y el principal generador de divisas para nuestra econom\u00eda no son las remesas, no es el az\u00facar ni el caf\u00e9 ni el cacao, son las exportaciones que, en m\u00e1s de un 70 %, producen nuestras zonas francas\u201d, explic\u00f3 Yayo.<\/div>\n<div><\/div>\n<div style=\"text-align: justify;\">Explic\u00f3 sobre los trabajos que, desde esa entidad, se est\u00e1n haciendo para crear condiciones favorables de inversi\u00f3n de cara a la log\u00edstica, y dijo estar convencido de que ese ser\u00e1 el nuevo eje econ\u00f3mico que seguir\u00e1 aportando educaci\u00f3n, seguridad, empleo y oportunidades al pa\u00eds.<\/div>\n<div><\/div>\n<div style=\"text-align: justify;\">\u201cLa log\u00edstica ser\u00e1 nuestro petr\u00f3leo\u201d, puntualiz\u00f3 al esbozar sobre la conectividad a\u00e9rea y la tecnolog\u00eda que se ha instalado en los puertos y aeropuertos del pa\u00eds, para eficientizar las operaciones aduaneras y comerciales.<\/div>\n<div><\/div>\n<div><img loading=\"lazy\" loading=\"lazy\" decoding=\"async\" class=\"wp-image-50051  aligncenter\" src=\"https:\/\/influencias.do\/wp-content\/uploads\/2025\/05\/Foto-3-Yayo-Sanz-Lovaton-junto-al-decano-Antonio-Ciriaco-y-el-rector-Editrudis-Beltran-Crisostomo-1024x683.jpg\" alt=\"\" width=\"786\" height=\"524\" srcset=\"https:\/\/influencias.do\/wp-content\/uploads\/2025\/05\/Foto-3-Yayo-Sanz-Lovaton-junto-al-decano-Antonio-Ciriaco-y-el-rector-Editrudis-Beltran-Crisostomo-1024x683.jpg 1024w, https:\/\/influencias.do\/wp-content\/uploads\/2025\/05\/Foto-3-Yayo-Sanz-Lovaton-junto-al-decano-Antonio-Ciriaco-y-el-rector-Editrudis-Beltran-Crisostomo-300x200.jpg 300w, https:\/\/influencias.do\/wp-content\/uploads\/2025\/05\/Foto-3-Yayo-Sanz-Lovaton-junto-al-decano-Antonio-Ciriaco-y-el-rector-Editrudis-Beltran-Crisostomo-768x512.jpg 768w, https:\/\/influencias.do\/wp-content\/uploads\/2025\/05\/Foto-3-Yayo-Sanz-Lovaton-junto-al-decano-Antonio-Ciriaco-y-el-rector-Editrudis-Beltran-Crisostomo-1536x1024.jpg 1536w, https:\/\/influencias.do\/wp-content\/uploads\/2025\/05\/Foto-3-Yayo-Sanz-Lovaton-junto-al-decano-Antonio-Ciriaco-y-el-rector-Editrudis-Beltran-Crisostomo-2048x1365.jpg 2048w, https:\/\/influencias.do\/wp-content\/uploads\/2025\/05\/Foto-3-Yayo-Sanz-Lovaton-junto-al-decano-Antonio-Ciriaco-y-el-rector-Editrudis-Beltran-Crisostomo-330x220.jpg 330w, https:\/\/influencias.do\/wp-content\/uploads\/2025\/05\/Foto-3-Yayo-Sanz-Lovaton-junto-al-decano-Antonio-Ciriaco-y-el-rector-Editrudis-Beltran-Crisostomo-420x280.jpg 420w, https:\/\/influencias.do\/wp-content\/uploads\/2025\/05\/Foto-3-Yayo-Sanz-Lovaton-junto-al-decano-Antonio-Ciriaco-y-el-rector-Editrudis-Beltran-Crisostomo-615x410.jpg 615w, https:\/\/influencias.do\/wp-content\/uploads\/2025\/05\/Foto-3-Yayo-Sanz-Lovaton-junto-al-decano-Antonio-Ciriaco-y-el-rector-Editrudis-Beltran-Crisostomo-860x573.jpg 860w\" sizes=\"auto, (max-width: 786px) 100vw, 786px\" \/><\/div>\n<div><\/div>\n<div style=\"text-align: justify;\">Dijo a los estudiantes, que pueden contar con el Gobierno dominicano, pero especialmente con la Direcci\u00f3n General de Aduanas (DGA) en el prop\u00f3sito de estudiar las carreras asociadas a la log\u00edstica, y anunci\u00f3 que est\u00e1 en la etapa final de un acuerdo con el rector magnifico de esta universidad para patrocinar becas y estudios en el extranjero relacionados a la log\u00edstica.<\/div>\n<div><\/div>\n<div style=\"text-align: justify;\">Editrudis Beltr\u00e1n Cris\u00f3stomo, rector magnifico de la UASD, expres\u00f3 el honor de escuchar y presenciar de los avances y ejecutorias en el pa\u00eds en materia log\u00edstica del propio director de Aduanas, al tiempo que reconoci\u00f3 con la entrega de los s\u00edmbolos de la universidad, la transformaci\u00f3n que ha logrado su gesti\u00f3n.<\/div>\n<div><\/div>\n<div style=\"text-align: justify;\">Beltr\u00e1n calific\u00f3, adem\u00e1s, que \u201cSolo un buen gerente, con pol\u00edticas gubernamentales claras y encaminadas al desarrollo socioecon\u00f3mico de un pa\u00eds, logra hacer, de la Rep\u00fablica Dominicana, un puerto seguro para el desarrollo de los diferentes sectores productivos aduanales, m\u00e1s \u00e1giles y eficientes\u201d.<\/div>\n<div style=\"text-align: justify;\"><\/div>\n<div style=\"text-align: justify;\">Antonio Ciriaco, director de la Escuela de Econom\u00eda de la UASD, consider\u00f3 que la invitaci\u00f3n a Yayo para una conferencia en esa universidad y el entusiasmo que la misma gener\u00f3 en el estudiantado, es un reconocimiento al trabajo que este ha venido desempe\u00f1ando al frente de esa importante entidad recaudadora del Estado dominicano.<\/div>\n<div style=\"text-align: justify;\"><\/div>\n<div style=\"text-align: justify;\">\u201cLas aduanas presentan un alto desempe\u00f1o en t\u00e9rminos recaudatorios y eso es un ejemplo de una labor eficiente, pero, tambi\u00e9n, recientemente hemos visto que la aduana dominicana ha recibido un reconocimiento internacional de las aduanas iberoamericanas, y eso expresa el trabajo y el esfuerzo de lo que esta gesti\u00f3n ha venido haciendo\u201d, se\u00f1al\u00f3 Ciriaco.<\/div>\n<div style=\"text-align: justify;\">Yayo ofreci\u00f3 la conferencia \u201cRep\u00fablica Dominicana como\u00a0<i>hub<\/i>\u00a0log\u00edstico\u201d, en el auditorio profesor Ricardo Michel, el cual fue abarrotado por cientos de estudiantes de las carreras de Econom\u00eda, Comercio Exterior y Aduanas, entre otras.<\/div>\n","protected":false},"excerpt":{"rendered":"<p>Santo Domingo, RD.-\u00a0El director general de Aduanas,\u00a0Yayo\u00a0Sanz Lovat\u00f3n, plante\u00f3, ante estudiantes de la Facultad de Ciencias Econ\u00f3micas y Sociales de la Universidad Aut\u00f3noma de Santo Domingo (UASD), que la log\u00edstica es el futuro de la econom\u00eda dominicana, de la mano del posicionamiento del pa\u00eds como un\u00a0hub\u00a0log\u00edstico regional. El funcionario comparti\u00f3 estad\u00edsticas con el estudiantado de [&hellip;]<\/p>\n","protected":false},"author":1,"featured_media":50052,"comment_status":"open","ping_status":"open","sticky":false,"template":"","format":"standard","meta":{"_bbp_topic_count":0,"_bbp_reply_count":0,"_bbp_total_topic_count":0,"_bbp_total_reply_count":0,"_bbp_voice_count":0,"_bbp_anonymous_reply_count":0,"_bbp_topic_count_hidden":0,"_bbp_reply_count_hidden":0,"_bbp_forum_subforum_count":0,"content-type":"","iawp_total_views":0,"footnotes":""},"categories":[105],"tags":[],"class_list":{"0":"post-50050","1":"post","2":"type-post","3":"status-publish","4":"format-standard","5":"has-post-thumbnail","7":"category-nacionales"},"_links":{"self":[{"href":"https:\/\/influencias.do\/index.php\/wp-json\/wp\/v2\/posts\/50050","targetHints":{"allow":["GET"]}}],"collection":[{"href":"https:\/\/influencias.do\/index.php\/wp-json\/wp\/v2\/posts"}],"about":[{"href":"https:\/\/influencias.do\/index.php\/wp-json\/wp\/v2\/types\/post"}],"author":[{"embeddable":true,"href":"https:\/\/influencias.do\/index.php\/wp-json\/wp\/v2\/users\/1"}],"replies":[{"embeddable":true,"href":"https:\/\/influencias.do\/index.php\/wp-json\/wp\/v2\/comments?post=50050"}],"version-history":[{"count":1,"href":"https:\/\/influencias.do\/index.php\/wp-json\/wp\/v2\/posts\/50050\/revisions"}],"predecessor-version":[{"id":50053,"href":"https:\/\/influencias.do\/index.php\/wp-json\/wp\/v2\/posts\/50050\/revisions\/50053"}],"wp:featuredmedia":[{"embeddable":true,"href":"https:\/\/influencias.do\/index.php\/wp-json\/wp\/v2\/media\/50052"}],"wp:attachment":[{"href":"https:\/\/influencias.do\/index.php\/wp-json\/wp\/v2\/media?parent=50050"}],"wp:term":[{"taxonomy":"category","embeddable":true,"href":"https:\/\/influencias.do\/index.php\/wp-json\/wp\/v2\/categories?post=50050"},{"taxonomy":"post_tag","embeddable":true,"href":"https:\/\/influencias.do\/index.php\/wp-json\/wp\/v2\/tags?post=50050"}],"curies":[{"name":"wp","href":"https:\/\/api.w.org\/{rel}","templated":true}]}}