{"id":50048,"date":"2025-05-14T18:38:52","date_gmt":"2025-05-14T18:38:52","guid":{"rendered":"https:\/\/influencias.do\/?p=50048"},"modified":"2025-05-14T18:38:52","modified_gmt":"2025-05-14T18:38:52","slug":"presidente-abinader-visitara-este-jueves-las-provincias-de-espaillat-y-san-cristobal","status":"publish","type":"post","link":"https:\/\/influencias.do\/index.php\/2025\/05\/14\/presidente-abinader-visitara-este-jueves-las-provincias-de-espaillat-y-san-cristobal\/","title":{"rendered":"Presidente Abinader visitar\u00e1 este jueves las provincias de Espaillat y San Crist\u00f3bal"},"content":{"rendered":"<p style=\"text-align: justify;\">\n<p style=\"text-align: justify;\"><strong>Santo Domingo.<\/strong> &#8211; El D\u00eda Nacional del Agricultor que se celebra este jueves 15 de mayo y contar\u00e1 como de costumbre con la presencia del presidente Luis Abinader, en Moca, provincia Espaillat.<\/p>\n<p style=\"text-align: justify;\">All\u00ed, el mandatario encabezar\u00e1 diversas actividades acompa\u00f1ado de agricultores, a partir de las 11:00 de la ma\u00f1ana.<\/p>\n<p style=\"text-align: justify;\">San Crist\u00f3bal<\/p>\n<p style=\"text-align: justify;\">Posteriormente se dirigir\u00e1 a la provincia San Crist\u00f3bal donde encabezar\u00e1 una nueva entrega del programa Gobierno Contigo, que impacta positivamente a los comunitarios canalizando soluciones a sus necesidades.<\/p>\n<p style=\"text-align: justify;\">Tambi\u00e9n se realizar\u00e1n otras actividades en beneficio de ni\u00f1os y ni\u00f1as, as\u00ed como de adultos y refugiados.<\/p>\n<p style=\"text-align: justify;\">A las 3:00 de la tarde el presidente Abinader iniciar\u00e1 una serie de visitas en las que se entregar\u00e1n tarjetas Sup\u00e9rate, en el Polideportivo del Sim\u00f3n Bol\u00edvar, Pueblo Nuevo; y luego a las Casas para los Refugiados Alfa 4, en Ca\u00f1ada Honda, iniciativas del PROPEEP.<\/p>\n<p style=\"text-align: justify;\">Luego encabezar\u00e1 la ceremonia de inauguraci\u00f3n de un nuevo CAIPI en el sector Lavapi\u00e9s y supervisar\u00e1 proceso de asfaltado de la carretera Sabana Toro &#8211; La Rosa.<\/p>\n<p style=\"text-align: justify;\">Este recorrido concluir\u00e1 en el Liceo Julio C\u00e9sar de Jes\u00fas Asencio, en el sector 5 de abril, lugar que albergar\u00e1 el encuentro comunitario Gobierno Contigo.<\/p>\n","protected":false},"excerpt":{"rendered":"<p>Santo Domingo. &#8211; El D\u00eda Nacional del Agricultor que se celebra este jueves 15 de mayo y contar\u00e1 como de costumbre con la presencia del presidente Luis Abinader, en Moca, provincia Espaillat. All\u00ed, el mandatario encabezar\u00e1 diversas actividades acompa\u00f1ado de agricultores, a partir de las 11:00 de la ma\u00f1ana. San Crist\u00f3bal Posteriormente se dirigir\u00e1 a [&hellip;]<\/p>\n","protected":false},"author":1,"featured_media":45620,"comment_status":"open","ping_status":"open","sticky":false,"template":"","format":"standard","meta":{"_bbp_topic_count":0,"_bbp_reply_count":0,"_bbp_total_topic_count":0,"_bbp_total_reply_count":0,"_bbp_voice_count":0,"_bbp_anonymous_reply_count":0,"_bbp_topic_count_hidden":0,"_bbp_reply_count_hidden":0,"_bbp_forum_subforum_count":0,"content-type":"","iawp_total_views":0,"footnotes":""},"categories":[1],"tags":[],"class_list":{"0":"post-50048","1":"post","2":"type-post","3":"status-publish","4":"format-standard","5":"has-post-thumbnail","7":"category-portada"},"_links":{"self":[{"href":"https:\/\/influencias.do\/index.php\/wp-json\/wp\/v2\/posts\/50048","targetHints":{"allow":["GET"]}}],"collection":[{"href":"https:\/\/influencias.do\/index.php\/wp-json\/wp\/v2\/posts"}],"about":[{"href":"https:\/\/influencias.do\/index.php\/wp-json\/wp\/v2\/types\/post"}],"author":[{"embeddable":true,"href":"https:\/\/influencias.do\/index.php\/wp-json\/wp\/v2\/users\/1"}],"replies":[{"embeddable":true,"href":"https:\/\/influencias.do\/index.php\/wp-json\/wp\/v2\/comments?post=50048"}],"version-history":[{"count":1,"href":"https:\/\/influencias.do\/index.php\/wp-json\/wp\/v2\/posts\/50048\/revisions"}],"predecessor-version":[{"id":50049,"href":"https:\/\/influencias.do\/index.php\/wp-json\/wp\/v2\/posts\/50048\/revisions\/50049"}],"wp:featuredmedia":[{"embeddable":true,"href":"https:\/\/influencias.do\/index.php\/wp-json\/wp\/v2\/media\/45620"}],"wp:attachment":[{"href":"https:\/\/influencias.do\/index.php\/wp-json\/wp\/v2\/media?parent=50048"}],"wp:term":[{"taxonomy":"category","embeddable":true,"href":"https:\/\/influencias.do\/index.php\/wp-json\/wp\/v2\/categories?post=50048"},{"taxonomy":"post_tag","embeddable":true,"href":"https:\/\/influencias.do\/index.php\/wp-json\/wp\/v2\/tags?post=50048"}],"curies":[{"name":"wp","href":"https:\/\/api.w.org\/{rel}","templated":true}]}}