{"id":49788,"date":"2025-05-09T18:48:39","date_gmt":"2025-05-09T18:48:39","guid":{"rendered":"https:\/\/influencias.do\/?p=49788"},"modified":"2025-05-09T18:48:39","modified_gmt":"2025-05-09T18:48:39","slug":"republica-dominicana-lidera-lanzamiento-de-la-temporada-ciclonica-2025-para-centroamerica-y-el-caribe","status":"publish","type":"post","link":"https:\/\/influencias.do\/index.php\/2025\/05\/09\/republica-dominicana-lidera-lanzamiento-de-la-temporada-ciclonica-2025-para-centroamerica-y-el-caribe\/","title":{"rendered":"Rep\u00fablica Dominicana lidera lanzamiento de la Temporada Cicl\u00f3nica 2025 para Centroam\u00e9rica y el Caribe"},"content":{"rendered":"<p style=\"text-align: justify;\">\n<p style=\"text-align: justify;\"><strong>Santo Domingo.\u2013<\/strong>\u00a0En calidad de presidente Pro-T\u00e9mpore del Centro de Coordinaci\u00f3n para la Prevenci\u00f3n de los Desastres en Am\u00e9rica Central y Rep\u00fablica Dominicana (CEPREDENAC), Juan Salas encabez\u00f3 el acto de apertura del lanzamiento regional del operativo para la Temporada Cicl\u00f3nica 2025. El evento se realiz\u00f3 los d\u00edas 7 y 8 de mayo, en el Ministerio de Relaciones Exteriores (MIREX), bajo la organizaci\u00f3n conjunta de la Comisi\u00f3n Nacional de Emergencias (CNE), la Defensa Civil y el CEPREDENAC.<\/p>\n<p style=\"text-align: justify;\">El \u201cPrimer Encuentro Regional para la Coordinaci\u00f3n y Sinergias frente a la Temporada Cicl\u00f3nica 2025\u201d cont\u00f3 con la participaci\u00f3n de representantes de organismos de respuesta, sector humanitario, acad\u00e9mico y privado de 24 pa\u00edses. Su prop\u00f3sito fue trazar la Hoja de Ruta para fortalecer la preparaci\u00f3n y respuesta regional ante los crecientes retos del cambio clim\u00e1tico, justo antes del inicio oficial de la temporada de huracanes.<\/p>\n<p style=\"text-align: justify;\">Juan Salas, tambi\u00e9n director ejecutivo de la Defensa Civil y presidente de la CNE, destac\u00f3 la importancia de la articulaci\u00f3n regional: \u201cEl intercambio de datos y la integraci\u00f3n de todos los actores es clave para transformar la forma en que tomamos acciones tempranas y respondemos ante huracanes y fen\u00f3menos cada vez m\u00e1s intensos. Es necesario unir esfuerzos para estar mejor preparados\u201d.<\/p>\n<p style=\"text-align: justify;\">Durante las dos jornadas de trabajo, los participantes analizaron los impactos y aprendizajes de la Temporada Cicl\u00f3nica 2024, compartieron proyecciones para 2025 y trazaron una hoja de ruta com\u00fan basada en la acci\u00f3n anticipada, la coordinaci\u00f3n interinstitucional, la cooperaci\u00f3n internacional y el fortalecimiento de alianzas estrat\u00e9gicas.<\/p>\n<p style=\"text-align: justify;\">El encuentro concluy\u00f3 con importantes avances en la formulaci\u00f3n de acuerdos para implementar acciones prioritarias orientadas a incrementar la resiliencia de las comunidades m\u00e1s vulnerables de la regi\u00f3n.<\/p>\n<p style=\"text-align: justify;\">La actividad cont\u00f3 con el respaldo financiero y organizativo del CEPREDENAC, el Comit\u00e9 Regional de Recursos Hidr\u00e1ulicos (CRRH), el Programa de las Naciones Unidas para el Desarrollo (PNUD), Global Support and Development (GSD), la Uni\u00f3n Europea y la Oficina de las Naciones Unidas para la Reducci\u00f3n del Riesgo de Desastres (UNDRR).<\/p>\n","protected":false},"excerpt":{"rendered":"<p>Santo Domingo.\u2013\u00a0En calidad de presidente Pro-T\u00e9mpore del Centro de Coordinaci\u00f3n para la Prevenci\u00f3n de los Desastres en Am\u00e9rica Central y Rep\u00fablica Dominicana (CEPREDENAC), Juan Salas encabez\u00f3 el acto de apertura del lanzamiento regional del operativo para la Temporada Cicl\u00f3nica 2025. El evento se realiz\u00f3 los d\u00edas 7 y 8 de mayo, en el Ministerio de [&hellip;]<\/p>\n","protected":false},"author":4,"featured_media":49789,"comment_status":"open","ping_status":"open","sticky":false,"template":"","format":"standard","meta":{"_bbp_topic_count":0,"_bbp_reply_count":0,"_bbp_total_topic_count":0,"_bbp_total_reply_count":0,"_bbp_voice_count":0,"_bbp_anonymous_reply_count":0,"_bbp_topic_count_hidden":0,"_bbp_reply_count_hidden":0,"_bbp_forum_subforum_count":0,"content-type":"","iawp_total_views":0,"footnotes":""},"categories":[105],"tags":[],"class_list":{"0":"post-49788","1":"post","2":"type-post","3":"status-publish","4":"format-standard","5":"has-post-thumbnail","7":"category-nacionales"},"_links":{"self":[{"href":"https:\/\/influencias.do\/index.php\/wp-json\/wp\/v2\/posts\/49788","targetHints":{"allow":["GET"]}}],"collection":[{"href":"https:\/\/influencias.do\/index.php\/wp-json\/wp\/v2\/posts"}],"about":[{"href":"https:\/\/influencias.do\/index.php\/wp-json\/wp\/v2\/types\/post"}],"author":[{"embeddable":true,"href":"https:\/\/influencias.do\/index.php\/wp-json\/wp\/v2\/users\/4"}],"replies":[{"embeddable":true,"href":"https:\/\/influencias.do\/index.php\/wp-json\/wp\/v2\/comments?post=49788"}],"version-history":[{"count":1,"href":"https:\/\/influencias.do\/index.php\/wp-json\/wp\/v2\/posts\/49788\/revisions"}],"predecessor-version":[{"id":49790,"href":"https:\/\/influencias.do\/index.php\/wp-json\/wp\/v2\/posts\/49788\/revisions\/49790"}],"wp:featuredmedia":[{"embeddable":true,"href":"https:\/\/influencias.do\/index.php\/wp-json\/wp\/v2\/media\/49789"}],"wp:attachment":[{"href":"https:\/\/influencias.do\/index.php\/wp-json\/wp\/v2\/media?parent=49788"}],"wp:term":[{"taxonomy":"category","embeddable":true,"href":"https:\/\/influencias.do\/index.php\/wp-json\/wp\/v2\/categories?post=49788"},{"taxonomy":"post_tag","embeddable":true,"href":"https:\/\/influencias.do\/index.php\/wp-json\/wp\/v2\/tags?post=49788"}],"curies":[{"name":"wp","href":"https:\/\/api.w.org\/{rel}","templated":true}]}}