{"id":49282,"date":"2025-05-01T16:30:46","date_gmt":"2025-05-01T16:30:46","guid":{"rendered":"https:\/\/influencias.do\/?p=49282"},"modified":"2025-05-01T20:14:56","modified_gmt":"2025-05-01T20:14:56","slug":"caso-paula-santana-arrestan-al-principal-sospechoso-tras-meses-de-dolor-y-exigencias-de-justicia","status":"publish","type":"post","link":"https:\/\/influencias.do\/index.php\/2025\/05\/01\/caso-paula-santana-arrestan-al-principal-sospechoso-tras-meses-de-dolor-y-exigencias-de-justicia\/","title":{"rendered":"Caso Paula Santana: arrestan al principal sospechoso tras meses de dolor y exigencias de justicia"},"content":{"rendered":"<p class=\"\" data-start=\"322\" data-end=\"607\"><strong data-start=\"322\" data-end=\"340\">Santo Domingo.<\/strong>\u2013 La Procuradur\u00eda General de la Rep\u00fablica (PGR) inform\u00f3 sobre el arresto de Yunior Lazarito S\u00e1nchez Mart\u00ednez, de 23 a\u00f1os, quien ha confesado ser el autor del asesinato de la joven Paula Santana Escalante, ocurrida en febrero de 2024 en la zona franca de Las Am\u00e9ricas.<\/p>\n<p class=\"\" data-start=\"609\" data-end=\"1006\">La detenci\u00f3n fue resultado de una investigaci\u00f3n conjunta entre la Procuradur\u00eda Fiscal de Santo Domingo y la Direcci\u00f3n Central de Investigaci\u00f3n (Dicrim) de la Polic\u00eda Nacional. Seg\u00fan detall\u00f3 el fiscal titular, Milc\u00edades Guzm\u00e1n Leonardo, S\u00e1nchez Mart\u00ednez no solo confes\u00f3 el crimen, sino que continu\u00f3 asistiendo a su trabajo como si nada hubiera ocurrido, mientras el caso se manten\u00eda sin esclarecer.<\/p>\n<p class=\"\" data-start=\"1008\" data-end=\"1033\"><strong data-start=\"1008\" data-end=\"1033\">Pruebas determinantes<\/strong><\/p>\n<p class=\"\" data-start=\"1035\" data-end=\"1274\">Las autoridades levantaron numerosas evidencias que sustentan la acusaci\u00f3n, entre ellas im\u00e1genes de c\u00e1maras de seguridad, planimetr\u00eda forense de la ruta realizada por el sospechoso la madrugada del crimen, as\u00ed como testimonios de testigos.<\/p>\n<p class=\"\" data-start=\"1276\" data-end=\"1562\">La orden de arresto y allanamiento fue emitida bajo el n\u00famero 973-2025-EMES-04359, y forma parte de las decenas de diligencias realizadas durante los \u00faltimos meses para esclarecer el caso, luego de que dos personas inicialmente detenidas fueran puestas en libertad por falta de pruebas.<\/p>\n<p class=\"\" data-start=\"1564\" data-end=\"1587\"><strong data-start=\"1564\" data-end=\"1587\">Detalles del crimen<\/strong><\/p>\n<p class=\"\" data-start=\"1589\" data-end=\"1889\">El cuerpo de Paula Santana fue encontrado el jueves 22 de febrero a las 6:14 de la ma\u00f1ana, tras ser reportada como desaparecida por compa\u00f1eros de trabajo. Fue hallado en una alcantarilla dentro del parque industrial, parcialmente desnudo, con signos de violencia y guantes desechables en ambas manos.<\/p>\n<p class=\"\" data-start=\"1891\" data-end=\"2051\">El Instituto Nacional de Ciencias Forenses (INACIF) determin\u00f3 como causa de muerte asfixia por estrangulaci\u00f3n, y confirm\u00f3 que la joven fue agredida sexualmente.<\/p>\n<p class=\"\" data-start=\"2053\" data-end=\"2081\"><strong data-start=\"2053\" data-end=\"2081\">Avance hacia la justicia<\/strong><\/p>\n<p class=\"\" data-start=\"2083\" data-end=\"2437\">Con esta confesi\u00f3n y el c\u00famulo de pruebas reunidas, el Ministerio P\u00fablico se apresta a presentar el caso ante los tribunales, con la firme intenci\u00f3n de obtener una condena ejemplar. La sociedad y la familia de Paula, que durante meses clamaron por justicia, reciben hoy una respuesta esperanzadora frente a uno de los cr\u00edmenes m\u00e1s conmocionantes del a\u00f1o.<\/p>\n","protected":false},"excerpt":{"rendered":"<p>Santo Domingo.\u2013 La Procuradur\u00eda General de la Rep\u00fablica (PGR) inform\u00f3 sobre el arresto de Yunior Lazarito S\u00e1nchez Mart\u00ednez, de 23 a\u00f1os, quien ha confesado ser el autor del asesinato de la joven Paula Santana Escalante, ocurrida en febrero de 2024 en la zona franca de Las Am\u00e9ricas. La detenci\u00f3n fue resultado de una investigaci\u00f3n conjunta [&hellip;]<\/p>\n","protected":false},"author":1,"featured_media":49283,"comment_status":"open","ping_status":"open","sticky":false,"template":"","format":"standard","meta":{"_bbp_topic_count":0,"_bbp_reply_count":0,"_bbp_total_topic_count":0,"_bbp_total_reply_count":0,"_bbp_voice_count":0,"_bbp_anonymous_reply_count":0,"_bbp_topic_count_hidden":0,"_bbp_reply_count_hidden":0,"_bbp_forum_subforum_count":0,"content-type":"","iawp_total_views":0,"footnotes":""},"categories":[108,1],"tags":[],"class_list":{"0":"post-49282","1":"post","2":"type-post","3":"status-publish","4":"format-standard","5":"has-post-thumbnail","7":"category-mas-vistas","8":"category-portada"},"_links":{"self":[{"href":"https:\/\/influencias.do\/index.php\/wp-json\/wp\/v2\/posts\/49282","targetHints":{"allow":["GET"]}}],"collection":[{"href":"https:\/\/influencias.do\/index.php\/wp-json\/wp\/v2\/posts"}],"about":[{"href":"https:\/\/influencias.do\/index.php\/wp-json\/wp\/v2\/types\/post"}],"author":[{"embeddable":true,"href":"https:\/\/influencias.do\/index.php\/wp-json\/wp\/v2\/users\/1"}],"replies":[{"embeddable":true,"href":"https:\/\/influencias.do\/index.php\/wp-json\/wp\/v2\/comments?post=49282"}],"version-history":[{"count":1,"href":"https:\/\/influencias.do\/index.php\/wp-json\/wp\/v2\/posts\/49282\/revisions"}],"predecessor-version":[{"id":49284,"href":"https:\/\/influencias.do\/index.php\/wp-json\/wp\/v2\/posts\/49282\/revisions\/49284"}],"wp:featuredmedia":[{"embeddable":true,"href":"https:\/\/influencias.do\/index.php\/wp-json\/wp\/v2\/media\/49283"}],"wp:attachment":[{"href":"https:\/\/influencias.do\/index.php\/wp-json\/wp\/v2\/media?parent=49282"}],"wp:term":[{"taxonomy":"category","embeddable":true,"href":"https:\/\/influencias.do\/index.php\/wp-json\/wp\/v2\/categories?post=49282"},{"taxonomy":"post_tag","embeddable":true,"href":"https:\/\/influencias.do\/index.php\/wp-json\/wp\/v2\/tags?post=49282"}],"curies":[{"name":"wp","href":"https:\/\/api.w.org\/{rel}","templated":true}]}}