{"id":48602,"date":"2025-04-18T00:09:04","date_gmt":"2025-04-18T00:09:04","guid":{"rendered":"https:\/\/influencias.do\/?p=48602"},"modified":"2025-04-18T00:09:04","modified_gmt":"2025-04-18T00:09:04","slug":"pld-recesa-sus-actividades-partidarias-en-semana-santa","status":"publish","type":"post","link":"https:\/\/influencias.do\/index.php\/2025\/04\/18\/pld-recesa-sus-actividades-partidarias-en-semana-santa\/","title":{"rendered":"PLD recesa sus actividades partidarias en Semana Santa"},"content":{"rendered":"<p style=\"font-weight: 400; text-align: justify;\">\n<p style=\"font-weight: 400; text-align: justify;\">El Partido de la Liberaci\u00f3n Dominicana (PLD) inform\u00f3\u00a0\u00a0que\u00a0\u00a0reces\u00f3 sus actividades partidarias\u00a0\u00a0para que sus dirigentes, miembros y simpatizantes, participen de las actividades de la Semana Santa.<\/p>\n<p style=\"font-weight: 400; text-align: justify;\">Mediante circular desde la secretar\u00eda general se instruy\u00f3 al personal de la Casa Nacional Reinaldo Pared P\u00e9rez y de la Oficina Presidencial acogerse al asueto indicando que las labores de oficina concluyeron el\u00a0\u00a0mi\u00e9rcoles en horas de la tarde y reiniciar\u00e1n el lunes 21 de abril.<\/p>\n<p style=\"font-weight: 400; text-align: justify;\">Respetar la Semana Santa es una tradici\u00f3n en el Partido de la Liberaci\u00f3n Dominicana que se hace para que aquellos que tienen sus compromisos con las iglesias cumplan con su fe y los que se van de vacaciones lo hagan, siempre guiados por las autoridades y los operativos preventivos que se organizan.<\/p>\n<p style=\"font-weight: 400; text-align: justify;\">Con esta\u00a0\u00a0pausa de la Semana Santa la direcci\u00f3n del PLD recomienda a sus miembros y dirigentes colaborar con las autoridades preventivas y a los religiosos, integrarse a sus iglesias.<\/p>\n<p style=\"font-weight: 400; text-align: justify;\">La organizaci\u00f3n precis\u00f3 que los primeros d\u00edas de la semana fueron aprovechados para avanzar en la redacci\u00f3n de los planes de trabajo de las diferentes secretar\u00edas y en la implementaci\u00f3n de la l\u00ednea organizativa y electoral y continuar las tareas administrativas.<\/p>\n<p style=\"font-weight: 400;\">\n<p style=\"font-weight: 400;\">\n<p><br style=\"font-weight: 400;\" \/><br style=\"font-weight: 400;\" \/><br style=\"font-weight: 400;\" \/><br style=\"font-weight: 400;\" \/><br style=\"font-weight: 400;\" \/><br style=\"font-weight: 400;\" \/><br style=\"font-weight: 400;\" \/><\/p>\n","protected":false},"excerpt":{"rendered":"<p>El Partido de la Liberaci\u00f3n Dominicana (PLD) inform\u00f3\u00a0\u00a0que\u00a0\u00a0reces\u00f3 sus actividades partidarias\u00a0\u00a0para que sus dirigentes, miembros y simpatizantes, participen de las actividades de la Semana Santa. Mediante circular desde la secretar\u00eda general se instruy\u00f3 al personal de la Casa Nacional Reinaldo Pared P\u00e9rez y de la Oficina Presidencial acogerse al asueto indicando que las labores de [&hellip;]<\/p>\n","protected":false},"author":4,"featured_media":48603,"comment_status":"open","ping_status":"open","sticky":false,"template":"","format":"standard","meta":{"_bbp_topic_count":0,"_bbp_reply_count":0,"_bbp_total_topic_count":0,"_bbp_total_reply_count":0,"_bbp_voice_count":0,"_bbp_anonymous_reply_count":0,"_bbp_topic_count_hidden":0,"_bbp_reply_count_hidden":0,"_bbp_forum_subforum_count":0,"content-type":"","iawp_total_views":0,"footnotes":""},"categories":[106],"tags":[],"class_list":{"0":"post-48602","1":"post","2":"type-post","3":"status-publish","4":"format-standard","5":"has-post-thumbnail","7":"category-politica"},"_links":{"self":[{"href":"https:\/\/influencias.do\/index.php\/wp-json\/wp\/v2\/posts\/48602","targetHints":{"allow":["GET"]}}],"collection":[{"href":"https:\/\/influencias.do\/index.php\/wp-json\/wp\/v2\/posts"}],"about":[{"href":"https:\/\/influencias.do\/index.php\/wp-json\/wp\/v2\/types\/post"}],"author":[{"embeddable":true,"href":"https:\/\/influencias.do\/index.php\/wp-json\/wp\/v2\/users\/4"}],"replies":[{"embeddable":true,"href":"https:\/\/influencias.do\/index.php\/wp-json\/wp\/v2\/comments?post=48602"}],"version-history":[{"count":1,"href":"https:\/\/influencias.do\/index.php\/wp-json\/wp\/v2\/posts\/48602\/revisions"}],"predecessor-version":[{"id":48604,"href":"https:\/\/influencias.do\/index.php\/wp-json\/wp\/v2\/posts\/48602\/revisions\/48604"}],"wp:featuredmedia":[{"embeddable":true,"href":"https:\/\/influencias.do\/index.php\/wp-json\/wp\/v2\/media\/48603"}],"wp:attachment":[{"href":"https:\/\/influencias.do\/index.php\/wp-json\/wp\/v2\/media?parent=48602"}],"wp:term":[{"taxonomy":"category","embeddable":true,"href":"https:\/\/influencias.do\/index.php\/wp-json\/wp\/v2\/categories?post=48602"},{"taxonomy":"post_tag","embeddable":true,"href":"https:\/\/influencias.do\/index.php\/wp-json\/wp\/v2\/tags?post=48602"}],"curies":[{"name":"wp","href":"https:\/\/api.w.org\/{rel}","templated":true}]}}