{"id":48309,"date":"2025-04-12T14:10:00","date_gmt":"2025-04-12T14:10:00","guid":{"rendered":"https:\/\/influencias.do\/?p=48309"},"modified":"2025-04-12T15:14:04","modified_gmt":"2025-04-12T15:14:04","slug":"sns-lamenta-fallecimiento-de-paciente-ingresada-en-hospital-dario-contreras-por-tragedia-en-jet-set","status":"publish","type":"post","link":"https:\/\/influencias.do\/index.php\/2025\/04\/12\/sns-lamenta-fallecimiento-de-paciente-ingresada-en-hospital-dario-contreras-por-tragedia-en-jet-set\/","title":{"rendered":"SNS lamenta fallecimiento de paciente ingresada en Hospital Dar\u00edo Contreras por tragedia en Jet Set"},"content":{"rendered":"<div dir=\"auto\" style=\"text-align: justify;\"><\/div>\n<div dir=\"auto\" style=\"text-align: justify;\"><\/div>\n<div dir=\"auto\" style=\"text-align: justify;\"><strong>Santo Domingo. &#8211;<\/strong>\u00a0 El Servicio Nacional de Salud (SNS) inform\u00f3 sobre el fallecimiento de una joven de 35 a\u00f1os, quien permanec\u00eda ingresada en el Hospital Traumatol\u00f3gico Dar\u00edo Contreras, tras resultar afectada con el desplome del techo de la discoteca Jet Set, la madrugada del pasado martes.<\/div>\n<div dir=\"auto\" style=\"text-align: justify;\"><\/div>\n<div dir=\"auto\" style=\"text-align: justify;\">La instituci\u00f3n de salud precis\u00f3 que se trata del primer fallecimiento en un centro de la Red P\u00fablica y se trata de una paciente que ten\u00eda pron\u00f3stico reservado, tras presentar traumatismos craneoencef\u00e1licos y vertebro-medular cervico-lumbar completo, adem\u00e1s de m\u00faltiples fracturas.<\/div>\n<div dir=\"auto\" style=\"text-align: justify;\"><\/div>\n<div dir=\"auto\" style=\"text-align: justify;\">La paciente fue llevada a sala de cirug\u00eda donde se le realiz\u00f3 plastia de la herida parietal y ten\u00eda condici\u00f3n hemodin\u00e1mica inestable con aminas.<\/div>\n<div dir=\"auto\" style=\"text-align: justify;\"><\/div>\n<div dir=\"auto\" style=\"text-align: justify;\">El director del centro, doctor C\u00e9sar Roque, inform\u00f3 que la ma\u00f1ana de este viernes present\u00f3 un evento de desaturaci\u00f3n, por lo que fue entubada y conectada a ventilaci\u00f3n mec\u00e1nica.<\/div>\n<div dir=\"auto\" style=\"text-align: justify;\"><\/div>\n<div dir=\"auto\" style=\"text-align: justify;\">Lamentablemente falleci\u00f3 a las ocho de la noche tras realizar un paro cardiorespiratorio, sin respuesta a toda maniobra de resucitaci\u00f3n.<\/div>\n<div dir=\"auto\" style=\"text-align: justify;\"><\/div>\n<div dir=\"auto\" style=\"text-align: justify;\">El SNS se une al dolor de sus familiares y de todos los que han perdido un ser querido por este lamentable suceso.<\/div>\n","protected":false},"excerpt":{"rendered":"<p>Santo Domingo. &#8211;\u00a0 El Servicio Nacional de Salud (SNS) inform\u00f3 sobre el fallecimiento de una joven de 35 a\u00f1os, quien permanec\u00eda ingresada en el Hospital Traumatol\u00f3gico Dar\u00edo Contreras, tras resultar afectada con el desplome del techo de la discoteca Jet Set, la madrugada del pasado martes. La instituci\u00f3n de salud precis\u00f3 que se trata del [&hellip;]<\/p>\n","protected":false},"author":1,"featured_media":48310,"comment_status":"open","ping_status":"open","sticky":false,"template":"","format":"standard","meta":{"_bbp_topic_count":0,"_bbp_reply_count":0,"_bbp_total_topic_count":0,"_bbp_total_reply_count":0,"_bbp_voice_count":0,"_bbp_anonymous_reply_count":0,"_bbp_topic_count_hidden":0,"_bbp_reply_count_hidden":0,"_bbp_forum_subforum_count":0,"content-type":"","iawp_total_views":0,"footnotes":""},"categories":[105,1],"tags":[],"class_list":{"0":"post-48309","1":"post","2":"type-post","3":"status-publish","4":"format-standard","5":"has-post-thumbnail","7":"category-nacionales","8":"category-portada"},"_links":{"self":[{"href":"https:\/\/influencias.do\/index.php\/wp-json\/wp\/v2\/posts\/48309","targetHints":{"allow":["GET"]}}],"collection":[{"href":"https:\/\/influencias.do\/index.php\/wp-json\/wp\/v2\/posts"}],"about":[{"href":"https:\/\/influencias.do\/index.php\/wp-json\/wp\/v2\/types\/post"}],"author":[{"embeddable":true,"href":"https:\/\/influencias.do\/index.php\/wp-json\/wp\/v2\/users\/1"}],"replies":[{"embeddable":true,"href":"https:\/\/influencias.do\/index.php\/wp-json\/wp\/v2\/comments?post=48309"}],"version-history":[{"count":1,"href":"https:\/\/influencias.do\/index.php\/wp-json\/wp\/v2\/posts\/48309\/revisions"}],"predecessor-version":[{"id":48311,"href":"https:\/\/influencias.do\/index.php\/wp-json\/wp\/v2\/posts\/48309\/revisions\/48311"}],"wp:featuredmedia":[{"embeddable":true,"href":"https:\/\/influencias.do\/index.php\/wp-json\/wp\/v2\/media\/48310"}],"wp:attachment":[{"href":"https:\/\/influencias.do\/index.php\/wp-json\/wp\/v2\/media?parent=48309"}],"wp:term":[{"taxonomy":"category","embeddable":true,"href":"https:\/\/influencias.do\/index.php\/wp-json\/wp\/v2\/categories?post=48309"},{"taxonomy":"post_tag","embeddable":true,"href":"https:\/\/influencias.do\/index.php\/wp-json\/wp\/v2\/tags?post=48309"}],"curies":[{"name":"wp","href":"https:\/\/api.w.org\/{rel}","templated":true}]}}