{"id":47984,"date":"2025-04-08T11:53:43","date_gmt":"2025-04-08T11:53:43","guid":{"rendered":"https:\/\/influencias.do\/?p=47984"},"modified":"2025-04-08T13:47:23","modified_gmt":"2025-04-08T13:47:23","slug":"sube-a-15-los-fallecidos-tras-tragedia-en-jet-set-mas-de-100-personas-trasladadas-a-distintos-centros-medicos","status":"publish","type":"post","link":"https:\/\/influencias.do\/index.php\/2025\/04\/08\/sube-a-15-los-fallecidos-tras-tragedia-en-jet-set-mas-de-100-personas-trasladadas-a-distintos-centros-medicos\/","title":{"rendered":"Sube a 15 los fallecidos tras tragedia en Jet Set; m\u00e1s de 100 personas trasladadas a distintos centros m\u00e9dicos"},"content":{"rendered":"<p style=\"text-align: justify;\"><strong><span style=\"vertical-align: inherit;\"><span style=\"vertical-align: inherit;\">Santo Domingo.-<\/span><\/span><\/strong><span style=\"vertical-align: inherit;\"><span style=\"vertical-align: inherit;\"> Las v\u00edctimas por la tragedia del desplome en la discoteca Jet Set aumentaron a 15 seg\u00fan informaci\u00f3n suministrada la ma\u00f1ana de este martes por el director del Centro de Operaciones de Emergencias, Juan Manuel M\u00e9ndez.<\/span><\/span><\/p>\n<p style=\"text-align: justify;\"><span style=\"vertical-align: inherit;\"><span style=\"vertical-align: inherit;\">\u00a8Tenemos esperanza de encontrar m\u00e1s personas con vidas, pero necesitamos la colaboraci\u00f3n de todos ustedes. Estamos sacando a todas las personas que podemos encontrar con vidas y estamos recuperando a aquellos cad\u00e1veres que se encuentren en el camino\u00a8, indic\u00f3 Manuel M\u00e9ndez.<\/span><\/span><\/p>\n<p style=\"text-align: justify;\"><span style=\"vertical-align: inherit;\"><span style=\"vertical-align: inherit;\">Manuel M\u00e9ndez inform\u00f3 que tras la tragedia m\u00e1s de 101 personas han sido trasladas a diferentes centros m\u00e9dicos del Gran Santo Domingo.<\/span><\/span><\/p>\n<p style=\"text-align: justify;\"><span style=\"vertical-align: inherit;\"><span style=\"vertical-align: inherit;\">A su vez, dijo que hay personas entre los escombros que piden ayuda a los socorristas, por lo que las labores de rescate continuar\u00e1n durante todo el d\u00eda.<\/span><\/span><\/p>\n<p style=\"text-align: justify;\"><span style=\"vertical-align: inherit;\"><span style=\"vertical-align: inherit;\">Las autoridades han puesto a disposici\u00f3n unas 77 ambulancias de la Direcci\u00f3n de Atenci\u00f3n a Emergencias Extrahospitalarias (DAEH), mientras 8 unidades del Cuerpo de Bomberos del Distrito Nacional se encuentran en el lugar.<\/span><\/span><\/p>\n<p style=\"text-align: justify;\"><span style=\"vertical-align: inherit;\"><span style=\"vertical-align: inherit;\">Adem\u00e1s, 30 rescatistas de la Defensa Civil, 200 miembros de la Polic\u00eda Nacional, 50 rescatistas pertenecientes a las Fuerzas Armadas, y 7 unidades de la DIGESTET, incluyendo gr\u00faas para despejar la zona, as\u00ed como un equipo Hur\u00f3n especializado en estructuras colapsadas.<\/span><\/span><\/p>\n<p style=\"text-align: justify;\"><span style=\"vertical-align: inherit;\"><span style=\"vertical-align: inherit;\">En el lugar se encuentran los directores, del Centro de Operaciones de Emergencias (COE), el general (r) Juan Manuel M\u00e9ndez, de la Polic\u00eda Nacional, el mayor general, Ram\u00f3n Antonio Guzm\u00e1n Peralta y en representaci\u00f3n del ministro de Defensa, el teniente general, Carlos Antonio Fern\u00e1ndez Onofre, el comandante general de la Armada de Rep\u00fablica Dominicana y del Comando Conjunto Unificado, vicealmirante Agust\u00edn Alberto Morillo Rodr\u00edguez.<\/span><\/span><\/p>\n<p style=\"text-align: justify;\"><span style=\"vertical-align: inherit;\"><span style=\"vertical-align: inherit;\">Las ambulancias contin\u00faan trasladando personas afectadas a centros de salud para su evaluaci\u00f3n y atenci\u00f3n.<\/span><\/span><\/p>\n","protected":false},"excerpt":{"rendered":"<p>Santo Domingo.- Las v\u00edctimas por la tragedia del desplome en la discoteca Jet Set aumentaron a 15 seg\u00fan informaci\u00f3n suministrada la ma\u00f1ana de este martes por el director del Centro de Operaciones de Emergencias, Juan Manuel M\u00e9ndez. \u00a8Tenemos esperanza de encontrar m\u00e1s personas con vidas, pero necesitamos la colaboraci\u00f3n de todos ustedes. Estamos sacando a [&hellip;]<\/p>\n","protected":false},"author":1,"featured_media":47985,"comment_status":"open","ping_status":"open","sticky":false,"template":"","format":"standard","meta":{"_bbp_topic_count":0,"_bbp_reply_count":0,"_bbp_total_topic_count":0,"_bbp_total_reply_count":0,"_bbp_voice_count":0,"_bbp_anonymous_reply_count":0,"_bbp_topic_count_hidden":0,"_bbp_reply_count_hidden":0,"_bbp_forum_subforum_count":0,"content-type":"","iawp_total_views":0,"footnotes":""},"categories":[105,1],"tags":[],"class_list":{"0":"post-47984","1":"post","2":"type-post","3":"status-publish","4":"format-standard","5":"has-post-thumbnail","7":"category-nacionales","8":"category-portada"},"_links":{"self":[{"href":"https:\/\/influencias.do\/index.php\/wp-json\/wp\/v2\/posts\/47984","targetHints":{"allow":["GET"]}}],"collection":[{"href":"https:\/\/influencias.do\/index.php\/wp-json\/wp\/v2\/posts"}],"about":[{"href":"https:\/\/influencias.do\/index.php\/wp-json\/wp\/v2\/types\/post"}],"author":[{"embeddable":true,"href":"https:\/\/influencias.do\/index.php\/wp-json\/wp\/v2\/users\/1"}],"replies":[{"embeddable":true,"href":"https:\/\/influencias.do\/index.php\/wp-json\/wp\/v2\/comments?post=47984"}],"version-history":[{"count":2,"href":"https:\/\/influencias.do\/index.php\/wp-json\/wp\/v2\/posts\/47984\/revisions"}],"predecessor-version":[{"id":47987,"href":"https:\/\/influencias.do\/index.php\/wp-json\/wp\/v2\/posts\/47984\/revisions\/47987"}],"wp:featuredmedia":[{"embeddable":true,"href":"https:\/\/influencias.do\/index.php\/wp-json\/wp\/v2\/media\/47985"}],"wp:attachment":[{"href":"https:\/\/influencias.do\/index.php\/wp-json\/wp\/v2\/media?parent=47984"}],"wp:term":[{"taxonomy":"category","embeddable":true,"href":"https:\/\/influencias.do\/index.php\/wp-json\/wp\/v2\/categories?post=47984"},{"taxonomy":"post_tag","embeddable":true,"href":"https:\/\/influencias.do\/index.php\/wp-json\/wp\/v2\/tags?post=47984"}],"curies":[{"name":"wp","href":"https:\/\/api.w.org\/{rel}","templated":true}]}}