{"id":47773,"date":"2025-04-04T12:02:35","date_gmt":"2025-04-04T12:02:35","guid":{"rendered":"https:\/\/influencias.do\/?p=47773"},"modified":"2025-04-04T12:05:40","modified_gmt":"2025-04-04T12:05:40","slug":"leonel-propone-dialogo-nacional-ante-medidas-arancelarias-y-crisis-migratoria","status":"publish","type":"post","link":"https:\/\/influencias.do\/index.php\/2025\/04\/04\/leonel-propone-dialogo-nacional-ante-medidas-arancelarias-y-crisis-migratoria\/","title":{"rendered":"Leonel propone di\u00e1logo nacional ante medidas arancelarias y crisis migratoria"},"content":{"rendered":"<p style=\"text-align: justify;\"><strong><span style=\"vertical-align: inherit;\"><span style=\"vertical-align: inherit;\">Santo Domingo.\u2013<\/span><\/span><\/strong><span style=\"vertical-align: inherit;\"><span style=\"vertical-align: inherit;\"> El expresidente de la Rep\u00fablica Dominicana, Leonel Fern\u00e1ndez, sugiri\u00f3 este mi\u00e9rcoles la convocatoria de una mesa de di\u00e1logo nacional con los sectores productivos y las fuerzas vivas de la naci\u00f3n, con el objetivo de enfrentar los desaf\u00edos derivados de las recientes arancelarias adoptadas por la administraci\u00f3n medidas del expresidente estadounidense Donald Trump.<\/span><\/span><\/p>\n<p style=\"text-align: justify;\"><span style=\"vertical-align: inherit;\"><span style=\"vertical-align: inherit;\">En una declaraci\u00f3n difundida por sus canales oficiales, el tambi\u00e9n presidente del partido Fuerza del Pueblo manifest\u00f3: \u201cAnte las medidas arancelarias adoptadas por la administraci\u00f3n del presidente Trump, estimo necesario que el gobierno convoque una mesa de di\u00e1logo con los sectores productivos y las fuerzas vivas de la naci\u00f3n, con el prop\u00f3sito de elaborar un plan que mitigue el impacto sobre nuestra econom\u00eda\u201d.<\/span><\/span><\/p>\n<p style=\"text-align: justify;\"><span style=\"vertical-align: inherit;\"><span style=\"vertical-align: inherit;\">Fern\u00e1ndez subray\u00f3 que este di\u00e1logo debe ir m\u00e1s all\u00e1 de las amenazas externas, y enfocarse tambi\u00e9n en las oportunidades que pueden aprovecharse en el nuevo escenario global:<\/span><\/span><\/p>\n<p style=\"text-align: justify;\"><span style=\"vertical-align: inherit;\"><span style=\"vertical-align: inherit;\">\u201cDesde Fuerza del Pueblo estimamos necesario que ese di\u00e1logo identifique las oportunidades que este nuevo escenario global nos brinda, y nos permita aprovecharlas en beneficio del pa\u00eds\u201d.<\/span><\/span><\/p>\n<p style=\"text-align: justify;\"><span style=\"vertical-align: inherit;\"><span style=\"vertical-align: inherit;\">Asimismo, el l\u00edder pol\u00edtico hizo \u00e9nfasis en la urgencia de abordar el tema migratorio dentro de ese mismo espacio de concertaci\u00f3n:<\/span><\/span><\/p>\n<p style=\"text-align: justify;\"><span style=\"vertical-align: inherit;\"><span style=\"vertical-align: inherit;\">&#8220;Otro tema que debe abordarse en ese espacio es el migratorio. La preocupaci\u00f3n ciudadana por el descontrol en esta materia es evidente, al afectar servicios como la salud, la educaci\u00f3n, el empleo y otros sectores clave&#8221;.<\/span><\/span><\/p>\n<p style=\"text-align: justify;\"><span style=\"vertical-align: inherit;\"><span style=\"vertical-align: inherit;\">En ese sentido, advirti\u00f3 sobre las tensiones sociales generadas por la migraci\u00f3n irregular:<\/span><\/span><\/p>\n<p style=\"text-align: justify;\"><span style=\"vertical-align: inherit;\"><span style=\"vertical-align: inherit;\">&#8220;El auge de la migraci\u00f3n irregular est\u00e1 generando tensiones sociales que no deben ser ignoradas. Por tanto, sugiero que el gobierno le otorgue la atenci\u00f3n prioritaria que requiere&#8221;.<\/span><\/span><\/p>\n<p style=\"text-align: justify;\"><span style=\"vertical-align: inherit;\"><span style=\"vertical-align: inherit;\">Fern\u00e1ndez reiter\u00f3 su convicci\u00f3n sobre la importancia de escuchar al pueblo y fomentar el consenso como v\u00eda para gobernar exitosamente:<\/span><\/span><\/p>\n<p style=\"text-align: justify;\"><span style=\"vertical-align: inherit;\"><span style=\"vertical-align: inherit;\">\u201cSiempre he sostenido que escuchar al pueblo es la mejor forma de gobernar, y que, mediante el di\u00e1logo, es posible alcanzar el entendimiento y las soluciones necesarias\u201d.<\/span><\/span><\/p>\n","protected":false},"excerpt":{"rendered":"<p>Santo Domingo.\u2013 El expresidente de la Rep\u00fablica Dominicana, Leonel Fern\u00e1ndez, sugiri\u00f3 este mi\u00e9rcoles la convocatoria de una mesa de di\u00e1logo nacional con los sectores productivos y las fuerzas vivas de la naci\u00f3n, con el objetivo de enfrentar los desaf\u00edos derivados de las recientes arancelarias adoptadas por la administraci\u00f3n medidas del expresidente estadounidense Donald Trump. En [&hellip;]<\/p>\n","protected":false},"author":1,"featured_media":47775,"comment_status":"open","ping_status":"open","sticky":false,"template":"","format":"standard","meta":{"_bbp_topic_count":0,"_bbp_reply_count":0,"_bbp_total_topic_count":0,"_bbp_total_reply_count":0,"_bbp_voice_count":0,"_bbp_anonymous_reply_count":0,"_bbp_topic_count_hidden":0,"_bbp_reply_count_hidden":0,"_bbp_forum_subforum_count":0,"content-type":"","iawp_total_views":0,"footnotes":""},"categories":[1],"tags":[152],"class_list":{"0":"post-47773","1":"post","2":"type-post","3":"status-publish","4":"format-standard","5":"has-post-thumbnail","7":"category-portada","8":"tag-leonel-fernandez"},"_links":{"self":[{"href":"https:\/\/influencias.do\/index.php\/wp-json\/wp\/v2\/posts\/47773","targetHints":{"allow":["GET"]}}],"collection":[{"href":"https:\/\/influencias.do\/index.php\/wp-json\/wp\/v2\/posts"}],"about":[{"href":"https:\/\/influencias.do\/index.php\/wp-json\/wp\/v2\/types\/post"}],"author":[{"embeddable":true,"href":"https:\/\/influencias.do\/index.php\/wp-json\/wp\/v2\/users\/1"}],"replies":[{"embeddable":true,"href":"https:\/\/influencias.do\/index.php\/wp-json\/wp\/v2\/comments?post=47773"}],"version-history":[{"count":2,"href":"https:\/\/influencias.do\/index.php\/wp-json\/wp\/v2\/posts\/47773\/revisions"}],"predecessor-version":[{"id":47776,"href":"https:\/\/influencias.do\/index.php\/wp-json\/wp\/v2\/posts\/47773\/revisions\/47776"}],"wp:featuredmedia":[{"embeddable":true,"href":"https:\/\/influencias.do\/index.php\/wp-json\/wp\/v2\/media\/47775"}],"wp:attachment":[{"href":"https:\/\/influencias.do\/index.php\/wp-json\/wp\/v2\/media?parent=47773"}],"wp:term":[{"taxonomy":"category","embeddable":true,"href":"https:\/\/influencias.do\/index.php\/wp-json\/wp\/v2\/categories?post=47773"},{"taxonomy":"post_tag","embeddable":true,"href":"https:\/\/influencias.do\/index.php\/wp-json\/wp\/v2\/tags?post=47773"}],"curies":[{"name":"wp","href":"https:\/\/api.w.org\/{rel}","templated":true}]}}