{"id":47730,"date":"2025-04-03T19:14:08","date_gmt":"2025-04-03T19:14:08","guid":{"rendered":"https:\/\/influencias.do\/?p=47730"},"modified":"2025-04-03T19:14:08","modified_gmt":"2025-04-03T19:14:08","slug":"digesett-retiene-28-vehiculos-por-transitar-con-deficiencias-en-sistema-de-luces-y-otras-violaciones-a-normas-de-seguridad-vial","status":"publish","type":"post","link":"https:\/\/influencias.do\/index.php\/2025\/04\/03\/digesett-retiene-28-vehiculos-por-transitar-con-deficiencias-en-sistema-de-luces-y-otras-violaciones-a-normas-de-seguridad-vial\/","title":{"rendered":"Digesett retiene 28 veh\u00edculos por transitar con deficiencias en sistema de luces y otras violaciones a normas de seguridad vial"},"content":{"rendered":"<p>Agentes de la Direcci\u00f3n General de Seguridad de Tr\u00e1nsito y Transporte Terrestre (Digesett), como parte de sus operativos preventivos, retuvieron 23 camiones y cinco camionetas cuyos conductores fueron sorprendidos circulando con desperfectos en las luces, neum\u00e1ticos en mal estado y otras irregularidades que representan un riesgo para la seguridad vial.<\/p>\n<p>Estas acciones buscan reducir la incidencia de accidentes causados por veh\u00edculos que no cumplen con las condiciones adecuadas para transitar.<\/p>\n<p>Las autoridades reiteraron su llamado a los conductores de veh\u00edculos de carga y de transporte a respetar las normativas vigentes, recordando que la seguridad en las v\u00edas es responsabilidad de todos.<\/p>\n<p>Asimismo, exhortaron a realizar inspecciones peri\u00f3dicas a sus unidades y corregir cualquier falla mec\u00e1nica antes de salir a las calles, evitando sanciones y, sobre todo, tragedias que pueden prevenirse con el mantenimiento adecuado de los veh\u00edculos.<\/p>\n<p>Los operativos preventivos son desplegados por instrucciones del general Pascual Cruz M\u00e9ndez, nuevo director general de Seguridad de Tr\u00e1nsito Terrestre (Digesett), quien desde el momento que asumi\u00f3 las funciones ha redoblado las acciones para seguir fortaleciendo la seguridad vial.<\/p>\n","protected":false},"excerpt":{"rendered":"<p>Agentes de la Direcci\u00f3n General de Seguridad de Tr\u00e1nsito y Transporte Terrestre (Digesett), como parte de sus operativos preventivos, retuvieron 23 camiones y cinco camionetas cuyos conductores fueron sorprendidos circulando con desperfectos en las luces, neum\u00e1ticos en mal estado y otras irregularidades que representan un riesgo para la seguridad vial. Estas acciones buscan reducir la [&hellip;]<\/p>\n","protected":false},"author":1,"featured_media":47731,"comment_status":"open","ping_status":"open","sticky":false,"template":"","format":"standard","meta":{"_bbp_topic_count":0,"_bbp_reply_count":0,"_bbp_total_topic_count":0,"_bbp_total_reply_count":0,"_bbp_voice_count":0,"_bbp_anonymous_reply_count":0,"_bbp_topic_count_hidden":0,"_bbp_reply_count_hidden":0,"_bbp_forum_subforum_count":0,"content-type":"","iawp_total_views":0,"footnotes":""},"categories":[105],"tags":[],"class_list":{"0":"post-47730","1":"post","2":"type-post","3":"status-publish","4":"format-standard","5":"has-post-thumbnail","7":"category-nacionales"},"_links":{"self":[{"href":"https:\/\/influencias.do\/index.php\/wp-json\/wp\/v2\/posts\/47730","targetHints":{"allow":["GET"]}}],"collection":[{"href":"https:\/\/influencias.do\/index.php\/wp-json\/wp\/v2\/posts"}],"about":[{"href":"https:\/\/influencias.do\/index.php\/wp-json\/wp\/v2\/types\/post"}],"author":[{"embeddable":true,"href":"https:\/\/influencias.do\/index.php\/wp-json\/wp\/v2\/users\/1"}],"replies":[{"embeddable":true,"href":"https:\/\/influencias.do\/index.php\/wp-json\/wp\/v2\/comments?post=47730"}],"version-history":[{"count":1,"href":"https:\/\/influencias.do\/index.php\/wp-json\/wp\/v2\/posts\/47730\/revisions"}],"predecessor-version":[{"id":47732,"href":"https:\/\/influencias.do\/index.php\/wp-json\/wp\/v2\/posts\/47730\/revisions\/47732"}],"wp:featuredmedia":[{"embeddable":true,"href":"https:\/\/influencias.do\/index.php\/wp-json\/wp\/v2\/media\/47731"}],"wp:attachment":[{"href":"https:\/\/influencias.do\/index.php\/wp-json\/wp\/v2\/media?parent=47730"}],"wp:term":[{"taxonomy":"category","embeddable":true,"href":"https:\/\/influencias.do\/index.php\/wp-json\/wp\/v2\/categories?post=47730"},{"taxonomy":"post_tag","embeddable":true,"href":"https:\/\/influencias.do\/index.php\/wp-json\/wp\/v2\/tags?post=47730"}],"curies":[{"name":"wp","href":"https:\/\/api.w.org\/{rel}","templated":true}]}}