{"id":47080,"date":"2025-03-21T16:00:39","date_gmt":"2025-03-21T16:00:39","guid":{"rendered":"https:\/\/influencias.do\/?p=47080"},"modified":"2025-03-21T16:00:39","modified_gmt":"2025-03-21T16:00:39","slug":"codue-expresa-preocupacion-por-alza-del-dolar","status":"publish","type":"post","link":"https:\/\/influencias.do\/index.php\/2025\/03\/21\/codue-expresa-preocupacion-por-alza-del-dolar\/","title":{"rendered":"CODUE expresa preocupaci\u00f3n por alza del d\u00f3lar"},"content":{"rendered":"<p>El presidente del Consejo Dominicano de Unidad Evang\u00e9lica (CODUE), Feliciano Lacen, manifest\u00f3 su profunda preocupaci\u00f3n ante el incremento acelerado del d\u00f3lar, reconociendo que esto es una variable independiente, sin embargo, urge al gobierno a tomar medidas para contener la inflaci\u00f3n. Ya que esta situaci\u00f3n est\u00e1 impactando de manera directa el costo de la vida de los ciudadanos, encareciendo productos esenciales y golpeando con fuerza a las familias m\u00e1s vulnerables.<\/p>\n<p>El pastor Feliciano Lacen hizo un llamado al Gobierno para que implemente medidas urgentes y efectivas que permitan mitigar los efectos de esta alza en la moneda estadounidense, la cual est\u00e1 generando un efecto domin\u00f3 sobre los precios de bienes y servicios b\u00e1sicos, desde los alimentos hasta los medicamentos.<\/p>\n<h2 class=\"wp-block-heading\"><strong>El impacto del alza del d\u00f3lar en la econom\u00eda dominicana<\/strong><\/h2>\n<p>\u201cEl aumento del d\u00f3lar no es solo una cifra en los mercados financieros; es el reflejo de una realidad que afecta el d\u00eda a d\u00eda de cada dominicano. Cada vez que el d\u00f3lar sube, la comida se encarece, los materiales de construcci\u00f3n aumentan, las importaciones se hacen m\u00e1s caras, y la clase trabajadora ve c\u00f3mo su salario pierde valor frente a los precios de los productos b\u00e1sicos\u201d, expres\u00f3 Lacen Custodio.<\/p>\n<p>El l\u00edder religioso enfatiz\u00f3 que, aunque el pa\u00eds ha mantenido una estabilidad econ\u00f3mica relativa en los \u00faltimos a\u00f1os, este aumento sostenido del d\u00f3lar representa un desaf\u00edo serio para la poblaci\u00f3n y un riesgo para sectores como las peque\u00f1as y medianas empresas (Pymes), que dependen de insumos importados y cuyos costos de producci\u00f3n se han disparado.<\/p>\n<h2 class=\"wp-block-heading\"><strong>Recomendaciones al gobierno para frenar la inflaci\u00f3n<\/strong><\/h2>\n<p>Ante este panorama, Lacen inst\u00f3 al gobierno y a las autoridades econ\u00f3micas a actuar con prontitud y decisi\u00f3n. En ese sentido, propuso una serie de medidas que podr\u00edan ayudar a contener los efectos de la depreciaci\u00f3n del peso dominicano frente al d\u00f3lar:<\/p>\n<p>Intervenci\u00f3n del Banco Central: A trav\u00e9s de mecanismos como la inyecci\u00f3n de divisas al mercado y ajustes en la pol\u00edtica monetaria para estabilizar el tipo de cambio.<\/p>\n<p>Apoyo a los sectores productivos locales: Fortalecer la producci\u00f3n nacional para reducir la dependencia de bienes importados, incentivando el desarrollo agr\u00edcola e industrial y promoviendo el consumo de productos de manufactura local. Ampliar la base de los puntos fijos de INESPRE para que la ciudadan\u00eda pueda abastecerse.<\/p>\n<p>Control de la especulaci\u00f3n cambiaria y los precios de la canasta familiar: Supervisar m\u00e1s de cerca el mercado cambiario para evitar la manipulaci\u00f3n de los precios del d\u00f3lar por parte de agentes financieros.<\/p>\n<p>Facilitar de cr\u00e9ditos a Pymes: Crear condiciones m\u00e1s favorables para que las peque\u00f1as y medianas empresas puedan acceder a financiamiento con tasas preferenciales, evitando que el alza del d\u00f3lar las lleve a la quiebra.<\/p>\n<h2 class=\"wp-block-heading\"><strong>El llamado a la responsabilidad social y gubernamental<\/strong><\/h2>\n<p>Feliciano Lacen reiter\u00f3 que esta situaci\u00f3n debe abordarse con un sentido de urgencia y compromiso, tanto desde el sector p\u00fablico como desde el privado. \u201cEl Gobierno tiene la responsabilidad de garantizar la estabilidad econ\u00f3mica y la protecci\u00f3n del poder adquisitivo de los ciudadanos, pero tambi\u00e9n los sectores empresariales y financieros deben actuar con \u00e9tica y responsabilidad, evitando pr\u00e1cticas especulativas que agraven la crisis\u201d, sostuvo.<\/p>\n<p>El CODUE reiter\u00f3 su disposici\u00f3n a colaborar con las autoridades y con diversos sectores de la sociedad para aportar soluciones que ayuden a mitigar los efectos del alza del d\u00f3lar y la inflaci\u00f3n. \u201cNuestra esperanza es que el Gobierno act\u00fae con determinaci\u00f3n y sensibilidad, y que todos, como naci\u00f3n, pongamos de nuestra parte para superar este desaf\u00edo\u201d,\u00a0finaliz\u00f3.<\/p>\n","protected":false},"excerpt":{"rendered":"<p>El presidente del Consejo Dominicano de Unidad Evang\u00e9lica (CODUE), Feliciano Lacen, manifest\u00f3 su profunda preocupaci\u00f3n ante el incremento acelerado del d\u00f3lar, reconociendo que esto es una variable independiente, sin embargo, urge al gobierno a tomar medidas para contener la inflaci\u00f3n. Ya que esta situaci\u00f3n est\u00e1 impactando de manera directa el costo de la vida de [&hellip;]<\/p>\n","protected":false},"author":1,"featured_media":47081,"comment_status":"open","ping_status":"open","sticky":false,"template":"","format":"standard","meta":{"_bbp_topic_count":0,"_bbp_reply_count":0,"_bbp_total_topic_count":0,"_bbp_total_reply_count":0,"_bbp_voice_count":0,"_bbp_anonymous_reply_count":0,"_bbp_topic_count_hidden":0,"_bbp_reply_count_hidden":0,"_bbp_forum_subforum_count":0,"content-type":"","iawp_total_views":0,"footnotes":""},"categories":[107,1],"tags":[],"class_list":{"0":"post-47080","1":"post","2":"type-post","3":"status-publish","4":"format-standard","5":"has-post-thumbnail","7":"category-economia","8":"category-portada"},"_links":{"self":[{"href":"https:\/\/influencias.do\/index.php\/wp-json\/wp\/v2\/posts\/47080","targetHints":{"allow":["GET"]}}],"collection":[{"href":"https:\/\/influencias.do\/index.php\/wp-json\/wp\/v2\/posts"}],"about":[{"href":"https:\/\/influencias.do\/index.php\/wp-json\/wp\/v2\/types\/post"}],"author":[{"embeddable":true,"href":"https:\/\/influencias.do\/index.php\/wp-json\/wp\/v2\/users\/1"}],"replies":[{"embeddable":true,"href":"https:\/\/influencias.do\/index.php\/wp-json\/wp\/v2\/comments?post=47080"}],"version-history":[{"count":1,"href":"https:\/\/influencias.do\/index.php\/wp-json\/wp\/v2\/posts\/47080\/revisions"}],"predecessor-version":[{"id":47082,"href":"https:\/\/influencias.do\/index.php\/wp-json\/wp\/v2\/posts\/47080\/revisions\/47082"}],"wp:featuredmedia":[{"embeddable":true,"href":"https:\/\/influencias.do\/index.php\/wp-json\/wp\/v2\/media\/47081"}],"wp:attachment":[{"href":"https:\/\/influencias.do\/index.php\/wp-json\/wp\/v2\/media?parent=47080"}],"wp:term":[{"taxonomy":"category","embeddable":true,"href":"https:\/\/influencias.do\/index.php\/wp-json\/wp\/v2\/categories?post=47080"},{"taxonomy":"post_tag","embeddable":true,"href":"https:\/\/influencias.do\/index.php\/wp-json\/wp\/v2\/tags?post=47080"}],"curies":[{"name":"wp","href":"https:\/\/api.w.org\/{rel}","templated":true}]}}