{"id":47020,"date":"2025-03-20T22:31:06","date_gmt":"2025-03-20T22:31:06","guid":{"rendered":"https:\/\/influencias.do\/?p=47020"},"modified":"2025-03-20T22:31:06","modified_gmt":"2025-03-20T22:31:06","slug":"la-asesina-de-selena-quintanilla-podria-ser-liberada-por-esta-razon","status":"publish","type":"post","link":"https:\/\/influencias.do\/index.php\/2025\/03\/20\/la-asesina-de-selena-quintanilla-podria-ser-liberada-por-esta-razon\/","title":{"rendered":"La asesina de Selena Quintanilla podr\u00eda ser liberada por esta raz\u00f3n"},"content":{"rendered":"<div class=\"ArticleView-title\">\n<h1 class=\"HeadLine-root HeadLine-type_2 \"><\/h1>\n<\/div>\n<div class=\"Text-root Text-type_5 ArticleView-text ViewText-root \">\n<p>Yolanda Sald\u00edvar, quien cumple una condena de cadena perpetua por el asesinato de la ic\u00f3nica cantante estadounidense de tex-mex y de ra\u00edces mexicanas Selena Quintanilla, podr\u00eda recibir un beneficio procesal de libertad condicional\u00a0<strong>hacia finales de mes<\/strong>, medida a la que la familia de la reconocida artista se opone rotundamente.<\/p>\n<p>Aunque el asesinato de la afamada int\u00e9rprete de la tecnocumbia caus\u00f3 conmoci\u00f3n en Latinoam\u00e9rica y parte del mundo, sobre todo en Texas, donde naci\u00f3, y en\u00a0<a href=\"https:\/\/actualidad.rt.com\/actualidad\/543022-tauromaquia-light-reforma-toros-sangre-mexico\" target=\"_blank\" rel=\"noopener noreferrer\">M\u00e9xico<\/a>, pa\u00eds del que emigraron sus padres antes de su nacimiento,\u00a0<strong>Sald\u00edvar, de 64 a\u00f1os<\/strong>\u00a0y quien logr\u00f3 ganar la amistad y confianza de Selena tras hacerse presidenta de su club de fans, podr\u00eda salir de la c\u00e1rcel si las autoridades texanas aprueban la medida.<\/p>\n<p>La convicta, que ya es adulta mayor tras pasar casi tres d\u00e9cadas privada de libertad, insiste en que el hecho en el que ella le quit\u00f3 la vida a Selena,\u00a0<strong>el 31 de marzo de 1995 en un hotel de Corpus Christi<\/strong>, habr\u00eda sido un accidente que se produjo en medio de una tensa y acalorada discusi\u00f3n y que el disparo que le propin\u00f3 a la entonces cantante de 23 a\u00f1os no fue intencional.<\/p>\n<figure class=\"RTImage-root\">\n<div class=\"RTImage-image RTImage-original\"><picture class=\"Picture-root Picture-original\"><source srcset=\" \nhttps:\/\/mf.b37mrtl.ru\/actualidad\/public_images\/2025.03\/original\/67dc7c7359bf5b70c52b4072.jpg 850w,\n                                    https:\/\/mf.b37mrtl.ru\/actualidad\/public_images\/2025.03\/original\/67dc7c7359bf5b70c52b4072.jpg 1960w,            \" media=\"(-webkit-min-device-pixel-ratio: 2) and (min-resolution: 120dpi)\" sizes=\"912px\" data-srcset=\"\n                                            https:\/\/mf.b37mrtl.ru\/actualidad\/public_images\/2025.03\/original\/67dc7c7359bf5b70c52b4072.jpg 850w,\n                                    https:\/\/mf.b37mrtl.ru\/actualidad\/public_images\/2025.03\/original\/67dc7c7359bf5b70c52b4072.jpg 1960w,            \" \/><source srcset=\" \nhttps:\/\/mf.b37mrtl.ru\/actualidad\/public_images\/2025.03\/original\/67dc7c7359bf5b70c52b4072.jpg 460w,\n                                  https:\/\/mf.b37mrtl.ru\/actualidad\/public_images\/2025.03\/original\/67dc7c7359bf5b70c52b4072.jpg 980w,\n            \" sizes=\"912px\" data-srcset=\"\n                                            https:\/\/mf.b37mrtl.ru\/actualidad\/public_images\/2025.03\/original\/67dc7c7359bf5b70c52b4072.jpg 460w,\n                                  https:\/\/mf.b37mrtl.ru\/actualidad\/public_images\/2025.03\/original\/67dc7c7359bf5b70c52b4072.jpg 980w,\n            \" \/><img loading=\"lazy\" loading=\"lazy\" decoding=\"async\" class=\"Picture-root Picture-original lazyautosizes lazyloaded aligncenter\" src=\"https:\/\/mf.b37mrtl.ru\/actualidad\/public_images\/2025.03\/original\/67dc7c7359bf5b70c52b4072.jpg\" sizes=\"auto, 912px\" alt=\"\" width=\"816\" height=\"446\" data-sizes=\"auto\" data-src=\"https:\/\/mf.b37mrtl.ru\/actualidad\/public_images\/2025.03\/original\/67dc7c7359bf5b70c52b4072.jpg\" \/><\/picture><\/div><figcaption class=\"RTImage-footer\"><span class=\"RTImage-caption\"><span class=\"RTImage-captionItem\">Selena Quintanilla<\/span><\/span><span class=\"RTImage-source\"><span class=\"RTImage-captionItem\">Arlene Richie<\/span><span class=\"RTImage-captionItem\">\u00a0\/ Gettyimages.ru<\/span><\/span><\/figcaption><\/figure>\n<p>La versi\u00f3n de Sald\u00edvar, quien se encuentra\u00a0<strong>en la prisi\u00f3n femenina de Mountain View<\/strong>, en Gatesville, Texas, fue rechazada durante el juicio en el que fue hallada culpable, debido a que la investigaci\u00f3n, que cont\u00f3 con relatos de testigos, determin\u00f3 que la mujer s\u00ed hizo presi\u00f3n al gatillo del rev\u00f3lver calibre 38 que hab\u00eda comprado semanas antes y que el supuesto disparo accidental contra la cantante no era cierto.<\/p>\n<p>Ahora, la liberaci\u00f3n anticipada de la homicida, puesta en prisi\u00f3n desde el 22 de octubre de 1995 tras ser hallada culpable del asesinato con arma de fuego de Selena, tras el\u00a0<strong>reclamo y despido que le hizo la cantante<\/strong>\u00a0por el mal manejo de fondos de una boutique de su propiedad que estaba bajo la gerencia de Sald\u00edvar, podr\u00eda habilitarse debido a que la sentencia le permite optar a una libertad condicional tras cumplir 30 a\u00f1os de c\u00e1rcel.<\/p>\n<p>De acuerdo con la\u00a0<a href=\"https:\/\/www.telemundosanantonio.com\/entretenimiento\/selena-quintanilla-asesina-yolanda-saldivar-libertad-anticipada-texas\/2416295\/\" target=\"_blank\" rel=\"noopener noreferrer\">prensa<\/a>\u00a0estadounidense, el caso de Sald\u00edvar ya est\u00e1 bajo el an\u00e1lisis de la Junta de Indultos y Libertad Condicional de Texas, instancia que deber\u00e1 emitir\u00a0<strong>una decisi\u00f3n antes del 30 de marzo<\/strong>\u00a0pr\u00f3ximo, fecha en el que si recibe un fallo favorable deber\u00e1 pagar una fianza para obtener la libertad condicional.<\/p>\n<h3>Sald\u00edvar habr\u00eda cambiado su versi\u00f3n<\/h3>\n<p>Seg\u00fan un reportaje del\u00a0<a href=\"https:\/\/nypost.com\/2025\/03\/14\/us-news\/selena-killer-yolanda-saldivar-set-for-parole-hearing-after-30-years\/\" target=\"_blank\" rel=\"noopener noreferrer\">New York Post<\/a>, que entrevist\u00f3 a un familiar de Sald\u00edvar, la condenada afirma que cuando dispar\u00f3 contra Selena,\u00a0<strong>la cantante la habr\u00eda atacado<\/strong>\u00a0durante la discusi\u00f3n &#8220;con mucha agresividad&#8221;.<\/p>\n<p>&#8220;Estaba muy desconcertada por la contundencia de Selena; todo sucedi\u00f3 tan r\u00e1pido.\u00a0<strong>Si Selena la hubiera confrontado de otra manera, esto nunca habr\u00eda sucedido<\/strong>&#8220;, dijo el familiar de Sald\u00edvar, quien intent\u00f3 sin \u00e9xito cambiar su condena en unas tres ocasiones, al alegar que es una presa pol\u00edtica y que no recibi\u00f3 un juicio justo porque &#8220;la opini\u00f3n p\u00fablica&#8221; la conden\u00f3 incluso antes de que comenzara.<\/p>\n<figure class=\"RTImage-root\">\n<div class=\"RTImage-image RTImage-original\"><picture class=\"Picture-root Picture-original\"><source srcset=\" \nhttps:\/\/mf.b37mrtl.ru\/actualidad\/public_images\/2025.03\/original\/67dc79d0e9ff7104d46974a9.jpg 850w,\n                                    https:\/\/mf.b37mrtl.ru\/actualidad\/public_images\/2025.03\/original\/67dc79d0e9ff7104d46974a9.jpg 1960w,            \" media=\"(-webkit-min-device-pixel-ratio: 2) and (min-resolution: 120dpi)\" sizes=\"912px\" data-srcset=\"\n                                            https:\/\/mf.b37mrtl.ru\/actualidad\/public_images\/2025.03\/original\/67dc79d0e9ff7104d46974a9.jpg 850w,\n                                    https:\/\/mf.b37mrtl.ru\/actualidad\/public_images\/2025.03\/original\/67dc79d0e9ff7104d46974a9.jpg 1960w,            \" \/><source srcset=\" \nhttps:\/\/mf.b37mrtl.ru\/actualidad\/public_images\/2025.03\/original\/67dc79d0e9ff7104d46974a9.jpg 460w,\n                                  https:\/\/mf.b37mrtl.ru\/actualidad\/public_images\/2025.03\/original\/67dc79d0e9ff7104d46974a9.jpg 980w,\n            \" sizes=\"912px\" data-srcset=\"\n                                            https:\/\/mf.b37mrtl.ru\/actualidad\/public_images\/2025.03\/original\/67dc79d0e9ff7104d46974a9.jpg 460w,\n                                  https:\/\/mf.b37mrtl.ru\/actualidad\/public_images\/2025.03\/original\/67dc79d0e9ff7104d46974a9.jpg 980w,\n            \" \/><img loading=\"lazy\" loading=\"lazy\" decoding=\"async\" class=\"Picture-root Picture-original lazyautosizes lazyloaded aligncenter\" src=\"https:\/\/mf.b37mrtl.ru\/actualidad\/public_images\/2025.03\/original\/67dc79d0e9ff7104d46974a9.jpg\" sizes=\"auto, 912px\" alt=\"\" width=\"722\" height=\"481\" data-sizes=\"auto\" data-src=\"https:\/\/mf.b37mrtl.ru\/actualidad\/public_images\/2025.03\/original\/67dc79d0e9ff7104d46974a9.jpg\" \/><\/picture><\/div><figcaption class=\"RTImage-footer\"><span class=\"RTImage-caption\"><span class=\"RTImage-captionItem\">Imagen ilustrativa<\/span><\/span><span class=\"RTImage-source\"><span class=\"RTImage-captionItem\">Emma McIntyre<\/span><span class=\"RTImage-captionItem\">\u00a0\/ Gettyimages.ru<\/span><\/span><\/figcaption><\/figure>\n<p>Sin embargo, en el mismo reportaje, la familia de Sald\u00edvar asegura que la homicida\u00a0<strong>habr\u00eda reconocido que el disparo s\u00ed fue intencional<\/strong>, lo que para algunos expertos legales podr\u00eda funcionar como estrategia de arrepentimiento para influir en la decisi\u00f3n de la Junta de Indultos.<\/p>\n<p>El abogado Marshall Miller, que no est\u00e1 relacionado al caso, explic\u00f3 a\u00a0<a href=\"https:\/\/www.telemundodallas.com\/noticias\/eeuu\/yolanda-saldivar-selena-quintanilla-texas\/2498424\/\" target=\"_blank\" rel=\"noopener noreferrer\">Telemundo<\/a>\u00a0que la libertad condicional de Sald\u00edvar debe seguir una serie de requerimientos estipulados en la ley, entre los que se encuentran la evaluaci\u00f3n de varios documentos, como la carta del solicitante, cartas de familiares de la v\u00edctima, comprobantes de buen comportamiento, adem\u00e1s de verificar\u00a0<strong>el impacto del crimen en la comunidad<\/strong> y la disposici\u00f3n del condenado para reintegrarse a la sociedad.<\/p>\n<p>En ese sentido, el litigante coment\u00f3 que si finalmente se aprueba la libertad condicional, esa medida no ser\u00e1 inmediata, porque deber\u00e1 esperar a que el Departamento de Justicia determine las condiciones y programas que debe completar la procesada antes de salir, un proceso que puede durar\u00a0<strong>de seis meses a un a\u00f1o<\/strong>.<\/p>\n<p>De momento, Sald\u00edvar, originaria de San Antonio, Texas y de ra\u00edces mexicanas, se encontrar\u00eda en una zona de m\u00e1xima seguridad dentro de prisi\u00f3n, debido a que habr\u00eda recibido\u00a0<strong>m\u00faltiples amenazas de muerte<\/strong>\u00a0<strong>tanto dentro como fuera de la c\u00e1rcel<\/strong>.<\/p>\n<p>Fuente RT<\/p>\n<\/div>\n","protected":false},"excerpt":{"rendered":"<p>Yolanda Sald\u00edvar, quien cumple una condena de cadena perpetua por el asesinato de la ic\u00f3nica cantante estadounidense de tex-mex y de ra\u00edces mexicanas Selena Quintanilla, podr\u00eda recibir un beneficio procesal de libertad condicional\u00a0hacia finales de mes, medida a la que la familia de la reconocida artista se opone rotundamente. Aunque el asesinato de la afamada [&hellip;]<\/p>\n","protected":false},"author":1,"featured_media":47021,"comment_status":"open","ping_status":"open","sticky":false,"template":"","format":"standard","meta":{"_bbp_topic_count":0,"_bbp_reply_count":0,"_bbp_total_topic_count":0,"_bbp_total_reply_count":0,"_bbp_voice_count":0,"_bbp_anonymous_reply_count":0,"_bbp_topic_count_hidden":0,"_bbp_reply_count_hidden":0,"_bbp_forum_subforum_count":0,"content-type":"","iawp_total_views":0,"footnotes":""},"categories":[125],"tags":[],"class_list":{"0":"post-47020","1":"post","2":"type-post","3":"status-publish","4":"format-standard","5":"has-post-thumbnail","7":"category-arte-y-espectaculos"},"_links":{"self":[{"href":"https:\/\/influencias.do\/index.php\/wp-json\/wp\/v2\/posts\/47020","targetHints":{"allow":["GET"]}}],"collection":[{"href":"https:\/\/influencias.do\/index.php\/wp-json\/wp\/v2\/posts"}],"about":[{"href":"https:\/\/influencias.do\/index.php\/wp-json\/wp\/v2\/types\/post"}],"author":[{"embeddable":true,"href":"https:\/\/influencias.do\/index.php\/wp-json\/wp\/v2\/users\/1"}],"replies":[{"embeddable":true,"href":"https:\/\/influencias.do\/index.php\/wp-json\/wp\/v2\/comments?post=47020"}],"version-history":[{"count":1,"href":"https:\/\/influencias.do\/index.php\/wp-json\/wp\/v2\/posts\/47020\/revisions"}],"predecessor-version":[{"id":47022,"href":"https:\/\/influencias.do\/index.php\/wp-json\/wp\/v2\/posts\/47020\/revisions\/47022"}],"wp:featuredmedia":[{"embeddable":true,"href":"https:\/\/influencias.do\/index.php\/wp-json\/wp\/v2\/media\/47021"}],"wp:attachment":[{"href":"https:\/\/influencias.do\/index.php\/wp-json\/wp\/v2\/media?parent=47020"}],"wp:term":[{"taxonomy":"category","embeddable":true,"href":"https:\/\/influencias.do\/index.php\/wp-json\/wp\/v2\/categories?post=47020"},{"taxonomy":"post_tag","embeddable":true,"href":"https:\/\/influencias.do\/index.php\/wp-json\/wp\/v2\/tags?post=47020"}],"curies":[{"name":"wp","href":"https:\/\/api.w.org\/{rel}","templated":true}]}}