{"id":46828,"date":"2025-03-18T19:38:37","date_gmt":"2025-03-18T19:38:37","guid":{"rendered":"https:\/\/influencias.do\/?p=46828"},"modified":"2025-03-18T19:38:37","modified_gmt":"2025-03-18T19:38:37","slug":"una-amenaza-silenciosa-pone-en-riesgo-a-dos-paises-latinoamericanos","status":"publish","type":"post","link":"https:\/\/influencias.do\/index.php\/2025\/03\/18\/una-amenaza-silenciosa-pone-en-riesgo-a-dos-paises-latinoamericanos\/","title":{"rendered":"Una amenaza silenciosa pone en riesgo a dos pa\u00edses latinoamericanos"},"content":{"rendered":"<div class=\"ArticleView-title\"><\/div>\n<div class=\"ArticleView-coverWrap\"><\/div>\n<div class=\"Text-root Text-type_5 ArticleView-text ViewText-root \">\n<p>El derrame de crudo ocurrido en la provincia ecuatoriana de Esmeraldas, fronteriza con Colombia, alcanza dimensiones cr\u00edticas, afectando dos r\u00edos y su fauna, con la amenaza latente de que los residuos lleguen hasta su naci\u00f3n vecina,\u00a0informaron\u00a0esta semana medios locales.<\/p>\n<p>La rotura de la tuber\u00eda del Sistema de Oleoducto Transecuatoriano (SOTE), ocurrida el 13 de marzo pasado en el sector El Vergel, se dispers\u00f3 r\u00e1pidamente por los r\u00edos Viche y Esmeraldas, afectando comunidades como Mirador o San Mateo, y a zonas costeras como Camarones, Palestina o Bocana de Ostiones.<\/p>\n<div class=\"EmbedBlock-root EmbedBlock-twitter\">\n<div class=\"TwitterEmbed\">\n<div class=\"twitter-tweet twitter-tweet-rendered\"><iframe id=\"twitter-widget-0\" class=\"\" title=\"X Post\" src=\"https:\/\/platform.twitter.com\/embed\/Tweet.html?dnt=false&amp;embedId=twitter-widget-0&amp;features=eyJ0ZndfdGltZWxpbmVfbGlzdCI6eyJidWNrZXQiOltdLCJ2ZXJzaW9uIjpudWxsfSwidGZ3X2ZvbGxvd2VyX2NvdW50X3N1bnNldCI6eyJidWNrZXQiOnRydWUsInZlcnNpb24iOm51bGx9LCJ0ZndfdHdlZXRfZWRpdF9iYWNrZW5kIjp7ImJ1Y2tldCI6Im9uIiwidmVyc2lvbiI6bnVsbH0sInRmd19yZWZzcmNfc2Vzc2lvbiI6eyJidWNrZXQiOiJvbiIsInZlcnNpb24iOm51bGx9LCJ0ZndfZm9zbnJfc29mdF9pbnRlcnZlbnRpb25zX2VuYWJsZWQiOnsiYnVja2V0Ijoib24iLCJ2ZXJzaW9uIjpudWxsfSwidGZ3X21peGVkX21lZGlhXzE1ODk3Ijp7ImJ1Y2tldCI6InRyZWF0bWVudCIsInZlcnNpb24iOm51bGx9LCJ0ZndfZXhwZXJpbWVudHNfY29va2llX2V4cGlyYXRpb24iOnsiYnVja2V0IjoxMjA5NjAwLCJ2ZXJzaW9uIjpudWxsfSwidGZ3X3Nob3dfYmlyZHdhdGNoX3Bpdm90c19lbmFibGVkIjp7ImJ1Y2tldCI6Im9uIiwidmVyc2lvbiI6bnVsbH0sInRmd19kdXBsaWNhdGVfc2NyaWJlc190b19zZXR0aW5ncyI6eyJidWNrZXQiOiJvbiIsInZlcnNpb24iOm51bGx9LCJ0ZndfdXNlX3Byb2ZpbGVfaW1hZ2Vfc2hhcGVfZW5hYmxlZCI6eyJidWNrZXQiOiJvbiIsInZlcnNpb24iOm51bGx9LCJ0ZndfdmlkZW9faGxzX2R5bmFtaWNfbWFuaWZlc3RzXzE1MDgyIjp7ImJ1Y2tldCI6InRydWVfYml0cmF0ZSIsInZlcnNpb24iOm51bGx9LCJ0ZndfbGVnYWN5X3RpbWVsaW5lX3N1bnNldCI6eyJidWNrZXQiOnRydWUsInZlcnNpb24iOm51bGx9LCJ0ZndfdHdlZXRfZWRpdF9mcm9udGVuZCI6eyJidWNrZXQiOiJvbiIsInZlcnNpb24iOm51bGx9fQ%3D%3D&amp;frame=false&amp;hideCard=false&amp;hideThread=false&amp;id=1901782148840927598&amp;lang=es&amp;maxWidth=560px&amp;origin=https%3A%2F%2Factualidad.rt.com%2Factualidad%2F543402-derrame-petroleo-esmeraldas-riesgo-colombia&amp;sessionId=a7776db14541808842aeb78c604d6049f2de453c&amp;siteScreenName=ActualidadRT&amp;theme=light&amp;widgetsVersion=2615f7e52b7e0%3A1702314776716&amp;width=550px\" frameborder=\"0\" scrolling=\"no\" allowfullscreen=\"allowfullscreen\" data-tweet-id=\"1901782148840927598\" data-mce-fragment=\"1\"><\/iframe><\/div>\n<\/div>\n<\/div>\n<p>Las autoridades recolectan miles de barriles de crudo en piscinas de contenci\u00f3n para evitar que el petr\u00f3leo se extienda a los r\u00edos Caple, Viche y Esmeraldas. Sin embargo,\u00a0<strong>la limpieza tomar\u00e1 meses<\/strong>, ya que ni siquiera calculan la dificultad.<\/p>\n<p>&#8220;La verdad,<strong>\u00a0datos precisos no tenemos<\/strong>&#8220;,\u00a0<a href=\"https:\/\/www.ecuavisa.com\/noticias\/ecuador\/petroecuador-contaminacion-derrame-llegar-colombia-BI8974065\" target=\"_blank\" rel=\"noopener noreferrer\">declar\u00f3<\/a> Maykel Avell\u00e1n, jefe de Riesgo de Quinind\u00e9, el cant\u00f3n donde se produjo el suceso. &#8220;Se habla de que han sacado 200 tanqueros [de combustible] hasta la fecha. S\u00ed es bastante lo que se ha derramado&#8221;, agreg\u00f3.<\/p>\n<p>Adem\u00e1s, las constantes lluvias han complicado las labores de contenci\u00f3n. &#8220;Nos est\u00e1 afectando demasiado porque nosotros vivimos a la orilla del r\u00edo y en las noches el [olor del] petr\u00f3leo\u00a0<strong>no nos deja dormir<\/strong>&#8220;, cont\u00f3 una moradora citada por Ecuavisa.<\/p>\n<p>En ese sentido, el alcalde de Quinind\u00e9, Ronald Montero, inform\u00f3 que alrededor de\u00a0<strong>15.000 personas tienen problemas\u00a0para respirar<\/strong>\u00a0debido a los gases emitidos por el petr\u00f3leo derramado.<\/p>\n<p>Entretanto, el Gobierno de Ecuador\u00a0<a href=\"https:\/\/actualidad.rt.com\/actualidad\/543212-ecuador-emergencia-medioambiental-derrame-crudo\" target=\"_blank\" rel=\"noopener noreferrer\">declar\u00f3<\/a>\u00a0la emergencia medioambiental y ya, tanto el Ministerio del Ambiente, Agua y Transici\u00f3n Ecol\u00f3gica como la Empresa P\u00fablica de Hidrocarburos del Ecuador (m\u00e1s conocida como Petroecuador),\u00a0<a href=\"https:\/\/www.ambiente.gob.ec\/en-esmeraldas-el-maate-gestiona-la-entrega-de-agua-segura-en-beneficio-de-las-familias-afectadas-por-derrame-de-crudo\/\" target=\"_blank\" rel=\"noopener noreferrer\">realizan<\/a>\u00a0las labores correspondientes para completar la &#8220;<strong>contingencia, limpieza y remediaci\u00f3n<\/strong>&#8220;.<\/p>\n<p>Fuente RT<\/p>\n<\/div>\n","protected":false},"excerpt":{"rendered":"<p>El derrame de crudo ocurrido en la provincia ecuatoriana de Esmeraldas, fronteriza con Colombia, alcanza dimensiones cr\u00edticas, afectando dos r\u00edos y su fauna, con la amenaza latente de que los residuos lleguen hasta su naci\u00f3n vecina,\u00a0informaron\u00a0esta semana medios locales. La rotura de la tuber\u00eda del Sistema de Oleoducto Transecuatoriano (SOTE), ocurrida el 13 de marzo [&hellip;]<\/p>\n","protected":false},"author":1,"featured_media":46829,"comment_status":"open","ping_status":"open","sticky":false,"template":"","format":"standard","meta":{"_bbp_topic_count":0,"_bbp_reply_count":0,"_bbp_total_topic_count":0,"_bbp_total_reply_count":0,"_bbp_voice_count":0,"_bbp_anonymous_reply_count":0,"_bbp_topic_count_hidden":0,"_bbp_reply_count_hidden":0,"_bbp_forum_subforum_count":0,"content-type":"","iawp_total_views":0,"footnotes":""},"categories":[109],"tags":[],"class_list":{"0":"post-46828","1":"post","2":"type-post","3":"status-publish","4":"format-standard","5":"has-post-thumbnail","7":"category-internacionales"},"_links":{"self":[{"href":"https:\/\/influencias.do\/index.php\/wp-json\/wp\/v2\/posts\/46828","targetHints":{"allow":["GET"]}}],"collection":[{"href":"https:\/\/influencias.do\/index.php\/wp-json\/wp\/v2\/posts"}],"about":[{"href":"https:\/\/influencias.do\/index.php\/wp-json\/wp\/v2\/types\/post"}],"author":[{"embeddable":true,"href":"https:\/\/influencias.do\/index.php\/wp-json\/wp\/v2\/users\/1"}],"replies":[{"embeddable":true,"href":"https:\/\/influencias.do\/index.php\/wp-json\/wp\/v2\/comments?post=46828"}],"version-history":[{"count":1,"href":"https:\/\/influencias.do\/index.php\/wp-json\/wp\/v2\/posts\/46828\/revisions"}],"predecessor-version":[{"id":46830,"href":"https:\/\/influencias.do\/index.php\/wp-json\/wp\/v2\/posts\/46828\/revisions\/46830"}],"wp:featuredmedia":[{"embeddable":true,"href":"https:\/\/influencias.do\/index.php\/wp-json\/wp\/v2\/media\/46829"}],"wp:attachment":[{"href":"https:\/\/influencias.do\/index.php\/wp-json\/wp\/v2\/media?parent=46828"}],"wp:term":[{"taxonomy":"category","embeddable":true,"href":"https:\/\/influencias.do\/index.php\/wp-json\/wp\/v2\/categories?post=46828"},{"taxonomy":"post_tag","embeddable":true,"href":"https:\/\/influencias.do\/index.php\/wp-json\/wp\/v2\/tags?post=46828"}],"curies":[{"name":"wp","href":"https:\/\/api.w.org\/{rel}","templated":true}]}}