{"id":46043,"date":"2025-03-06T15:25:56","date_gmt":"2025-03-06T15:25:56","guid":{"rendered":"https:\/\/influencias.do\/?p=46043"},"modified":"2025-03-06T15:25:56","modified_gmt":"2025-03-06T15:25:56","slug":"secretaria-general-iberoamericana-implementa-proyecto-presentado-por-rd-sobre-comercio-electronico","status":"publish","type":"post","link":"https:\/\/influencias.do\/index.php\/2025\/03\/06\/secretaria-general-iberoamericana-implementa-proyecto-presentado-por-rd-sobre-comercio-electronico\/","title":{"rendered":"Secretar\u00eda General Iberoamericana implementa proyecto presentado por RD sobre comercio electr\u00f3nico"},"content":{"rendered":"<p class=\"x_MsoNormal\"><span data-olk-copy-source=\"MessageBody\">La Secretar\u00eda General Iberoamericana (SEGIB), con su sede en Espa\u00f1a, ha implementado en su Carta de Principios y Derechos en los Entornos Digitales\u00a0<\/span>(CIPDED) un proyecto presentado por la Rep\u00fablica Dominicana, cuando ocup\u00f3 la presidencia del Foro Iberoamericano de Agencias Gubernamentales de Protecci\u00f3n al Consumidor (FIAGC) en el per\u00edodo 2023-2024.<\/p>\n<p class=\"x_MsoNormal\">As\u00ed lo inform\u00f3 el director ejecutivo del Instituto Nacional de Protecci\u00f3n de los Derechos del Consumidor (Pro Consumidor), Eddy Alc\u00e1ntara, quien manifest\u00f3 que una de las acciones que se vienen implementando ha sido el documento de diagn\u00f3stico elaborado por esta entidad durante su gesti\u00f3n al frente del FIAGC, en el que identifica temas relevantes en la protecci\u00f3n al consumidor en los entornos digitales.<\/p>\n<p class=\"x_MsoNormal\">\u201cEs la primera vez que la SEGIB asume y respalda la iniciativa de los pa\u00edses miembros de ese importante \u00f3rgano regional, acercamiento logrado durante la gesti\u00f3n al frente de esa entidad por la Rep\u00fablica Dominicana a la cabeza del actual titular de Pro Consumidor\u201d, indic\u00f3.<\/p>\n<p class=\"x_MsoNormal\">Destac\u00f3, que entre estos temas tambi\u00e9n se encuentran los derechos de los consumidores en entornos digitales, informaci\u00f3n y publicidad, accesibilidad digital, educaci\u00f3n y concientizaci\u00f3n, privacidad y protecci\u00f3n de los datos personales y contra fraudes y estafas, as\u00ed como la protecci\u00f3n de consumidores vulnerables, atenci\u00f3n de reclamos y resoluci\u00f3n de conflictos.<\/p>\n<p class=\"x_MsoNormal\">Indic\u00f3, adem\u00e1s, que, de este acuerdo, se desprendieron las acciones de Implementaci\u00f3n de la Carta sobre Entornos Digitales, con el objetivo de dise\u00f1ar y efectuar pol\u00edticas p\u00fablicas efectivas en la protecci\u00f3n de los derechos de los consumidores y estructurar un marco de referencia regional que favorezca el desarrollo m\u00e1s actualizado de marcos normativos en materia de transformaci\u00f3n digital.<\/p>\n<p class=\"x_MsoNormal\">La Carta de Principios abarcan las l\u00edneas directrices\u00a0como la protecci\u00f3n de los derechos de los consumidores\u00a0en los entornos digitales, la vulnerabilidad estructural de los consumidores, el derecho a la informaci\u00f3n sobre los bienes y servicios que adquieran a trav\u00e9s de medios digitales, la cual debe ser que sea veraz, clara, suficiente, oportuna y en un idioma que puedan comprender.<\/p>\n<p class=\"x_MsoNormal\">Mientras, que los proveedores deben poner a disposici\u00f3n de los consumidores y de los gobiernos toda la informaci\u00f3n referida a qui\u00e9nes son, cu\u00e1l es su domicilio, as\u00ed como cualquier otro dato que permita que puedan ser identificados en todo momento.<\/p>\n<p class=\"x_MsoNormal\">A la vez, que la publicidad digital y anal\u00f3gica que se dirija a los consumidores sobre los bienes y servicios en entornos digitales debe ser veraz, no debe ser falsa ni abusiva ni aprovecharse de la vulnerabilidad de los consumidores y que los datos personales de los consumidores no pueden ser utilizados para generar publicidad personalizada, a menos que el consumidor lo haya aceptado expresamente y de manera fehaciente, deben desarrollarse e implementarse regulaciones que eviten la existencia de patrones oscuros, entre otras directrices.<\/p>\n<p class=\"x_MsoNormal\"><b>CIPDED<\/b><\/p>\n<p class=\"x_MsoNormal\">La implementaci\u00f3n de la CIPDED es un esfuerzo de los 22 pa\u00edses de la regi\u00f3n, junto con la SEGIB, por poner en marcha los compromisos asumidos en miras de lograr sociedades digitales inclusivas, justas, seguras, resilientes y sostenibles.<\/p>\n<p class=\"x_MsoNormal\">Este es un instrumento \u00fatil y de impacto en la vida de las personas, que busca crear un espacio a la vanguardia del proceso de transformaci\u00f3n digital, con una fuerte convicci\u00f3n en el impulso de la innovaci\u00f3n y el emprendimiento.<\/p>\n","protected":false},"excerpt":{"rendered":"<p>La Secretar\u00eda General Iberoamericana (SEGIB), con su sede en Espa\u00f1a, ha implementado en su Carta de Principios y Derechos en los Entornos Digitales\u00a0(CIPDED) un proyecto presentado por la Rep\u00fablica Dominicana, cuando ocup\u00f3 la presidencia del Foro Iberoamericano de Agencias Gubernamentales de Protecci\u00f3n al Consumidor (FIAGC) en el per\u00edodo 2023-2024. As\u00ed lo inform\u00f3 el director ejecutivo [&hellip;]<\/p>\n","protected":false},"author":1,"featured_media":46044,"comment_status":"open","ping_status":"open","sticky":false,"template":"","format":"standard","meta":{"_bbp_topic_count":0,"_bbp_reply_count":0,"_bbp_total_topic_count":0,"_bbp_total_reply_count":0,"_bbp_voice_count":0,"_bbp_anonymous_reply_count":0,"_bbp_topic_count_hidden":0,"_bbp_reply_count_hidden":0,"_bbp_forum_subforum_count":0,"content-type":"","iawp_total_views":0,"footnotes":""},"categories":[107],"tags":[],"class_list":{"0":"post-46043","1":"post","2":"type-post","3":"status-publish","4":"format-standard","5":"has-post-thumbnail","7":"category-economia"},"_links":{"self":[{"href":"https:\/\/influencias.do\/index.php\/wp-json\/wp\/v2\/posts\/46043","targetHints":{"allow":["GET"]}}],"collection":[{"href":"https:\/\/influencias.do\/index.php\/wp-json\/wp\/v2\/posts"}],"about":[{"href":"https:\/\/influencias.do\/index.php\/wp-json\/wp\/v2\/types\/post"}],"author":[{"embeddable":true,"href":"https:\/\/influencias.do\/index.php\/wp-json\/wp\/v2\/users\/1"}],"replies":[{"embeddable":true,"href":"https:\/\/influencias.do\/index.php\/wp-json\/wp\/v2\/comments?post=46043"}],"version-history":[{"count":1,"href":"https:\/\/influencias.do\/index.php\/wp-json\/wp\/v2\/posts\/46043\/revisions"}],"predecessor-version":[{"id":46045,"href":"https:\/\/influencias.do\/index.php\/wp-json\/wp\/v2\/posts\/46043\/revisions\/46045"}],"wp:featuredmedia":[{"embeddable":true,"href":"https:\/\/influencias.do\/index.php\/wp-json\/wp\/v2\/media\/46044"}],"wp:attachment":[{"href":"https:\/\/influencias.do\/index.php\/wp-json\/wp\/v2\/media?parent=46043"}],"wp:term":[{"taxonomy":"category","embeddable":true,"href":"https:\/\/influencias.do\/index.php\/wp-json\/wp\/v2\/categories?post=46043"},{"taxonomy":"post_tag","embeddable":true,"href":"https:\/\/influencias.do\/index.php\/wp-json\/wp\/v2\/tags?post=46043"}],"curies":[{"name":"wp","href":"https:\/\/api.w.org\/{rel}","templated":true}]}}