{"id":46040,"date":"2025-03-06T14:28:49","date_gmt":"2025-03-06T14:28:49","guid":{"rendered":"https:\/\/influencias.do\/?p=46040"},"modified":"2025-03-06T14:28:49","modified_gmt":"2025-03-06T14:28:49","slug":"cartel-jalisco-nueva-generacion-desata-caos-en-michoacan","status":"publish","type":"post","link":"https:\/\/influencias.do\/index.php\/2025\/03\/06\/cartel-jalisco-nueva-generacion-desata-caos-en-michoacan\/","title":{"rendered":"C\u00e1rtel Jalisco Nueva Generaci\u00f3n desata caos en Michoac\u00e1n"},"content":{"rendered":"<p>La tarde del mi\u00e9rcoles se registr\u00f3 un enfrentamiento entre miembros de la Guardia Civil de M\u00e9xico y delincuentes armados en la localidad de P\u00e1tzcuaro (Michoac\u00e1n), que\u00a0<strong>dej\u00f3 un saldo de un presunto criminal sin vida y otro m\u00e1s detenido<\/strong>,\u00a0informa\u00a0Diario ABC de Michoac\u00e1n.<\/p>\n<p>Las autoridades recibieron un reporte de ciudadanos sobre individuos armados a bordo de un Volkswagen y efectuaron una b\u00fasqueda y localizaron el veh\u00edculo, pero los presuntos delincuentes intentaron escapar. Tras una persecuci\u00f3n, los sospechosos dejaron su coche y abrieron el fuego contra los polic\u00edas. Los agentes lograron abatir a uno de los agresores y capturar a otro.<\/p>\n<blockquote class=\"twitter-tweet\">\n<p dir=\"ltr\" lang=\"es\"><a href=\"https:\/\/twitter.com\/hashtag\/VIDEO?src=hash&amp;ref_src=twsrc%5Etfw\">#VIDEO<\/a> | La noche de este mi\u00e9rcoles, sujetos armados protagonizaron balaceras y quema de veh\u00edculos sobre la carretera P\u00e1tzcuaro-Erongar\u00edcuaro y en la carretera Sevina-Pich\u00e1taro.\ud83d\udea8 <a href=\"https:\/\/t.co\/aSwtmoztca\">pic.twitter.com\/aSwtmoztca<\/a><\/p>\n<p>\u2014 Quadrat\u00edn Michoac\u00e1n (@Quadratin_) <a href=\"https:\/\/twitter.com\/Quadratin_\/status\/1897474599916323295?ref_src=twsrc%5Etfw\">March 6, 2025<\/a><\/p><\/blockquote>\n<p><script async src=\"https:\/\/platform.twitter.com\/widgets.js\" charset=\"utf-8\"><\/script><\/p>\n<p>&#8220;En la zona, la autoridad correspondiente ya realiza las diligencias de ley y mantenemos labores de vigilancia para preservar el orden&#8221;, comunic\u00f3 la Secretar\u00eda de Seguridad P\u00fablica de Michoac\u00e1n.<\/p>\n<p>Asimismo, posteriormente, se registr\u00f3 otro enfrentamiento armado entre la Guardia Nacional y delincuentes en la autopista de Occidente. All\u00ed, sujetos armados protagonizaron balaceras y quema de veh\u00edculos sobre la carretera P\u00e1tzcuaro-Erongar\u00edcuaro y en la carretera Sevina-Pich\u00e1taro,\u00a0reporta Quadrat\u00edn Michoac\u00e1n.<\/p>\n<p>El blanco del ataque a balazos fue el coordinador estatal de la Guardia Nacional Divisi\u00f3n Caminos. Dos de sus escoltas resultaron heridos. Despu\u00e9s, los criminales incendiaron autos en la autopista.<\/p>\n<p>Los veh\u00edculos afectados fueron principalmente camiones.\u00a0<strong>Presuntamente, los delincuentes ser\u00edan integrantes del C\u00e1rtel Jalisco Nueva Generaci\u00f3n<\/strong>\u00a0(CJNG), seg\u00fan\u00a0informa\u00a0la periodista Azucena Uresti, citada por Radio F\u00f3rmula.<\/p>\n<p>Hasta el momento no se ha dado a conocer de forma oficial el saldo de este\u00a0ataque.<\/p>\n<blockquote class=\"twitter-tweet\">\n<p dir=\"ltr\" lang=\"es\">Derivado de una agresi\u00f3n de civiles armados a elementos de la <a href=\"https:\/\/twitter.com\/GN_MEXICO_?ref_src=twsrc%5Etfw\">@GN_MEXICO_<\/a> en la autopista de Occidente, a la altura del km 344 se mantiene un intenso despliegue por parte de la <a href=\"https:\/\/twitter.com\/GC_Michoacan?ref_src=twsrc%5Etfw\">@GC_Michoacan<\/a>, el <a href=\"https:\/\/twitter.com\/hashtag\/Ej%C3%A9rcitoMexicano?src=hash&amp;ref_src=twsrc%5Etfw\">#Ej\u00e9rcitoMexicano<\/a> y Polic\u00edas Municipales para garantizar la seguridad de la poblaci\u00f3n <a href=\"https:\/\/t.co\/EjUBDw9ZEE\">pic.twitter.com\/EjUBDw9ZEE<\/a><\/p>\n<p>\u2014 SSP MICHOAC\u00c1N (@SSeguridad_Mich) <a href=\"https:\/\/twitter.com\/SSeguridad_Mich\/status\/1897461673147162778?ref_src=twsrc%5Etfw\">March 6, 2025<\/a><\/p><\/blockquote>\n<p><script async src=\"https:\/\/platform.twitter.com\/widgets.js\" charset=\"utf-8\"><\/script><\/p>\n<p>Fuente: RT<\/p>\n<p>&nbsp;<\/p>\n<div class=\"EmbedBlock-root EmbedBlock-twitter\">\n<div class=\"TwitterEmbed\">\n<div class=\"twitter-tweet twitter-tweet-rendered\"><\/div>\n<\/div>\n<\/div>\n","protected":false},"excerpt":{"rendered":"<p>La tarde del mi\u00e9rcoles se registr\u00f3 un enfrentamiento entre miembros de la Guardia Civil de M\u00e9xico y delincuentes armados en la localidad de P\u00e1tzcuaro (Michoac\u00e1n), que\u00a0dej\u00f3 un saldo de un presunto criminal sin vida y otro m\u00e1s detenido,\u00a0informa\u00a0Diario ABC de Michoac\u00e1n. Las autoridades recibieron un reporte de ciudadanos sobre individuos armados a bordo de un [&hellip;]<\/p>\n","protected":false},"author":1,"featured_media":46041,"comment_status":"open","ping_status":"open","sticky":false,"template":"","format":"standard","meta":{"_bbp_topic_count":0,"_bbp_reply_count":0,"_bbp_total_topic_count":0,"_bbp_total_reply_count":0,"_bbp_voice_count":0,"_bbp_anonymous_reply_count":0,"_bbp_topic_count_hidden":0,"_bbp_reply_count_hidden":0,"_bbp_forum_subforum_count":0,"content-type":"","iawp_total_views":0,"footnotes":""},"categories":[109],"tags":[4339,4340],"class_list":{"0":"post-46040","1":"post","2":"type-post","3":"status-publish","4":"format-standard","5":"has-post-thumbnail","7":"category-internacionales","8":"tag-cartel-jalisco-nueva-generacion","9":"tag-michoacan"},"_links":{"self":[{"href":"https:\/\/influencias.do\/index.php\/wp-json\/wp\/v2\/posts\/46040","targetHints":{"allow":["GET"]}}],"collection":[{"href":"https:\/\/influencias.do\/index.php\/wp-json\/wp\/v2\/posts"}],"about":[{"href":"https:\/\/influencias.do\/index.php\/wp-json\/wp\/v2\/types\/post"}],"author":[{"embeddable":true,"href":"https:\/\/influencias.do\/index.php\/wp-json\/wp\/v2\/users\/1"}],"replies":[{"embeddable":true,"href":"https:\/\/influencias.do\/index.php\/wp-json\/wp\/v2\/comments?post=46040"}],"version-history":[{"count":1,"href":"https:\/\/influencias.do\/index.php\/wp-json\/wp\/v2\/posts\/46040\/revisions"}],"predecessor-version":[{"id":46042,"href":"https:\/\/influencias.do\/index.php\/wp-json\/wp\/v2\/posts\/46040\/revisions\/46042"}],"wp:featuredmedia":[{"embeddable":true,"href":"https:\/\/influencias.do\/index.php\/wp-json\/wp\/v2\/media\/46041"}],"wp:attachment":[{"href":"https:\/\/influencias.do\/index.php\/wp-json\/wp\/v2\/media?parent=46040"}],"wp:term":[{"taxonomy":"category","embeddable":true,"href":"https:\/\/influencias.do\/index.php\/wp-json\/wp\/v2\/categories?post=46040"},{"taxonomy":"post_tag","embeddable":true,"href":"https:\/\/influencias.do\/index.php\/wp-json\/wp\/v2\/tags?post=46040"}],"curies":[{"name":"wp","href":"https:\/\/api.w.org\/{rel}","templated":true}]}}