{"id":46033,"date":"2025-03-06T13:43:16","date_gmt":"2025-03-06T13:43:16","guid":{"rendered":"https:\/\/influencias.do\/?p=46033"},"modified":"2025-03-06T13:44:42","modified_gmt":"2025-03-06T13:44:42","slug":"el-kremlin-reacciona-al-discurso-belico-de-macron","status":"publish","type":"post","link":"https:\/\/influencias.do\/index.php\/2025\/03\/06\/el-kremlin-reacciona-al-discurso-belico-de-macron\/","title":{"rendered":"El Kremlin reacciona al discurso b\u00e9lico de Macron"},"content":{"rendered":"\r\n<p>Las declaraciones del mi\u00e9rcoles del presidente de Francia, Emmanuel Macron, permiten concluir que Par\u00eds &#8220;busca una continuaci\u00f3n de la guerra&#8221;, asegur\u00f3 este jueves el portavoz del Kremlin, Dmitri Peskov.<\/p>\r\n\r\n\r\n\r\n<p>Al comentar el discurso del mandatario galo, el vocero lo tach\u00f3 de\u00a0&#8220;extremadamente confrontacional&#8221;. &#8220;Apenas se puede percibirlo como el discurso de un jefe de Estado que piensa en la paz. M\u00e1s bien, de lo dicho, se puede concluir que Francia piensa m\u00e1s en la guerra, en la continuaci\u00f3n de la guerra&#8221;, se\u00f1al\u00f3.<\/p>\r\n\r\n\r\n\r\n<p>&#8220;La sensaci\u00f3n es que Francia realmente busca una continuaci\u00f3n de la guerra. Adem\u00e1s, Francia ya est\u00e1 dispuesta a utilizar sus armas nucleares por motivos de seguridad y as\u00ed sucesivamente. Esto ya es una ret\u00f3rica nuclear, una reclamaci\u00f3n de liderazgo nuclear en Europa, lo que es muy, muy confrontacional&#8221;, precis\u00f3.<\/p>\r\n\r\n\r\n\r\n<h3 class=\"wp-block-heading\">&#8220;Muchas inexactitudes&#8221; en el discurso de Macron<\/h3>\r\n\r\n\r\n\r\n<p>Al mismo tiempo, Peskov indic\u00f3 que en las declaraciones de Macron &#8220;hubo muchas inexactitudes, diplom\u00e1ticamente hablando&#8221;. As\u00ed, el l\u00edder franc\u00e9s posicion\u00f3 a Rusia como &#8220;casi un enemigo, un adversario&#8221; de Par\u00eds, pero &#8220;nada se dice sobre c\u00f3mo\u00a0la infraestructura militar de la OTAN constantemente se ha acercado furtivamente, e incluso marchado a pasos agigantados hacia las fronteras de Rusia&#8221;. &#8220;Y el se\u00f1or presidente no mencion\u00f3 las leg\u00edtimas preocupaciones y temores de Rusia a este respecto. Y la necesidad de que Rusia tome medidas de respuesta&#8221;, agreg\u00f3.<\/p>\r\n\r\n\r\n\r\n<p>El portavoz presidencial declar\u00f3 que Macron acus\u00f3 a Mosc\u00fa de violar los acuerdos de Minsk, que pretend\u00edan poner fin al conflicto armado interno en Ucrania, mientras que no mencion\u00f3 que el expresidente de Francia, Fran\u00e7ois Hollande, hab\u00eda admitido que nadie planeaba cumplir los pactos firmados para permitir que Kiev se armara.<\/p>\r\n\r\n\r\n\r\n<p>Macron,\u00a0anunci\u00f3\u00a0este mi\u00e9rcoles que planea &#8220;abrir un debate estrat\u00e9gico&#8221; sobre\u00a0la protecci\u00f3n de Europa con armas nucleares francesas<\/p>\r\n\r\n\r\n\r\n<p>Adem\u00e1s,\u00a0no descart\u00f3\u00a0desplegar fuerzas europeas en Ucrania &#8220;una vez firmada la paz&#8221;<\/p>\r\n\r\n\r\n\r\n<p>El l\u00edder franc\u00e9s\u00a0se opuso a un alto el fuego\u00a0que sea &#8220;demasiado fr\u00e1gil&#8221; en Ucrania, indicando que la paz &#8220;no puede construirse a cualquier precio y bajo el dictado ruso, y no puede ser la capitulaci\u00f3n&#8221; de Kiev.<\/p>\r\n\r\n\r\n\r\n<p>Fuente: RT<\/p>\r\n","protected":false},"excerpt":{"rendered":"<p>Las declaraciones del mi\u00e9rcoles del presidente de Francia, Emmanuel Macron, permiten concluir que Par\u00eds &#8220;busca una continuaci\u00f3n de la guerra&#8221;, asegur\u00f3 este jueves el portavoz del Kremlin, Dmitri Peskov. Al comentar el discurso del mandatario galo, el vocero lo tach\u00f3 de\u00a0&#8220;extremadamente confrontacional&#8221;. &#8220;Apenas se puede percibirlo como el discurso de un jefe de Estado que [&hellip;]<\/p>\n","protected":false},"author":1,"featured_media":46034,"comment_status":"open","ping_status":"open","sticky":false,"template":"","format":"standard","meta":{"_bbp_topic_count":0,"_bbp_reply_count":0,"_bbp_total_topic_count":0,"_bbp_total_reply_count":0,"_bbp_voice_count":0,"_bbp_anonymous_reply_count":0,"_bbp_topic_count_hidden":0,"_bbp_reply_count_hidden":0,"_bbp_forum_subforum_count":0,"content-type":"","iawp_total_views":0,"footnotes":""},"categories":[109,108],"tags":[1349,2301,2176],"class_list":{"0":"post-46033","1":"post","2":"type-post","3":"status-publish","4":"format-standard","5":"has-post-thumbnail","7":"category-internacionales","8":"category-mas-vistas","9":"tag-francia","10":"tag-kremlin","11":"tag-macron"},"_links":{"self":[{"href":"https:\/\/influencias.do\/index.php\/wp-json\/wp\/v2\/posts\/46033","targetHints":{"allow":["GET"]}}],"collection":[{"href":"https:\/\/influencias.do\/index.php\/wp-json\/wp\/v2\/posts"}],"about":[{"href":"https:\/\/influencias.do\/index.php\/wp-json\/wp\/v2\/types\/post"}],"author":[{"embeddable":true,"href":"https:\/\/influencias.do\/index.php\/wp-json\/wp\/v2\/users\/1"}],"replies":[{"embeddable":true,"href":"https:\/\/influencias.do\/index.php\/wp-json\/wp\/v2\/comments?post=46033"}],"version-history":[{"count":2,"href":"https:\/\/influencias.do\/index.php\/wp-json\/wp\/v2\/posts\/46033\/revisions"}],"predecessor-version":[{"id":46036,"href":"https:\/\/influencias.do\/index.php\/wp-json\/wp\/v2\/posts\/46033\/revisions\/46036"}],"wp:featuredmedia":[{"embeddable":true,"href":"https:\/\/influencias.do\/index.php\/wp-json\/wp\/v2\/media\/46034"}],"wp:attachment":[{"href":"https:\/\/influencias.do\/index.php\/wp-json\/wp\/v2\/media?parent=46033"}],"wp:term":[{"taxonomy":"category","embeddable":true,"href":"https:\/\/influencias.do\/index.php\/wp-json\/wp\/v2\/categories?post=46033"},{"taxonomy":"post_tag","embeddable":true,"href":"https:\/\/influencias.do\/index.php\/wp-json\/wp\/v2\/tags?post=46033"}],"curies":[{"name":"wp","href":"https:\/\/api.w.org\/{rel}","templated":true}]}}