{"id":46024,"date":"2025-03-06T12:05:00","date_gmt":"2025-03-06T12:05:00","guid":{"rendered":"https:\/\/influencias.do\/?p=46024"},"modified":"2025-03-06T12:30:47","modified_gmt":"2025-03-06T12:30:47","slug":"obras-publicas-cerrara-el-puente-sobre-el-rio-camu-en-la-vega-por-trabajos-de-reparacion","status":"publish","type":"post","link":"https:\/\/influencias.do\/index.php\/2025\/03\/06\/obras-publicas-cerrara-el-puente-sobre-el-rio-camu-en-la-vega-por-trabajos-de-reparacion\/","title":{"rendered":"Obras P\u00fablicas cerrar\u00e1 el puente sobre el r\u00edo Cam\u00fa en La Vega por trabajos de reparaci\u00f3n"},"content":{"rendered":"<p class=\"s12\">\n<p class=\"s12\"><span class=\"s15\"><span class=\"bumpedFont15\">El Ministerio de Obras Publicas y Comunicaciones <\/span><\/span><span class=\"s15\"><span class=\"bumpedFont15\">anuncia el cierre del puente sobre el rio <\/span><\/span><span class=\"s16\"><span class=\"bumpedFont15\">Cam\u00fa<\/span><\/span> <span class=\"s15\"><span class=\"bumpedFont15\">en provincia La Vega <\/span><\/span><span class=\"s15\"><span class=\"bumpedFont15\">en sentido Sur-<\/span><\/span><span class=\"s15\"><span class=\"bumpedFont15\">Norte (Santo<\/span><\/span><span class=\"s15\"><span class=\"bumpedFont15\"> Domingo\u2013<\/span><\/span><span class=\"s15\"><span class=\"bumpedFont15\">Santiago<\/span><\/span><span class=\"s15\"><span class=\"bumpedFont15\">), s<\/span><\/span><span class=\"s15\"><span class=\"bumpedFont15\">e conducir\u00e1 por <\/span><\/span><span class=\"s15\"><span class=\"bumpedFont15\">las avenidas<\/span><\/span><span class=\"s15\"><span class=\"bumpedFont15\"> Rivas, <\/span><\/span><span class=\"s15\"><span class=\"bumpedFont15\">y <\/span><\/span><span class=\"s15\"><span class=\"bumpedFont15\">Pedro A. Riv<\/span><\/span><span class=\"s15\"><span class=\"bumpedFont15\">era para tomar la carretera profesor<\/span><\/span><span class=\"s15\"><span class=\"bumpedFont15\">. Juan Bosch o carretera a Moca y posteriormente regresar a la autopista Duarte.<\/span><\/span><\/p>\n<p class=\"s17\"><span class=\"s15\"><span class=\"bumpedFont15\">En sentido Norte-<\/span><\/span><span class=\"s15\"><span class=\"bumpedFont15\">Sur, (Santiago \u2013 Santo Domingo,) estar\u00e1 funcionando con normalidad.<\/span><\/span><\/p>\n<p class=\"s17\"><span class=\"s15\"><span class=\"bumpedFont15\">Todos los usuarios tambi\u00e9n \u00a0podr\u00e1n recorrer por v\u00edas alternas, como es la misma av. Pedro A. Rivera, desde su inicio en la autopista Duarte y la av. Federico Basilis o entrada a \u00a0Jarabacoa. \u00a0<\/span><\/span><\/p>\n<p class=\"s17\"><span class=\"s15\"><span class=\"bumpedFont15\">Sabemos que estos<\/span><\/span> <span class=\"s15\"><span class=\"bumpedFont15\">trabajos<\/span><\/span><span class=\"s15\"><span class=\"bumpedFont15\"> puede<\/span><\/span><span class=\"s15\"><span class=\"bumpedFont15\">n<\/span><\/span><span class=\"s15\"><span class=\"bumpedFont15\"> traer algunas molestias, pero muy pronto disfrutar\u00e1n de<\/span><\/span><span class=\"s15\"><span class=\"bumpedFont15\"> un puente m\u00e1s seguro y moderno, g<\/span><\/span><span class=\"s15\"><span class=\"bumpedFont15\">racias por su paciencia y comprensi\u00f3n mientras construimos una mejor v\u00eda para todos.<\/span><\/span><\/p>\n","protected":false},"excerpt":{"rendered":"<p>El Ministerio de Obras Publicas y Comunicaciones anuncia el cierre del puente sobre el rio Cam\u00fa en provincia La Vega en sentido Sur-Norte (Santo Domingo\u2013Santiago), se conducir\u00e1 por las avenidas Rivas, y Pedro A. Rivera para tomar la carretera profesor. Juan Bosch o carretera a Moca y posteriormente regresar a la autopista Duarte. En sentido [&hellip;]<\/p>\n","protected":false},"author":1,"featured_media":46025,"comment_status":"open","ping_status":"open","sticky":false,"template":"","format":"standard","meta":{"_bbp_topic_count":0,"_bbp_reply_count":0,"_bbp_total_topic_count":0,"_bbp_total_reply_count":0,"_bbp_voice_count":0,"_bbp_anonymous_reply_count":0,"_bbp_topic_count_hidden":0,"_bbp_reply_count_hidden":0,"_bbp_forum_subforum_count":0,"content-type":"","iawp_total_views":0,"footnotes":""},"categories":[105],"tags":[],"class_list":{"0":"post-46024","1":"post","2":"type-post","3":"status-publish","4":"format-standard","5":"has-post-thumbnail","7":"category-nacionales"},"_links":{"self":[{"href":"https:\/\/influencias.do\/index.php\/wp-json\/wp\/v2\/posts\/46024","targetHints":{"allow":["GET"]}}],"collection":[{"href":"https:\/\/influencias.do\/index.php\/wp-json\/wp\/v2\/posts"}],"about":[{"href":"https:\/\/influencias.do\/index.php\/wp-json\/wp\/v2\/types\/post"}],"author":[{"embeddable":true,"href":"https:\/\/influencias.do\/index.php\/wp-json\/wp\/v2\/users\/1"}],"replies":[{"embeddable":true,"href":"https:\/\/influencias.do\/index.php\/wp-json\/wp\/v2\/comments?post=46024"}],"version-history":[{"count":1,"href":"https:\/\/influencias.do\/index.php\/wp-json\/wp\/v2\/posts\/46024\/revisions"}],"predecessor-version":[{"id":46026,"href":"https:\/\/influencias.do\/index.php\/wp-json\/wp\/v2\/posts\/46024\/revisions\/46026"}],"wp:featuredmedia":[{"embeddable":true,"href":"https:\/\/influencias.do\/index.php\/wp-json\/wp\/v2\/media\/46025"}],"wp:attachment":[{"href":"https:\/\/influencias.do\/index.php\/wp-json\/wp\/v2\/media?parent=46024"}],"wp:term":[{"taxonomy":"category","embeddable":true,"href":"https:\/\/influencias.do\/index.php\/wp-json\/wp\/v2\/categories?post=46024"},{"taxonomy":"post_tag","embeddable":true,"href":"https:\/\/influencias.do\/index.php\/wp-json\/wp\/v2\/tags?post=46024"}],"curies":[{"name":"wp","href":"https:\/\/api.w.org\/{rel}","templated":true}]}}