{"id":46017,"date":"2025-03-06T12:21:01","date_gmt":"2025-03-06T12:21:01","guid":{"rendered":"https:\/\/influencias.do\/?p=46017"},"modified":"2025-03-06T12:44:44","modified_gmt":"2025-03-06T12:44:44","slug":"bagricola-y-ministerio-de-la-juventud-anuncian-rd40-millones-en-becas-para-campesinos-jovenes","status":"publish","type":"post","link":"https:\/\/influencias.do\/index.php\/2025\/03\/06\/bagricola-y-ministerio-de-la-juventud-anuncian-rd40-millones-en-becas-para-campesinos-jovenes\/","title":{"rendered":"Bagr\u00edcola y Ministerio de la Juventud anuncian RD$40 millones en becas para campesinos j\u00f3venes"},"content":{"rendered":"<div data-originalfontsize=\"12pt\" data-originalcomputedfontsize=\"16\"><strong>SANTO DOMINGO.<\/strong> -El Banco Agr\u00edcola (Bagr\u00edcola) y el Ministerio de la Juventud anunciaron\u00a0 que invertir\u00e1n RD$40 millones en becas, nacionales y extranjeras, para campesinos con edades entre 18 y 35 a\u00f1os, con el inter\u00e9s de formar profesionales de alto nivel en las diferentes \u00e1reas cient\u00edficas de la agropecuaria y garantizar el relevo generacional entre los productores de alimentos.<\/div>\n<div data-originalfontsize=\"12pt\" data-originalcomputedfontsize=\"16\"><\/div>\n<div data-originalfontsize=\"12pt\" data-originalcomputedfontsize=\"16\">Otros RD$10 millones ser\u00e1n destinados a un programa de intercambio que enviar\u00e1 a profesionales dominicanos a otras naciones a aprender nuevas t\u00e9cnicas de producci\u00f3n agr\u00edcola y pecuaria.<\/div>\n<div data-originalfontsize=\"12pt\" data-originalcomputedfontsize=\"16\">Fernando Dur\u00e1n, administrador del Bagr\u00edcola y Carlos Valdez Matos, ministro de la Juventud, firmaron un convenio contentivo de las medidas.<\/div>\n<div data-originalfontsize=\"12pt\" data-originalcomputedfontsize=\"16\"><\/div>\n<div data-originalfontsize=\"12pt\" data-originalcomputedfontsize=\"16\">Afirmaron que esas iniciativas reforzar\u00e1n los objetivos del programa Campo Joven, que implementan ambas instituciones gubernamentales, con una cartera de cr\u00e9ditos agr\u00edcolas RD$200 millones a tasa cero.<\/div>\n<div data-originalfontsize=\"12pt\" data-originalcomputedfontsize=\"16\"><\/div>\n<div data-originalfontsize=\"12pt\" data-originalcomputedfontsize=\"16\">Fernando Dur\u00e1n dijo que es inter\u00e9s del Gobierno incentivar la producci\u00f3n entre los j\u00f3venes campesinos y las \u00e1reas relacionadas con la pesca, la ganader\u00eda, el pastoreo y la acuicultura.<\/div>\n<div data-originalfontsize=\"12pt\" data-originalcomputedfontsize=\"16\"><\/div>\n<div data-originalfontsize=\"12pt\" data-originalcomputedfontsize=\"16\">Record\u00f3 que el programa Campo Joven naci\u00f3 como respuesta a un estudio del Fondo Integral del Desarrollo Agr\u00edcola (FIDA), que indica que el 50% de los agricultores del pa\u00eds tienen edades superiores a los 55 a\u00f1os.<\/div>\n<div data-originalfontsize=\"12pt\" data-originalcomputedfontsize=\"16\"><\/div>\n<div data-originalfontsize=\"12pt\" data-originalcomputedfontsize=\"16\">\u201cEl sector de la agricultura est\u00e1 en decadencia\u201d, expres\u00f3 Dur\u00e1n durante la firma del acuerdo, presenciada por funcionarios del Bagr\u00edcola y del Ministerio de la Juventud, entre los que se destaca el subadministrador del Bagr\u00edcola, Juan Rosario y el coordinador de Campo Joven, Steven Baldera.<\/div>\n<div data-originalfontsize=\"12pt\" data-originalcomputedfontsize=\"16\"><\/div>\n<div data-originalfontsize=\"12pt\" data-originalcomputedfontsize=\"16\">\u201cEstamos trabajando para el debido relevo generacional en esta \u00e1rea vital para garantizar la suficiencia alimentaria que necesita el pa\u00eds para seguir el camino hacia el desarrollo econ\u00f3mico y social\u201d, expres\u00f3 Dur\u00e1n.<\/div>\n<div data-originalfontsize=\"12pt\" data-originalcomputedfontsize=\"16\">\u201cEl sector agropecuario nacional es vital para asegurar la alimentaci\u00f3n del pueblo dominicano y el bienestar de la poblaci\u00f3n rural, la generaci\u00f3n de empleos y divisas\u201d, precis\u00f3.<\/div>\n<div data-originalfontsize=\"12pt\" data-originalcomputedfontsize=\"16\"><\/div>\n<div data-originalfontsize=\"12pt\" data-originalcomputedfontsize=\"16\">De su lado, el ministro de la Juventud agradeci\u00f3 al Bagr\u00edcola el apoyo financiero a los j\u00f3venes campesinos.<\/div>\n","protected":false},"excerpt":{"rendered":"<p>SANTO DOMINGO. -El Banco Agr\u00edcola (Bagr\u00edcola) y el Ministerio de la Juventud anunciaron\u00a0 que invertir\u00e1n RD$40 millones en becas, nacionales y extranjeras, para campesinos con edades entre 18 y 35 a\u00f1os, con el inter\u00e9s de formar profesionales de alto nivel en las diferentes \u00e1reas cient\u00edficas de la agropecuaria y garantizar el relevo generacional entre los [&hellip;]<\/p>\n","protected":false},"author":1,"featured_media":46019,"comment_status":"open","ping_status":"open","sticky":false,"template":"","format":"standard","meta":{"_bbp_topic_count":0,"_bbp_reply_count":0,"_bbp_total_topic_count":0,"_bbp_total_reply_count":0,"_bbp_voice_count":0,"_bbp_anonymous_reply_count":0,"_bbp_topic_count_hidden":0,"_bbp_reply_count_hidden":0,"_bbp_forum_subforum_count":0,"content-type":"","iawp_total_views":0,"footnotes":""},"categories":[105],"tags":[],"class_list":{"0":"post-46017","1":"post","2":"type-post","3":"status-publish","4":"format-standard","5":"has-post-thumbnail","7":"category-nacionales"},"_links":{"self":[{"href":"https:\/\/influencias.do\/index.php\/wp-json\/wp\/v2\/posts\/46017","targetHints":{"allow":["GET"]}}],"collection":[{"href":"https:\/\/influencias.do\/index.php\/wp-json\/wp\/v2\/posts"}],"about":[{"href":"https:\/\/influencias.do\/index.php\/wp-json\/wp\/v2\/types\/post"}],"author":[{"embeddable":true,"href":"https:\/\/influencias.do\/index.php\/wp-json\/wp\/v2\/users\/1"}],"replies":[{"embeddable":true,"href":"https:\/\/influencias.do\/index.php\/wp-json\/wp\/v2\/comments?post=46017"}],"version-history":[{"count":2,"href":"https:\/\/influencias.do\/index.php\/wp-json\/wp\/v2\/posts\/46017\/revisions"}],"predecessor-version":[{"id":46028,"href":"https:\/\/influencias.do\/index.php\/wp-json\/wp\/v2\/posts\/46017\/revisions\/46028"}],"wp:featuredmedia":[{"embeddable":true,"href":"https:\/\/influencias.do\/index.php\/wp-json\/wp\/v2\/media\/46019"}],"wp:attachment":[{"href":"https:\/\/influencias.do\/index.php\/wp-json\/wp\/v2\/media?parent=46017"}],"wp:term":[{"taxonomy":"category","embeddable":true,"href":"https:\/\/influencias.do\/index.php\/wp-json\/wp\/v2\/categories?post=46017"},{"taxonomy":"post_tag","embeddable":true,"href":"https:\/\/influencias.do\/index.php\/wp-json\/wp\/v2\/tags?post=46017"}],"curies":[{"name":"wp","href":"https:\/\/api.w.org\/{rel}","templated":true}]}}