{"id":4543,"date":"2023-03-04T08:30:00","date_gmt":"2023-03-04T12:30:00","guid":{"rendered":"https:\/\/influencias.do\/?p=4543"},"modified":"2023-03-04T08:30:00","modified_gmt":"2023-03-04T12:30:00","slug":"apresan-hombre-captado-en-video-sacando-de-manera-violenta-a-su-hija-de-centro-de-educativo-en-nagua","status":"publish","type":"post","link":"https:\/\/influencias.do\/index.php\/2023\/03\/04\/apresan-hombre-captado-en-video-sacando-de-manera-violenta-a-su-hija-de-centro-de-educativo-en-nagua\/","title":{"rendered":"Apresan hombre captado en video sacando de manera violenta a su hija de centro de educativo en Nagua"},"content":{"rendered":"\n<p>Agentes policiales, adscritos a la Direcci\u00f3n Especializada de Atenci\u00f3n a la Mujer y Violencia Intrafamiliar (DEAMVI), apresaron a un hombre que hace varios d\u00edas fue captado en video sacando de forma agresiva a su hija de la escuela donde ella estudia, en un hecho ocurrido en el municipio de Nagua, provincia Mar\u00eda Trinidad S\u00e1nchez.<\/p>\n\n\n\n<p>Se trata de \u00c1ngel Manuel Vargas S\u00e1nchez, quien fue detenido mediante la orden de arresto No.00163-2023, emitida por la jueza de servicios de Atenci\u00f3n Permanente del Distrito Judicial Mar\u00eda Trinidad S\u00e1nchez, por presunta violaci\u00f3n a los art\u00edculos 12, 396-A-B y 397 de la ley 136-03, en perjuicio de su hija menor de 11 a\u00f1os.<\/p>\n\n\n\n<p>El apresamiento fue motivado a un video que circula por las redes sociales y otros medios de comunicaci\u00f3n, en el que se puede observar al hoy detenido penetrar de forma violenta al plantel escolar donde se encontraba la menor ensayando para una actividad patria que se celebrar\u00eda en ese centro educativo.<\/p>\n\n\n\n<p>Agrega el reporte que el detenido, al no estar de acuerdo con la participaci\u00f3n de su hija, entr\u00f3 al plantel y procedi\u00f3 a agredirla de manera f\u00edsica y verbal, incluso al final extremo de destruirle la camisa que ella llevaba puesta, todo esto en presencia del personal docente y los compa\u00f1eros de clases.<\/p>\n\n\n\n<p>El detenido ser\u00e1 puesto bajo control del Ministerio P\u00fablico, para los fines legales correspondientes.<\/p>\n","protected":false},"excerpt":{"rendered":"<p>Agentes policiales, adscritos a la Direcci\u00f3n Especializada de Atenci\u00f3n a la Mujer y Violencia Intrafamiliar (DEAMVI), apresaron a un hombre que hace varios d\u00edas fue captado en video sacando de forma agresiva a su hija de la escuela donde ella estudia, en un hecho ocurrido en el municipio de Nagua, provincia Mar\u00eda Trinidad S\u00e1nchez. Se [&hellip;]<\/p>\n","protected":false},"author":2,"featured_media":4267,"comment_status":"open","ping_status":"open","sticky":false,"template":"","format":"standard","meta":{"_bbp_topic_count":0,"_bbp_reply_count":0,"_bbp_total_topic_count":0,"_bbp_total_reply_count":0,"_bbp_voice_count":0,"_bbp_anonymous_reply_count":0,"_bbp_topic_count_hidden":0,"_bbp_reply_count_hidden":0,"_bbp_forum_subforum_count":0,"content-type":"","iawp_total_views":0,"footnotes":""},"categories":[105],"tags":[2054,600,740],"class_list":{"0":"post-4543","1":"post","2":"type-post","3":"status-publish","4":"format-standard","5":"has-post-thumbnail","7":"category-nacionales","8":"tag-nagua","9":"tag-policia-nacional","10":"tag-violencia"},"_links":{"self":[{"href":"https:\/\/influencias.do\/index.php\/wp-json\/wp\/v2\/posts\/4543","targetHints":{"allow":["GET"]}}],"collection":[{"href":"https:\/\/influencias.do\/index.php\/wp-json\/wp\/v2\/posts"}],"about":[{"href":"https:\/\/influencias.do\/index.php\/wp-json\/wp\/v2\/types\/post"}],"author":[{"embeddable":true,"href":"https:\/\/influencias.do\/index.php\/wp-json\/wp\/v2\/users\/2"}],"replies":[{"embeddable":true,"href":"https:\/\/influencias.do\/index.php\/wp-json\/wp\/v2\/comments?post=4543"}],"version-history":[{"count":0,"href":"https:\/\/influencias.do\/index.php\/wp-json\/wp\/v2\/posts\/4543\/revisions"}],"wp:featuredmedia":[{"embeddable":true,"href":"https:\/\/influencias.do\/index.php\/wp-json\/"}],"wp:attachment":[{"href":"https:\/\/influencias.do\/index.php\/wp-json\/wp\/v2\/media?parent=4543"}],"wp:term":[{"taxonomy":"category","embeddable":true,"href":"https:\/\/influencias.do\/index.php\/wp-json\/wp\/v2\/categories?post=4543"},{"taxonomy":"post_tag","embeddable":true,"href":"https:\/\/influencias.do\/index.php\/wp-json\/wp\/v2\/tags?post=4543"}],"curies":[{"name":"wp","href":"https:\/\/api.w.org\/{rel}","templated":true}]}}